{"id":100885,"date":"2017-10-30T12:00:46","date_gmt":"2017-10-30T12:00:46","guid":{"rendered":"https:\/\/www.transcend.org\/tms\/?p=100885"},"modified":"2017-11-06T12:26:31","modified_gmt":"2017-11-06T12:26:31","slug":"catala-una-estrategia-noviolenta-per-acabar-amb-la-violencia-i-evitar-lextincio-humana","status":"publish","type":"post","link":"https:\/\/www.transcend.org\/tms\/2017\/10\/catala-una-estrategia-noviolenta-per-acabar-amb-la-violencia-i-evitar-lextincio-humana\/","title":{"rendered":"(Catal\u00e0) Una estrat\u00e8gia noviolenta per acabar amb la viol\u00e8ncia i evitar l\u2019extinci\u00f3 humana"},"content":{"rendered":"<div id=\"attachment_100877\" style=\"width: 410px\" class=\"wp-caption aligncenter\"><a href=\"https:\/\/www.transcend.org\/tms\/wp-content\/uploads\/2017\/10\/mandala-india-con-mujer-720x540.jpg\" ><img loading=\"lazy\" decoding=\"async\" aria-describedby=\"caption-attachment-100877\" class=\"wp-image-100877\" src=\"https:\/\/www.transcend.org\/tms\/wp-content\/uploads\/2017\/10\/mandala-india-con-mujer-720x540.jpg\" alt=\"\" width=\"400\" height=\"300\" srcset=\"https:\/\/www.transcend.org\/tms\/wp-content\/uploads\/2017\/10\/mandala-india-con-mujer-720x540.jpg 720w, https:\/\/www.transcend.org\/tms\/wp-content\/uploads\/2017\/10\/mandala-india-con-mujer-720x540-300x225.jpg 300w\" sizes=\"auto, (max-width: 400px) 100vw, 400px\" \/><\/a><p id=\"caption-attachment-100877\" class=\"wp-caption-text\">(Imatge de xarxes socials)<\/p><\/div>\n<p><em>25 octubre 2017 &#8211; <\/em>A tot el m\u00f3n, els activistes que s\u00f3n pensadors estrat\u00e8gics s\u2019enfronten a un desafiament aclaparant per abordar efica\u00e7ment la multitud de conflictes violents, inclosa l\u2019amena\u00e7a d\u2019extinci\u00f3 humana, que enfronta la societat humana a principis del segle XXI.<\/p>\n<p>Vaig escriure que \u201cels activistes que s\u00f3n pensadors estrat\u00e8gics s\u2019enfronten a un repte aclaparant\u201d perqu\u00e8 no t\u00e9 sentit enganyar-nos a nosaltres mateixos que l\u2019elit global dement -vegi \u201c<a target=\"_blank\" href=\"http:\/\/www.pravdareport.com\/opinion\/columnists\/06-02-2014\/126767-global_elite-0\/\" >L\u2019elit global est\u00e0 dement<\/a>\u201d \u2013 amb les seves organitzacions internacionals conformes (com l\u2019ONU) i els governs nacionals seguint ordres segons les instruccions, va a respondre de manera apropiada i poderosa a la crisi multifac\u00e8tica que ha anat generant progressivament des de molt abans de la revoluci\u00f3 industrial.<\/p>\n<p>Per raons que s\u2019expliquen psicol\u00f2gicament amb facilitat \u2013vegi \u2018<a target=\"_blank\" href=\"http:\/\/www.scoop.co.nz\/stories\/HL1305\/S00186\/love-denied-the-psychology-of-materialism-violence-and-war.htm\/\" >Amor negat: la psicologia del materialisme, la viol\u00e8ncia i la guerra<\/a>\u2018 i, per a m\u00e9s detalls, vegi \u2018<a target=\"_blank\" href=\"http:\/\/tinyurl.com\/whyviolence\" >Per qu\u00e8 viol\u00e8ncia?<\/a>\u2019 i \u2018<a target=\"_blank\" href=\"http:\/\/anitamckone.wordpress.com\/articles-2\/fearless-and-fearful-psychology\/\" >Psicologia sense por i psicologia temorosa: principis i pr\u00e0ctica<\/a>\u2018 \u2013 aquesta bogeria enfoca la seva atenci\u00f3 a assegurar el control dels recursos restants del m\u00f3n mentre margina a la major part de la poblaci\u00f3 humana en guetos, o simplement matant-los directament amb viol\u00e8ncia militar o militar (o les conseq\u00fc\u00e8ncies clim\u00e0tiques\/ecol\u00f2giques de la seva viol\u00e8ncia i explotaci\u00f3).<\/p>\n<p>Si dubta del que he escrit abans, llavors consideri la hist\u00f2ria de qualsevol canvi pol\u00edtic, social, econ\u00f2mic i ambiental progressista als \u00faltims segles i trobar\u00e0 un llarg historial de planificaci\u00f3, organitzaci\u00f3 i acci\u00f3 d\u2019activistes que precedeix a qualsevol canvi que valgui la pena i que invariablement es requeria per superar l\u2019enorme oposici\u00f3 de l\u2019elit. En resum, si es pot identificar un resultat progressista que va ser iniciat i recolzat per l\u2019elit global, em sorprendria sentir-ho.<\/p>\n<p>A m\u00e9s, no anem a sortir d\u2019aquesta crisi -que ha d\u2019incloure posar fi a la viol\u00e8ncia, l\u2019explotaci\u00f3 i la guerra, detenir la destrucci\u00f3 de la biosfera de la Terra i els continus atacs violents contra els pobles ind\u00edgenes, posar fi a l\u2019esclavitud, alliberar a pa\u00efsos ocupats com a Palestina, el Tibet i Papua Occidental, eliminar dictadures com les de Cambodja i Ar\u00e0bia Saud\u00ed, posar fi als atacs genocides com els quals actualment es dirigeixen contra el poble de Iemen i Rohingya a Myanmar, i defensar els drets d\u2019un poble, com el catal\u00e0, a separar-se d\u2019un estat i formar un altre -sense comprendre tant els grans impulsors del conflicte com els impulsors locals en cada cas, i despr\u00e9s desenvolupar i implementar estrat\u00e8gies s\u00f2lides i integrals, basades en aquesta doble an\u00e0lisi de cada conflicte.<\/p>\n<p>A m\u00e9s, si igual que Mohandas K. Gandhi, molts uns altres i jo acceptem l\u2019evid\u00e8ncia que la viol\u00e8ncia \u00e9s intr\u00ednsecament contraproduent i no t\u00e9 cap conveni\u00e8ncia compensat\u00f2ria en cap context -expressada simplement pel Reverend Martin Luther King Jr. quan va declarar que \u201cl\u2019enemic \u00e9s la viol\u00e8ncia\u201d \u2013 llavors hem de ser prou intel\u00b7ligents, valentes i enginyosos com per comprometre\u2019ns a planificar, desenvolupar i implementar estrat\u00e8gies que siguin exclusivament noviolentes i poderoses contra opositors extraordin\u00e0riament insans i despietadament violents, com el govern dels Estats Units.<\/p>\n<p>Per\u00f2 el que \u00e9s igualment important, no obstant aix\u00f2, no \u00e9s nom\u00e9s la viol\u00e8ncia de l\u2019elit mundial el que hem d\u2019abordar si volem evitar l\u2019extinci\u00f3. Tamb\u00e9 hem de fer front a la viol\u00e8ncia que cadascun de nosaltres exercim sobre nosaltres mateixos, als nostres fills, als altres i a la Terra tamb\u00e9. I, tristament, aquesta viol\u00e8ncia pren una extraordin\u00e0ria varietat de formes que es van originar a tot tardar en la Revoluci\u00f3 Neol\u00edtica fa 12.000 anys. Vegeu \u201c<a target=\"_blank\" href=\"http:\/\/rinf.com\/alt-news\/editorials\/critique-human-society-since-neolithic-revolution\/\" >A Critique of Human Society since the Neolithic Revolution<\/a>\u201c.<\/p>\n<p><em>Tot aix\u00f2 \u00e9s possible?<\/em><\/p>\n<p>Quan em vaig interessar per primera vegada en l\u2019estrat\u00e8gia noviolenta a principis dels anys 80, vaig llegir \u00e0mpliament. Vaig buscar particularment la literatura sobre la no-viol\u00e8ncia per\u00f2, a mesura que el meu inter\u00e8s s\u2019aprofundia i vaig tractar d\u2019aplicar el que estava llegint en la literatura sobre la no-viol\u00e8ncia a les moltes campanyes d\u2019acci\u00f3 no violenta en les quals estava involucrat, vaig seguir notant com eren d\u2019inadequades en realitat aquestes anomenades \u2018estrat\u00e8gies\u2019 en la literatura, en gran part perqu\u00e8 no explicaven exactament qu\u00e8 fer, encara que suposadament ho feien superficialment oferint \u2018principis\u2019, \u2018directrius\u2019, conjunts de t\u00e0ctiques o fins i tot \u2018etapes d\u2019una campanya\u2019.<\/p>\n<p>Vaig trobar aquesta defici\u00e8ncia en la literatura m\u00e9s instructiva i, a causa que em comprometo a tenir \u00e8xit quan participo com a activista noviolent, vaig comen\u00e7ar a llegir l\u2019obra de Mohandas K. Gandhi i fins i tot la literatura sobre estrat\u00e8gia militar. A mitjans dels 80 vaig decidir investigar i escriure un llibre sobre estrat\u00e8gia no violenta perqu\u00e8, per llavors, m\u2019havia adonat que l\u2019individu que entenia l\u2019estrat\u00e8gia, ja fos noviolenta o militar, era extrany.<\/p>\n<p>A m\u00e9s, hi havia moltes concepcions d\u2019estrat\u00e8gia militar, escrites al llarg de m\u00e9s de 2.000 anys, i un nombre creixent de concepcions del que es presentava com a \u201cestrat\u00e8gia no violenta\u201d, d\u2019una forma o una altra, estaven arribant a estar disponibles a mesura que avan\u00e7ava la d\u00e8cada de 1980. Per\u00f2 les falles en aquests aspectes eren cada vegada m\u00e9s evidents per a mi, ja que considerava els seus inadequats fonaments te\u00f2rics o vaig tractar d\u2019aplicar-los en campanyes d\u2019acci\u00f3 no violenta.<\/p>\n<p>Com m\u00e9s lluitava amb aquest problema, m\u00e9s em trobava llegint \u2018<a target=\"_blank\" href=\"http:\/\/www.gandhiashramsevagram.org\/gandhi-literature\/collected-works-of-mahatma-gandhi-volume-1-to-98.php\" >La col\u00b7lecci\u00f3 d\u2019obres de Mahatma Gandhi<\/a>\u2018 en el soterrani d\u2019una biblioteca. Despr\u00e9s de tot, Gandhi havia dirigit amb \u00e8xit una reeixida lluita de 30 anys d\u2019alliberament no violent per posar fi a l\u2019ocupaci\u00f3 brit\u00e0nica de l\u2019\u00cdndia, per la qual cosa tenia sentit que tingu\u00e9s una visi\u00f3 considerable de l\u2019estrat\u00e8gia. Desafortunadament, mai ho va escriure en un sol lloc.<\/p>\n<p>Un problema complicat per\u00f2 relacionat va ser que entre els autors militars que professaven presentar alguna versi\u00f3 de la \u201cteoria estrat\u00e8gica\u201d, en realitat, la majoria d\u2019ells simplement presentaven un enfocament de la planificaci\u00f3 estrat\u00e8gica (com l\u2019\u00fas d\u2019un conjunt de principis o un patr\u00f3 operatiu particular) o una teoria d\u2019estrat\u00e8gia incompleta (com la \u201cteoria mar\u00edtima\u201d, la \u201cteoria de l\u2019aire\u201d o la \u201cteoria de la guerrilla\u201d) i (sovint inconscientment) els feien passar per \u201cteoria estrat\u00e8gica\u201d, la qual cosa no s\u00f3n. I va anar nom\u00e9s quan vaig llegir el llibre Sobre la Guerra de Carl von Clausewitz, exasperadament enrevessat i tortuosament llarg, que vaig comen\u00e7ar a comprendre plenament la teoria estrat\u00e8gica. Aix\u00f2 es deu al fet que Clausewitz realment va presentar (no de forma senzilla, m\u2019apresso a admetre-ho) una teoria estrat\u00e8gica i despr\u00e9s una estrat\u00e8gia militar que va funcionar d\u2019acord amb la seva teoria estrat\u00e8gica. Podria aquesta teoria estrat\u00e8gica servir per guiar una estrat\u00e8gia no violenta?, em preguntava.<\/p>\n<p>Sorprenentment, com m\u00e9s llegia a Gandhi (i ho comparava amb altres activistes i erudits en el camp), m\u00e9s m\u2019adonava que Gandhi era l\u2019\u00fanic estratega no violent que entenia (intu\u00eftivament) la teoria estrat\u00e8gica. Encara que, per ser justos, va anar un estratega militar incre\u00efblement extrany qui va entendre la teoria estrat\u00e8gica amb Mao Zedong com una notable excepci\u00f3 i altres estrategues marxistes com Vladimir Lenin i V\u00f5 Nguy\u00ean Gi\u00e1p, entenent molt m\u00e9s que els estrategues militars occidentals, ra\u00f3 per la qual, per exemple, Estats Units i els seus aliats van ser derrotats en la seva guerra contra Vietnam, Laos i Cambodja.<\/p>\n<p>Alguns anys m\u00e9s tard, despr\u00e9s de bregar extensament amb aquest problema d\u2019usar la teoria estrat\u00e8gica per guiar l\u2019estrat\u00e8gia noviolenta i llegir molt m\u00e9s sobre Gandhi, mentre estudiava moltes lluites noviolentes i participava jo mateix en moltes campanyes noviolentes, vaig escriure <em><a target=\"_blank\" href=\"http:\/\/www.sunypress.edu\/p-2176-the-strategy-of-nonviolent-defe.aspx\" >L\u2019estrat\u00e8gia de defensa noviolenta: Un enfocament gandhi\u00e0<\/a><\/em>. Vaig escriure aquest llibre sintetitzant el treball de Gandhi amb algunes idees modificades de Clausewitz i aprenent les meves pr\u00f2pies extretes de l\u2019experi\u00e8ncia i l\u2019estudi que acabo d\u2019esmentar. Recentment he simplificat i resumit la presentaci\u00f3 d\u2019aquest llibre en dos llocs web: <a target=\"_blank\" href=\"https:\/\/nonviolentstrategy.wordpress.com\/\" >Estrat\u00e8gia de Campaya Noviolenta<\/a> i <a target=\"_blank\" href=\"https:\/\/nonviolentliberationstrategy.wordpress.com\/\" >Estrat\u00e8gia de Defensa Noviolenta\/Estrat\u00e8gia d\u2019Alliberament<\/a>.<\/p>\n<p>Permetin-me esbossar, molt senzillament, una estrat\u00e8gia no violenta, sense tocar la teoria estrat\u00e8gica, tal com l\u2019he desenvolupat i presentat en el llibre i en els llocs web.<\/p>\n<p><strong>Estrat\u00e8gia No Violenta<\/strong><\/p>\n<p>Es pot veure en el diagrama de la <a target=\"_blank\" href=\"https:\/\/nonviolentstrategy.wordpress.com\/strategywheel\/\" >Roda de l\u2019Estrat\u00e8gia Noviolenta <\/a>que hi ha quatre components principals de l\u2019estrat\u00e8gia al centre de la roda i vuit components de l\u2019estrat\u00e8gia que estan planificats d\u2019acord amb aquests quatre components centrals. Descriur\u00e9 breument els quatre components principals.<\/p>\n<p>Abans de fer-ho, no obstant aix\u00f2, val la pena assenyalar que, en usar aquesta Roda Estrat\u00e8gica No Violenta, \u00e9s una tasca senzilla analitzar per qu\u00e8 fracassen tants moviments activistes i lluites d\u2019alliberament (no violentes): simplement no entenen la necessitat de planificar i implementar una estrat\u00e8gia integral que inclogui els dotze components, si es vol tenir \u00e8xit.<\/p>\n<p>Aix\u00ed doncs, per triar alguns exemples gaireb\u00e9 a l\u2019atzar, malgrat el substancial (i de vegades generalitzat) suport popular, particularment en alguns pa\u00efsos, el moviment contra la guerra, el moviment per la just\u00edcia clim\u00e0tica i les lluites d\u2019alliberament palest\u00ed i tibetana manquen cadascun d\u2019una estrat\u00e8gia integral per desplegar els seus recursos amb finalitats estrat\u00e8giques i, per tant, *languidecen en lloc de precipitar els resultats als quals aspiren, que s\u00f3n molt possibles.<\/p>\n<p>Havent dit que una estrat\u00e8gia s\u00f2lida i comprensiva ha de parar esment als dotze components de l\u2019estrat\u00e8gia, \u00e9s molt ocasionalment cert que les campanyes tenen \u00e8xit sense fer-ho. Aix\u00f2 simplement demostra que la noviolencia, en si mateixa, \u00e9s extraordin\u00e0riament poderosa. Per\u00f2 no \u00e9s prudent dependre nom\u00e9s del poder de la noviolencia, sense planejar i posar en pr\u00e0ctica una estrat\u00e8gia integral, especialment quan s\u2019est\u00e0 enfrontant a un oponent poder\u00f3s i atrinxerat que t\u00e9 molt que perdre (encara que la seva concepci\u00f3 del que creuen que \u201cperdran\u201d \u00e9s il\u00b7lus\u00f2ria) i pot ser despietadament violenta si se\u2019ls desafia.<\/p>\n<p>A l\u2019efecte d\u2019aquest article, el terme estrat\u00e8gia es refereix a una s\u00e8rie d\u2019accions planificades (incloses les campanyes) dissenyades per aconseguir els dos objectius estrat\u00e8gics (vegeu m\u00e9s endavant).<\/p>\n<p><strong>El prop\u00f2sit pol\u00edtic i les exig\u00e8ncies pol\u00edtiques<\/strong><\/p>\n<p>Si vost\u00e8 va a dur a terme una lluita noviolenta, ja sigui per aconseguir un resultat de pau, medi ambient o just\u00edcia social, o fins i tot un resultat de defensa o alliberament, el millor lloc per comen\u00e7ar \u00e9s definir el prop\u00f2sit pol\u00edtic de la seva lluita. El prop\u00f2sit pol\u00edtic \u00e9s una declaraci\u00f3 de \u201cel que vols\u201d. Per exemple, aix\u00f2 podria ser un dels seg\u00fcents (encara que hi ha moltes possibilitats depenent del context):<\/p>\n<ul>\n<li>Assegurar un tractat que reconegui la sobirania ind\u00edgena entre [nom del poble ind\u00edgena] i la poblaci\u00f3 de colones en [nom de la terra\/pa\u00eds] sobre l\u2019\u00e0rea coneguda com [nom de la terra\/pa\u00eds].<\/li>\n<li>Detenir la viol\u00e8ncia contra [nens i\/o dones] en[nom de la ciutat\/ciutat\/estat\/pa\u00eds].<\/li>\n<li>Posar fi a la discriminaci\u00f3 i viol\u00e8ncia contra la minoria racial\/religiosa de [nom del grup] en [nom de la ciutat\/ciutat\/estat\/pa\u00eds].<\/li>\n<li>Posar fi a la destrucci\u00f3 de boscos en [la seva \u00e0rea\/pa\u00eds\/regi\u00f3\/zona especificada].<\/li>\n<li>Posar fi a les activitats que destrueixen el clima en [nom de la ciutat\/ciutat\/estat\/pa\u00eds].<\/li>\n<li>Detenir la producci\u00f3 militar per [nom de l\u2019empresa armament\u00edstica] en [nom de la ciutat\/ciutat\/estat\/pa\u00eds].<\/li>\n<li>Prevenir\/detenir [nom de l\u2019empresa] que explota el [nom del recurs de combustible f\u00f2ssil].<\/li>\n<li>Defensar [nom del pa\u00eds] contra el cop pol\u00edtic\/militar de [identitat dels colpistes].<\/li>\n<li>Defensar [nom del pa\u00eds] contra la invasi\u00f3 militar estrangera per [nom del pa\u00eds invasor].<\/li>\n<li>Defensar el [nom del grup objectiu] contra l\u2019atac genocida de [identitat de l\u2019entitat genocida].<\/li>\n<li>Establir l\u2019entitat\/estat independent de [nom de l\u2019entitat\/estat proposat] eliminant l\u2019Estat ocupant estranger de [nom de l\u2019Estat ocupant].<\/li>\n<li>Establir un estat democr\u00e0tic en [nom del pa\u00eds] eliminant la dictadura.<\/li>\n<\/ul>\n<p>Aquest prop\u00f2sit pol\u00edtic \u201c\u00e0ncora\u201d la seva campanya: li diu a la gent el que li preocupa perqu\u00e8 pugui identificar clarament aliats, oponents i tercers. El seu prop\u00f2sit pol\u00edtic \u00e9s una declaraci\u00f3 del que haur\u00e0 aconseguit quan hagi completat amb \u00e8xit la seva estrat\u00e8gia.<\/p>\n<p>En la pr\u00e0ctica, el seu prop\u00f2sit pol\u00edtic pot ser publicitat en forma d\u2019un programa pol\u00edtic o com una llista de demandes. Vost\u00e8 pot llegir els cinc criteris que han de guiar la formulaci\u00f3 d\u2019aquestes demandes pol\u00edtiques en un dels llocs web d\u2019estrat\u00e8gia no violenta citats anteriorment.<\/p>\n<p><strong>L\u2019avaluaci\u00f3 pol\u00edtica i estrat\u00e8gica<\/strong><\/p>\n<p><strong>La planificaci\u00f3 estrat\u00e8gica requereix una avaluaci\u00f3 pol\u00edtica i estrat\u00e8gica precisa i exhaustiva<\/strong> (encara que l\u2019avaluaci\u00f3 en curs permetr\u00e0 afinar aquesta avaluaci\u00f3 si sorgeix nova informaci\u00f3 durant l\u2019aplicaci\u00f3 de l\u2019estrat\u00e8gia).<\/p>\n<p>En ess\u00e8ncia, aquesta avaluaci\u00f3 pol\u00edtica i estrat\u00e8gica requereix quatre coses. En particular, aix\u00f2 inclou el coneixement dels detalls vitals sobre el tema (per exemple, per qu\u00e8 ha ocorregut? qui es beneficia d\u2019aix\u00f2? com, precisament, es beneficien? qui \u00e9s explotat?) i una an\u00e0lisi i comprensi\u00f3 estructural de les causes subjacents, incloent una consci\u00e8ncia dels imperatius emocionals profunds (especialment la por) i culturals que existeixen en les ments d\u2019aquells individus (i les seves organitzacions) que s\u2019involucren en el comportament destructiu.<\/p>\n<p>Aix\u00ed que, per exemple, si no comprens, precisament, la qual cosa cadascun dels teus varis grups d\u2019oponents tem perdre\/sofrir (sigui o no aquest temor racional), no pots dissenyar la teva estrat\u00e8gia prenent en compte aquest coneixement vital perqu\u00e8 puguis mitigar la seva por de manera efectiva i alliberar la seva ment per considerar alternatives reflexives. \u00c9s una estrat\u00e8gia pobra (i contr\u00e0riament a l\u2019ess\u00e8ncia de la no-viol\u00e8ncia de *Gandhi) refor\u00e7ar la por del teu oponent i tancar-ho en una reacci\u00f3 defensiva.<\/p>\n<p><strong>Objectius estrat\u00e8gics i metes estrat\u00e8giques<\/strong><\/p>\n<p>Havent definit el seu prop\u00f2sit pol\u00edtic, \u00e9s f\u00e0cil identificar els dos objectius estrat\u00e8gics de la seva lluita. Aix\u00f2 es deu al fet que cada campanya o lluita d\u2019alliberament t\u00e9 dos objectius estrat\u00e8gics i sempre s\u00f3n els mateixos:<\/p>\n<ol>\n<li>Augmentar el suport a la seva campanya desenvolupant una xarxa de grups que puguin ajudar-li.<\/li>\n<li>Alterar la voluntat i soscavar el poder dels grups que recolzen el problema.<\/li>\n<\/ol>\n<p>Ara nom\u00e9s ha de definir els seus objectius estrat\u00e8gics tant per mobilitzar el suport a la seva campanya com per soscavar el suport al problema. Des de la seva avaluaci\u00f3 pol\u00edtica i estrat\u00e8gica:<\/p>\n<ol>\n<li>Identificar els grups socials clau que poden mobilitzar-se per recolzar i participar en la seva estrat\u00e8gia (i despr\u00e9s escriure aquests grups en les \u201cbombolles\u201d del costat esquerre del diagrama d\u2019estrat\u00e8gia de campanya que es poden descarregar dels llocs web de l\u2019estrat\u00e8gia), i<\/li>\n<li>Identificar els grups socials clau (corporaci\u00f3\/\u00e9s, policia\/militar, govern, treballadors, consumidors, etc.) el suport dels quals per al problema (per exemple, la cat\u00e0strofe clim\u00e0tica, la guerra, la discriminaci\u00f3\/viol\u00e8ncia contra un grup en particular, la destrucci\u00f3 forestal, l\u2019extracci\u00f3 de recursos, el genocidi, l\u2019ocupaci\u00f3) \u00e9s vital (i despr\u00e9s escriure aquests grups en les columnes del costat dret del diagrama de l\u2019estrat\u00e8gia de campanya).<\/li>\n<\/ol>\n<p>Aquests grups socials clau es converteixen en els objectius principals de la seva campanya. Per tant, el conjunt derivat de metes estrat\u00e8giques espec\u00edfiques, que s\u00f3n \u00faniques per a la seva campanya, han de ser elaborades i escrites d\u2019acord amb la f\u00f3rmula explicada en l\u2019article \u2018<a target=\"_blank\" href=\"https:\/\/nonviolentstrategy.wordpress.com\/articles\/political-objective-strategic-goal\/\" >L\u2019Objectiu Pol\u00edtic i la Meta Estrat\u00e8gica de les Accions No Violentes<\/a>\u2018. \u00c9s a dir: \u201cCausar que un [grup espec\u00edfic de persones] actu\u00ef de la manera [especificada].<\/p>\n<p>Com el t\u00edtol d\u2019aquest article suggereix, tamb\u00e9 explica la distinci\u00f3 vital entre l\u2019objectiu pol\u00edtic i la meta estrat\u00e8gica de qualsevol acci\u00f3 no violenta. Aquesta distinci\u00f3 rares vegades es compr\u00e8n i aplica, i explica per qu\u00e8 la majoria de les \u201caccions directes\u201d no tenen un impacte estrat\u00e8gic.<\/p>\n<p>Vost\u00e8 pot llegir els conjunts apropiats de metes estrat\u00e8giques per posar fi a la guerra, acabar amb la cat\u00e0strofe clim\u00e0tica, posar fi a una ocupaci\u00f3 militar, eliminar una dictadura i detenir un genocidi en un o un altre d\u2019aquests dos llocs: <a target=\"_blank\" href=\"https:\/\/nonviolentliberationstrategy.wordpress.com\/strategywheel\/strategic-aims\/\" >els Objectius Estrat\u00e8gics de la Campanya Noviolenta i els Objectius Estrat\u00e8gics de la Defensa Noviolenta\/Alliberament.<\/a><\/p>\n<p><strong>La concepci\u00f3 de la no viol\u00e8ncia<\/strong><\/p>\n<p>Hi ha quatre concepcions prim\u00e0ries de la noviolencia que han estat il\u00b7lustrades en la <a target=\"_blank\" href=\"https:\/\/nonviolentstrategy.wordpress.com\/strategywheel\/conception-of-nonviolence\/\" >Matriu de la noviolencia.<\/a> A causa d\u2019aix\u00f2, el seu pla estrat\u00e8gic hauria de:<\/p>\n<ol>\n<li>Identificar la concepci\u00f3 particular de la no viol\u00e8ncia que la seva campanya utilitzar\u00e0;<\/li>\n<li>identificar les formes espec\u00edfiques en qu\u00e8 el seu comprom\u00eds amb la noviolencia ser\u00e0 transm\u00e8s a totes les parts perqu\u00e8 els beneficis d\u2019adoptar una estrat\u00e8gia noviolenta siguin maximitzats; i<\/li>\n<li>Identificar com es desenvolupar\u00e0 el nivell de disciplina requerit per implementar la seva estrat\u00e8gia no violenta. Aix\u00f2 inclou definir els \u201cacords d\u2019acci\u00f3\u201d (codi de disciplina no violenta) que guiaran el comportament activista.<\/li>\n<\/ol>\n<p>\u00c9s important prendre una decisi\u00f3 estrat\u00e8gica deliberada pel que fa a la concepci\u00f3 de la noviolencia que sustentar\u00e0 la seva estrat\u00e8gia. Si la seva intenci\u00f3 \u00e9s utilitzar el marc estrat\u00e8gic delineat aqu\u00ed, \u00e9s de vital import\u00e0ncia recon\u00e8ixer que aquest marc es basa en la concepci\u00f3 Gandhiana (principada\/revolucion\u00e0ria) de la noviolencia.<\/p>\n<p>Aix\u00f2 es deu al fet que la noviolencia de Gandhi es basa en certes premisses, incloent la import\u00e0ncia de la veritat, la santedat i la unitat de tota la vida, i la unitat dels mitjans i finalitats, per la qual cosa la seva estrat\u00e8gia sempre es duu a terme dins del marc de la seva desitjada visi\u00f3 pol\u00edtica, social, econ\u00f2mica i ecol\u00f2gica per a la societat en el seu conjunt i no es limita al prop\u00f2sit de qualsevol campanya immediata. \u00c9s per aquesta ra\u00f3 que l\u2019enfocament de Gandhi cap a l\u2019estrat\u00e8gia \u00e9s tan important. Ell sempre est\u00e0 prenent en compte la fi \u00faltima de tota la lluita noviolenta \u2013 una societat justa, pac\u00edfica i ecol\u00f2gicament sostenible d\u2019\u00e9ssers humans acte-realitzats \u2013 no nom\u00e9s el resultat d\u2019aquesta campanya. Ell vol que cada campanya contribueixi a l\u2019objectiu final, no soscavar elements vitals de la lluita a llarg termini i global per crear un m\u00f3n sense viol\u00e8ncia.<\/p>\n<p>Aix\u00f2 no significa, no obstant aix\u00f2, que cada persona que participi en l\u2019estrat\u00e8gia hagi de compartir aquest comprom\u00eds; pot participar simplement perqu\u00e8 \u00e9s convenient per a ells fer-ho. Aix\u00f2 no \u00e9s un problema sempre que estiguin disposats a comprometre\u2019s amb el \u201c<a target=\"_blank\" href=\"https:\/\/nonviolentstrategy.wordpress.com\/articles\/minimizing-risk-violent-repression\/\" >codi de disciplina noviolenta<\/a>\u201d mentre participin en la campanya.<\/p>\n<p>Esperem, no obstant aix\u00f2, que la seva participaci\u00f3 sobre aquesta base nodrir\u00e0 el seu propi viatge personal per abra\u00e7ar la santedat i unitat de tota la vida perqu\u00e8, posteriorment, puguin participar m\u00e9s plenament en la co-creaci\u00f3 d\u2019un m\u00f3n noviolent.<\/p>\n<p><strong>Altres components de l\u2019estrat\u00e8gia<\/strong><\/p>\n<p>Una vegada que hagi identificat el prop\u00f2sit pol\u00edtic, els objectius estrat\u00e8gics i la concepci\u00f3 de la noviolencia que guiar\u00e0 la seva lluita, i hagi empr\u00e8s una avaluaci\u00f3 pol\u00edtica i estrat\u00e8gica exhaustiva, vost\u00e8 \u00e9s lliure de considerar els altres components de la seva estrat\u00e8gia: organitzaci\u00f3, lideratge, comunicaci\u00f3, preparaci\u00f3, programa constructiu, marc de temps estrat\u00e8gic, t\u00e0ctiques i manteniment de la pau, i avaluaci\u00f3.<\/p>\n<p>Per exemple, un component vital de qualsevol programa constructiu idealment inclou a cada individu viatjant en el seu propi viatge personal a l\u2019acte-realitzaci\u00f3 \u2013 vegi \u2018<a target=\"_blank\" href=\"https:\/\/feelingsfirstblog.wordpress.com\/putting-feelings-first\/\" >Posant els sentiments primer\u2019 <\/a>\u2013 considerant fer \u2018<a target=\"_blank\" href=\"https:\/\/nonviolentstrategy.wordpress.com\/strategywheel\/constructive-program\/my-promise-to-children\/\" >La meva promesa als nens\u2019 <\/a>per eliminar la viol\u00e8ncia a l\u2019origen i participant en <a target=\"_blank\" href=\"http:\/\/tinyurl.com\/flametree\" >\u2018El projecte de l\u2019arbre de flames per salvar la vida a la Terra\u2019 <\/a>per preservar la biosfera de la Terra.<\/p>\n<p>Vaga dir que cadascun d\u2019aquests components de l\u2019estrat\u00e8gia tamb\u00e9 ha de planificar-se acuradament. S\u2019expliquen al seu torn en els llocs web de l\u2019estrat\u00e8gia noviolenta esmentats anteriorment.<\/p>\n<p>A m\u00e9s d\u2019aquests components, els llocs web tamb\u00e9 inclouen articles, fotos, videos, diagrames i estudis de cas que discuteixen i il\u00b7lustren molts elements essencials d\u2019una estrat\u00e8gia no violenta s\u00f2lida. Entre elles figuren el valor de l\u2019enlla\u00e7 policial\/militar, les q\u00fcestions relacionades amb la selecci\u00f3 t\u00e0ctica, la import\u00e0ncia d\u2019evitar el secret i el sabotatge, la manera de respondre a la detenci\u00f3, la forma de dur a terme el manteniment de la pau i els 20 punts que cal tenir en compte en planificar per reduir al m\u00ednim el risc d\u2019una repressi\u00f3 policial\/militar violenta quan sigui possible.<\/p>\n<p><strong>Conclusi\u00f3<\/strong><\/p>\n<p>L\u2019elit mundial i moltes altres persones estan massa boges com per \u201callunyar-se\u201d de l\u2019enorme viol\u00e8ncia que infligeixen en la vida.<\/p>\n<p>En conseq\u00fc\u00e8ncia, no anem a posar fi a la viol\u00e8ncia en totes les seves formes -inclosa la viol\u00e8ncia contra les dones, els nens, els pobles ind\u00edgenes i els treballadors, la viol\u00e8ncia contra les persones a causa de la seva ra\u00e7a o religi\u00f3, la guerra, l\u2019esclavitud, la cat\u00e0strofe clim\u00e0tica, la destrucci\u00f3 dels boscos tropicals, les ocupacions militars, les dictadures i els genocidis- i crear un m\u00f3n de pau, just\u00edcia i sostenibilitat ecol\u00f2gica per tots nosaltres sense estrat\u00e8gies s\u00f2lides i integrals noviolentas que abordin cada q\u00fcesti\u00f3 en la seva ess\u00e8ncia, complementant i refor\u00e7ant els assoliments aconseguits.<\/p>\n<p>Si vost\u00e8 desitja declarar la seva participaci\u00f3 en aquest esfor\u00e7 mundial, \u00e9s benvingut a signar el comprom\u00eds en l\u00ednia de <a target=\"_blank\" href=\"https:\/\/thepeoplesnonviolencecharter.wordpress.com\/\" >\u2018La Carta del Poble per Crear un M\u00f3n Noviolent\u2019.<\/a><\/p>\n<p>Tenint en compte la viol\u00e8ncia aclaparant que hem d\u2019afrontar, podem tenir \u00e8xit? No ho s\u00e9, per\u00f2 pretenc lluitar, estrat\u00e8gicament, fins a l\u2019\u00faltim al\u00e8. Espero que vost\u00e8 tamb\u00e9.<\/p>\n<p>______________________________________________<\/p>\n<p style=\"padding-left: 30px;\"><a href=\"https:\/\/www.transcend.org\/tms\/wp-content\/uploads\/2016\/07\/Robert-J.-Burrowes1.png\" ><img loading=\"lazy\" decoding=\"async\" class=\"alignleft size-full wp-image-76959\" src=\"https:\/\/www.transcend.org\/tms\/wp-content\/uploads\/2016\/07\/Robert-J.-Burrowes1.png\" alt=\"\" width=\"137\" height=\"212\" \/><\/a><em>Robert Burrowes, Ph.D. \u00e9s membre de la <a href=\"https:\/\/www.transcend.org\/\" >Xarxa TRANSCEND per a la Pau, el Desenvolupament i el Medi Ambient<\/a> i t\u00e9 un comprom\u00eds de vida per entendre i posar fi a la viol\u00e8ncia humana. S&#8217;ha realitzat una \u00e0mplia investigaci\u00f3 des de 1966 en un esfor\u00e7 per entendre per qu\u00e8 els \u00e9ssers humans s\u00f3n violents i ha estat un activista per la no-viol\u00e8ncia des de 1981. \u00c9s autor <a target=\"_blank\" href=\"http:\/\/tinyurl.com\/whyviolence\" >de Why Violence?<\/a> Websites: (<a target=\"_blank\" href=\"http:\/\/thepeoplesnonviolencecharter.wordpress.com\/\" >Charter<\/a>) (<a target=\"_blank\" href=\"http:\/\/tinyurl.com\/flametree\" >Flame Tree Project<\/a>) (<a target=\"_blank\" href=\"http:\/\/anitamckone.wordpress.com\/\" >Songs of Nonviolence<\/a>) (<a target=\"_blank\" href=\"https:\/\/nonviolentstrategy.wordpress.com\/\" >Nonviolent Campaign Strategy<\/a>) (<a target=\"_blank\" href=\"https:\/\/nonviolentliberationstrategy.wordpress.com\/\" >Nonviolent Defense \/ Liberation Strategy<\/a>) (<a target=\"_blank\" href=\"https:\/\/robertjburrowes.wordpress.com\/\" >Robert J. Burrowes<\/a>) (<a target=\"_blank\" href=\"https:\/\/feelingsfirstblog.wordpress.com\/\" >Feelings First<\/a>) email: <a href=\"mailto:flametree@riseup.net\">flametree@riseup.net<\/a>. <\/em><\/p>\n<p><em>Aquest article tamb\u00e9 est\u00e0 disponible a <a href=\"https:\/\/www.transcend.org\/tms\/2017\/10\/a-nonviolent-strategy-to-end-violence-and-avert-human-extinction\/\" >English<\/a>, <a href=\"https:\/\/www.transcend.org\/tms\/2017\/11\/castellano-una-estrategia-noviolenta-para-acabar-con-la-violencia-y-evitar-la-extincion-humana\/\" >Spanish<\/a><\/em><\/p>\n<p><a target=\"_blank\" href=\"https:\/\/www.pressenza.com\/ca\/2017\/10\/una-estrategia-noviolenta-per-acabar-amb-la-violencia-i-evitar-lextincio-humana\/\" >Go to Original \u2013 pressenza.com<\/a><\/p>\n","protected":false},"excerpt":{"rendered":"<p>25 octubre 2017 &#8211; A tot el m\u00f3n, els activistes que s\u00f3n pensadors estrat\u00e8gics s\u2019enfronten a un desafiament aclaparant per abordar efica\u00e7ment la multitud de conflictes violents, inclosa l\u2019amena\u00e7a d\u2019extinci\u00f3 humana, que enfronta la societat humana a principis del segle XXI. Tenint en compte la viol\u00e8ncia aclaparant que hem d\u2019afrontar, podem tenir \u00e8xit? No ho s\u00e9, per\u00f2 pretenc lluitar, estrat\u00e8gicament, fins a l\u2019\u00faltim al\u00e8. Espero que vost\u00e8 tamb\u00e9.<\/p>\n","protected":false},"author":4,"featured_media":0,"comment_status":"open","ping_status":"closed","sticky":false,"template":"","format":"standard","meta":{"footnotes":""},"categories":[46],"tags":[],"class_list":["post-100885","post","type-post","status-publish","format-standard","hentry","category-original-languages"],"_links":{"self":[{"href":"https:\/\/www.transcend.org\/tms\/wp-json\/wp\/v2\/posts\/100885","targetHints":{"allow":["GET"]}}],"collection":[{"href":"https:\/\/www.transcend.org\/tms\/wp-json\/wp\/v2\/posts"}],"about":[{"href":"https:\/\/www.transcend.org\/tms\/wp-json\/wp\/v2\/types\/post"}],"author":[{"embeddable":true,"href":"https:\/\/www.transcend.org\/tms\/wp-json\/wp\/v2\/users\/4"}],"replies":[{"embeddable":true,"href":"https:\/\/www.transcend.org\/tms\/wp-json\/wp\/v2\/comments?post=100885"}],"version-history":[{"count":0,"href":"https:\/\/www.transcend.org\/tms\/wp-json\/wp\/v2\/posts\/100885\/revisions"}],"wp:attachment":[{"href":"https:\/\/www.transcend.org\/tms\/wp-json\/wp\/v2\/media?parent=100885"}],"wp:term":[{"taxonomy":"category","embeddable":true,"href":"https:\/\/www.transcend.org\/tms\/wp-json\/wp\/v2\/categories?post=100885"},{"taxonomy":"post_tag","embeddable":true,"href":"https:\/\/www.transcend.org\/tms\/wp-json\/wp\/v2\/tags?post=100885"}],"curies":[{"name":"wp","href":"https:\/\/api.w.org\/{rel}","templated":true}]}}