{"id":106621,"date":"2018-02-19T12:00:28","date_gmt":"2018-02-19T12:00:28","guid":{"rendered":"https:\/\/www.transcend.org\/tms\/?p=106621"},"modified":"2018-02-13T16:03:20","modified_gmt":"2018-02-13T16:03:20","slug":"francais-les-propositions-de-varoufakis-qui-menaient-a-lechec","status":"publish","type":"post","link":"https:\/\/www.transcend.org\/tms\/2018\/02\/francais-les-propositions-de-varoufakis-qui-menaient-a-lechec\/","title":{"rendered":"(Fran\u00e7ais) Les propositions de Varoufakis qui menaient \u00e0 l\u2019\u00e9chec"},"content":{"rendered":"<blockquote><p><em>Premi\u00e8re partie<\/em><\/p><\/blockquote>\n<p><a href=\"https:\/\/www.transcend.org\/tms\/wp-content\/uploads\/2018\/02\/Adults-in-the-room-c71f6-yanis-varoufakis-cover.jpg\" ><img loading=\"lazy\" decoding=\"async\" class=\"alignright size-full wp-image-106622\" src=\"https:\/\/www.transcend.org\/tms\/wp-content\/uploads\/2018\/02\/Adults-in-the-room-c71f6-yanis-varoufakis-cover.jpg\" alt=\"\" width=\"188\" height=\"280\" \/><\/a><em>11 F\u00e9v 2018 &#8211; <\/em>Dans son dernier livre <em><a target=\"_blank\" href=\"https:\/\/livre.fnac.com\/a10408204\/Yanis-Varoufakis-Adults-in-the-room?Origin=fnac_google\" >Adults in the Room<\/a><\/em>, Yanis Varoufakis donne sa version des raisons qui ont conduit \u00e0 la capitulation honteuse du gouvernement Tsipras en juillet 2015. Il analyse essentiellement la p\u00e9riode 2009-2015 tout en faisant des incursions dans des \u00e9poques plus lointaines.<\/p>\n<p>Avec ce livre volumineux (550 pages dans la version originale en anglais), Yanis Varoufakis d\u00e9montre qu\u2019il est un grand narrateur. Il r\u00e9ussit par moment \u00e0 \u00e9mouvoir le lecteur. Son style direct permet de suivre de mani\u00e8re vivante le cours des \u00e9v\u00e8nements.<\/p>\n<p>Ce premier article porte sur les 4 premiers chapitres d\u2019un livre qui en compte 17. Il concerne les propositions que faisaient Varoufakis avant de participer au gouvernement en janvier 2015.<\/p>\n<p>De la d\u00e9monstration faite par l\u2019auteur, on peut clairement conclure que son comportement et l\u2019orientation politico-\u00e9conomique qu\u2019il a d\u00e9fendue ont contribu\u00e9 \u00e0 conduire au d\u00e9sastre. En effet, Yanis Varoufakis revendique clairement un r\u00f4le de premier plan dans l\u2019\u00e9laboration de la strat\u00e9gie qu\u2019a adopt\u00e9e <strong>avant<\/strong> la victoire \u00e9lectorale de janvier 2015 une poign\u00e9e de dirigeants de Syriza\u00a0: Alexis Tsipras, Yanis Dragasakis, Nikkos Pappas essentiellement.<\/p>\n<p>Varoufakis ne plaide pas coupable\u00a0: il est convaincu que si Tsipras avait r\u00e9ellement appliqu\u00e9 l\u2019orientation qu\u2019il lui a propos\u00e9e et que Tsipras a accept\u00e9e \u00e0 la fin 2014, cela n\u2019aurait pas d\u00e9bouch\u00e9 sur une d\u00e9faite pour le peuple grec.<\/p>\n<p>Mais, contrairement \u00e0 la conviction de Varoufakis, une lecture attentive de son livre aboutit \u00e0 la conclusion qu\u2019il a contribu\u00e9 \u00e0 la d\u00e9faite.<\/p>\n<blockquote><p><strong><em>Contrairement \u00e0 la conviction de Varoufakis, une lecture attentive de son livre aboutit \u00e0 la conclusion qu\u2019il a contribu\u00e9 \u00e0 la d\u00e9faite du peuple grec<\/em><\/strong><\/p><\/blockquote>\n<p>Varoufakis explique comment progressivement il a convaincu Tsipras, Pappas et Dragasakis de ne pas respecter l\u2019orientation adopt\u00e9e par Syriza en 2012 puis en 2014. Il explique qu\u2019il a \u00e9labor\u00e9 avec ceux-ci une nouvelle orientation qui n\u2019a pas \u00e9t\u00e9 discut\u00e9e dans Syriza et qui \u00e9tait diff\u00e9rente de celle pr\u00e9sent\u00e9e par Syriza lors de la campagne \u00e9lectorale de janvier 2015. Cette orientation conduisait au mieux \u00e0 l\u2019\u00e9chec, au pire \u00e0 la capitulation.<\/p>\n<p><strong>L\u2019orientation d\u00e9fendue par Varoufakis<\/strong><\/p>\n<p>Varoufakis r\u00e9sume le contenu de l\u2019accord qu\u2019il a pass\u00e9 avec Alexis Tsipras, Dragasakis et Pappas en novembre 2014 lors d\u2019une r\u00e9union tenue dans l\u2019appartement de Tsipras. Cette r\u00e9union avait \u00e9t\u00e9 organis\u00e9e par le trio Tsipras-Pappas-Dragasakis afin de convaincre Varoufakis d\u2019accepter de devenir ministre des Finances dans le gouvernement qui serait form\u00e9 prochainement par Syriza. <em>\u00ab\u00a0C\u2019est l\u00e0 qu\u2019Alexis m\u2019a fait une offre, tranquillement et sous le regard vigilant de Dragazakis. \u2013 Si on gagne, or il n\u2019y a plus aucun doute qu\u2019on va gagner, je voudrais que tu sois ministre des Finances.\u00a0\u00bb<\/em>\u00a0|<a target=\"_blank\" href=\"http:\/\/www.cadtm.org\/Les-propositions-de-Varoufakis-qui#nb1\" >1<\/a>|<\/p>\n<p>Varoufakis r\u00e9sume 6 mesures prioritaires qu\u2019il a propos\u00e9es \u00e0 Tsipras, Dragazakis et Pappas et que ceux-ci ont accept\u00e9es. <strong>Ces mesures impliquaient de rester dans la zone euro<\/strong>.<\/p>\n<p>Varoufakis \u00e9crit\u00a0: <em>\u00ab\u00a0j\u2019ai cru bon de r\u00e9capituler nos objectifs communs\u00a0:<\/em><\/p>\n<ul>\n<li><em>la restructuration de la <a target=\"_blank\" href=\"http:\/\/www.cadtm.org\/Dette,970\" >dette<\/a> vient en premier lieu\u00a0;<\/em><\/li>\n<li><em>deuxi\u00e8mement, exc\u00e9dent primaire ne d\u00e9passant pas 1,5\u00a0% du revenu national et pas de nouvelles mesures d\u2019aust\u00e9rit\u00e9\u00a0;<\/em><\/li>\n<li><em>troisi\u00e8mement, r\u00e9ductions d\u2019ampleur des imp\u00f4ts des soci\u00e9t\u00e9s\u00a0;<\/em><\/li>\n<li><em>quatri\u00e8mement, privatisations strat\u00e9giques avec conditions pr\u00e9servant les droits du travail et relance des investissements\u00a0;<\/em><\/li>\n<li><em>cinqui\u00e8mement, cr\u00e9ation d\u2019une banque de d\u00e9veloppement qui utiliserait les <a target=\"_blank\" href=\"http:\/\/www.cadtm.org\/Actif\" >actifs<\/a> publics restant comme caution pour g\u00e9n\u00e9rer de l\u2019investissement de l\u2019int\u00e9rieur, et dont les dividendes seraient canalis\u00e9s dans les <a target=\"_blank\" href=\"http:\/\/www.cadtm.org\/Fonds-de-pension\" >fonds de pension<\/a> publics\u00a0;<\/em><\/li>\n<li><em>sixi\u00e8mement, politique de transfert des <a target=\"_blank\" href=\"http:\/\/www.cadtm.org\/Action,1341\" >actions<\/a> et de la gestion des banques \u00e0 l\u2019UE (\u2026).<\/em><\/li>\n<\/ul>\n<p><em>Une fois de plus, ils \u00e9taient partants, encore plus convaincus\u00a0\u00bb<\/em>\u00a0|<a target=\"_blank\" href=\"http:\/\/www.cadtm.org\/Les-propositions-de-Varoufakis-qui#nb2\" >2<\/a>|.<\/p>\n<p>Varoufakis d\u00e9clare tr\u00e8s clairement que ces mesures devaient se substituer au programme de Thessalonique pr\u00e9sent\u00e9 par Tsipras en septembre 2014.<\/p>\n<p>Voici ce qu\u2019il \u00e9crit \u00e0 propos de ce programme\u00a0:<\/p>\n<ul>\n<li><em>\u00ab\u00a0\u2026, j\u2019\u00e9tais \u00e0 Austin quand j\u2019ai entendu aux informations qu\u2019Alexis avait pr\u00e9sent\u00e9 les grandes lignes de la politique \u00e9conomique de Syriza dans un discours \u00e0 Thessalonique. Surpris, je me suis procur\u00e9 le texte et je l\u2019ai lu. Une vague de naus\u00e9e et d\u2019indignation m\u2019a submerg\u00e9. Je me suis tout de suite mis au boulot. Moins d\u2019une demi-heure plus tard, j\u2019avais un article que le Premier ministre Samaras utiliserait pour fustiger Syriza devant le Parlement\u00a0: \u00ab\u00a0M\u00eame Varoufakis, votre gourou \u00e9conomique, estime que vos promesses sont bidons.\u00a0\u00bb <\/em><em>Et elles l\u2019\u00e9taient.<\/em><\/li>\n<\/ul>\n<ul>\n<li><em>Le \u00ab\u00a0Programme de Thessalonique\u00a0\u00bb (\u2026) promettait des augmentations de salaire, des subventions, des b\u00e9n\u00e9fices et des investissements qui seraient financ\u00e9s par des mannes imaginaires, ou ill\u00e9gales. Il comprenait \u00e9galement des engagements que nous ne devrions m\u00eame pas avoir \u00e0 tenir. Enfin, il allait \u00e0 l\u2019encontre de toute strat\u00e9gie de n\u00e9gociations raisonnable pour maintenir la Gr\u00e8ce dans la zone euro, tout en affirmant qu\u2019elle devait y rester. Le programme \u00e9tait tellement bancal que je n\u2019ai m\u00eame pas pris la peine de le critiquer point par point. Voil\u00e0 ce que j\u2019ai pr\u00e9f\u00e9r\u00e9 \u00e9crire\u00a0:<\/em><\/li>\n<\/ul>\n<ul>\n<li><em>\u00ab\u00a0J\u2019aurais tellement aim\u00e9 lire un autre discours de la part d\u2019Alexis Tsipras\u00a0! <\/em><em>Vous imaginez un discours qui commencerait par \u00ab\u00a0Pourquoi voter pour nous\u00a0?\u00a0\u00bb et r\u00e9pondrait, \u00ab\u00a0Parce que nous vous promettons trois choses\u00a0: du sang, de la sueur et des larmes\u00a0!\u00a0\u00bb<\/em><\/li>\n<\/ul>\n<ul>\n<li><em>Du sang, de la sueur et des larmes, voil\u00e0 ce que Churchill a promis au peuple britannique en 1940 quand il a pris la t\u00eate du gouvernement. <\/em><em>Et pourquoi\u00a0? Pour gagner la guerre.\u00a0|<a target=\"_blank\" href=\"http:\/\/www.cadtm.org\/Les-propositions-de-Varoufakis-qui#nb3\" >3<\/a>|\u00a0\u00bb<\/em><\/li>\n<\/ul>\n<p>Prendre comme r\u00e9f\u00e9rence positive W. Churchill dans une critique publique adress\u00e9e au programme de Thessalonique, c\u2019est toute une affaire. Churchill a organis\u00e9 la r\u00e9pression sanglante des manifestations et des gr\u00e8ves qui ont secou\u00e9 la Gr\u00e8ce \u00e0 la fin de l\u2019ann\u00e9e 1944 lorsque, dans le cadre des Accords de Yalta, la Grande-Bretagne a pris le contr\u00f4le du pays en r\u00e9primant les principales forces qui avaient lib\u00e9r\u00e9 le pays de l\u2019occupation nazie.<\/p>\n<div id=\"attachment_106623\" style=\"width: 510px\" class=\"wp-caption aligncenter\"><a href=\"https:\/\/www.transcend.org\/tms\/wp-content\/uploads\/2018\/02\/yanis-varoufakis.jpg\" ><img loading=\"lazy\" decoding=\"async\" aria-describedby=\"caption-attachment-106623\" class=\"wp-image-106623\" src=\"https:\/\/www.transcend.org\/tms\/wp-content\/uploads\/2018\/02\/yanis-varoufakis.jpg\" alt=\"\" width=\"500\" height=\"269\" srcset=\"https:\/\/www.transcend.org\/tms\/wp-content\/uploads\/2018\/02\/yanis-varoufakis.jpg 640w, https:\/\/www.transcend.org\/tms\/wp-content\/uploads\/2018\/02\/yanis-varoufakis-300x161.jpg 300w\" sizes=\"auto, (max-width: 500px) 100vw, 500px\" \/><\/a><p id=\"caption-attachment-106623\" class=\"wp-caption-text\">Yanis Varoufakis (CC &#8211; Flickr &#8211; Marc Lozano)<\/p><\/div>\n<p><strong>Revenons sur les mesures telles que r\u00e9sum\u00e9es par Varoufakis<\/strong><\/p>\n<ol>\n<li><strong> Restructuration de la dette<\/strong><\/li>\n<\/ol>\n<p>Varoufakis propose une restructuration de la dette sans r\u00e9duction du stock.<br \/>\nLa r\u00e9alisation de cette premi\u00e8re mesure tr\u00e8s mod\u00e9r\u00e9e d\u00e9pend en r\u00e9alit\u00e9 de la bonne volont\u00e9 de la <a target=\"_blank\" href=\"http:\/\/www.cadtm.org\/Troika,764\" >Tro\u00efka<\/a>. Il s\u2019agit d\u2019un v\u0153u pieux. <strong>Sans recourir \u00e0 une suspension de paiement, combin\u00e9e \u00e0 d\u2019autres actes unilat\u00e9raux dont la r\u00e9alisation d\u2019un audit (avec participation citoyenne)<\/strong>, il \u00e9tait impossible de contraindre les cr\u00e9anciers d\u2019accepter une v\u00e9ritable r\u00e9duction radicale de la dette. La proposition principale de Varoufakis en mati\u00e8re de restructuration de la dette s\u2019inscrit, comme il l\u2019indique lui-m\u00eame, dans la continuit\u00e9 du texte intitul\u00e9\u00a0: <em>\u00ab\u00a0Modeste Proposition pour r\u00e9soudre la crise de la zone euro\u00a0\u00bb<\/em> (<a target=\"_blank\" href=\"https:\/\/www.yanisvaroufakis.eu\/wp-content\/uploads\/2011\/12\/une-modeste-proposition-pour-surmonter-la-crise-de-leuro.pdf\" >https:\/\/www.yanisvaroufakis.eu\/wp-c&#8230;<\/a>). La r\u00e9alisation de cette proposition qui consistait \u00e0 mutualiser les dettes publiques de la zone euro aurait impliqu\u00e9 une d\u00e9cision commune des gouvernements de la zone afin de soulager les finances publiques et d\u2019abandonner des politiques d\u2019aust\u00e9rit\u00e9. C\u2019est techniquement possible, c\u2019est politiquement souhaitable du point de vue de la relance \u00e9conomique et d\u2019un nouveau contrat social n\u00e9okeyn\u00e9sien mais, malgr\u00e9 le caract\u00e8re mod\u00e9r\u00e9 de la proposition, <strong>c\u2019est totalement incompatible<\/strong> avec la politique men\u00e9e par la plupart des gouvernements concern\u00e9s. Il faut vraiment \u00eatre tr\u00e8s na\u00eff pour penser que les gouvernants en place dans la plupart des capitales europ\u00e9ennes pourraient \u00eatre favorables \u00e0 une relance keyn\u00e9sienne. Fonder une solution sur une telle hypoth\u00e8se, c\u2019est faire preuve d\u2019un manque total de conscience des rapports de force et des motivations des dirigeants europ\u00e9ens.<\/p>\n<blockquote><p><strong><em>Toute la proposition de Varoufakis en mati\u00e8re de dette \u00e9tait et est inacceptable d\u2019un point de vue de gauche car elle supposait d\u2019\u00e9carter tout d\u00e9bat sur la l\u00e9galit\u00e9 et la l\u00e9gitimit\u00e9 des dettes r\u00e9clam\u00e9es \u00e0 la Gr\u00e8ce<\/em><\/strong><\/p><\/blockquote>\n<p>La derni\u00e8re version propos\u00e9e par Varoufakis fin 2014-2015 impliquait les orientations suivantes en mati\u00e8re de dettes\u00a0: ne pas remettre en cause et ne pas r\u00e9duire la dette due au <a target=\"_blank\" href=\"http:\/\/www.cadtm.org\/FMI,786\" >FMI<\/a> et aux cr\u00e9anciers priv\u00e9s, et arriver \u00e0 un arrangement avec les partenaires europ\u00e9ens sur les points suivants\u00a0:<br \/>\n1. <em>\u00ab\u00a0le gouvernement \u00e9mettrait des <a target=\"_blank\" href=\"http:\/\/www.cadtm.org\/Oligations\" >obligations<\/a> perp\u00e9tuelles, <strong>qui auraient la m\u00eame valeur nominale<\/strong> que les obligations appartenant \u00e0 la <a target=\"_blank\" href=\"http:\/\/www.cadtm.org\/BCE\" >BCE<\/a>, avec un <a target=\"_blank\" href=\"http:\/\/www.cadtm.org\/Taux-d-interet\" >taux d\u2019int\u00e9r\u00eat<\/a> faible, mais sans date de maturit\u00e9 ni d\u2019expiration.\u00a0\u00bb<\/em>\u00a0;<br \/>\n2. <em>\u00ab\u00a0les dettes obligataires du fonds europ\u00e9en de renflouement seraient \u00e9chang\u00e9es contre de nouvelles obligations du gouvernement grec de trente ans, <strong>l\u00e0 encore ayant la m\u00eame valeur que la dette existante (donc pas de d\u00e9cote formelle)<\/strong>, mais avec deux conditions\u00a0: d\u2019abord, les remboursements annuels devaient \u00eatre suspendus jusqu\u2019\u00e0 ce que le revenu du pays ait atteint un certain seuil\u00a0; deuxi\u00e8mement, le taux d\u2019int\u00e9r\u00eat serait li\u00e9 aux taux de croissance de l\u2019\u00e9conomie grecque\u00a0\u00bb<\/em>\u00a0|<a target=\"_blank\" href=\"http:\/\/www.cadtm.org\/Les-propositions-de-Varoufakis-qui#nb4\" >4<\/a>|.<\/p>\n<p><strong>Commentaire\u00a0:<\/strong> Ces deux propositions \u00e9taient tout autant irr\u00e9alisables du point de vue politique que la mutualisation des dettes.<\/p>\n<p>En outre, toute la proposition de Varoufakis en mati\u00e8re de dette \u00e9tait et est inacceptable d\u2019un point de vue de gauche car elle supposait d\u2019\u00e9carter tout d\u00e9bat sur la l\u00e9galit\u00e9 et la l\u00e9gitimit\u00e9 des dettes r\u00e9clam\u00e9es \u00e0 la Gr\u00e8ce. La proposition Varoufakis s\u2019opposait frontalement \u00e0 l\u2019orientation adopt\u00e9e par Syriza en 2012\u00a0: la suspension unilat\u00e9rale du paiement de la dette et la r\u00e9alisation d\u2019un audit de celle-ci (je reviendrai l\u00e0-dessus plus loin). Par ailleurs, et c\u2019est important, dans sa proposition, Varoufakis n\u2019inclut pas explicitement l\u2019abandon des conditionnalit\u00e9s impos\u00e9es par les cr\u00e9anciers.<\/p>\n<p>Varoufakis explique lui-m\u00eame que sa proposition est hyper mod\u00e9r\u00e9e\u00a0:<\/p>\n<ul>\n<li><em>\u00ab\u00a0Il s\u2019agissait de mesures mod\u00e9r\u00e9es et politiquement acceptables pour les cr\u00e9anciers puisqu\u2019elles ne comprenaient aucune d\u00e9cote directe. Vis-\u00e0-vis du public et des investisseurs potentiels, c\u2019\u00e9tait \u00e9galement le signe que l\u2019UE accepterait d\u2019avoir sinon le beau r\u00f4le, du moins un r\u00f4le nouveau\u00a0: non plus le cr\u00e9ancier impitoyable d\u2019un \u00c9tat insolvable, mais le partenaire de la croissance de la Gr\u00e8ce puisque les remboursements de ce pays seraient proportionnels \u00e0 l\u2019augmentation de son revenu nominal.<\/em><\/li>\n<\/ul>\n<ul>\n<li><em>Pas une seule fois je n\u2019ai entendu un repr\u00e9sentant du FMI ou de l\u2019UE critiquer la logique qui sous-tendait ces propositions. Comme le fit remarquer le PDG d\u2019une des plus grosses <\/em><a target=\"_blank\" href=\"http:\/\/www.cadtm.org\/Banques-d-investissement-Banque-d\" ><em>banques d\u2019investissement<\/em><\/a><em> am\u00e9ricaines apr\u00e8s les avoir d\u00e9couvertes\u00a0: Vous leur proposez le genre de deal qu\u2019un avocat sp\u00e9cialiste des faillites \u00e0 Wall Street imaginerait.\u00a0\u00bb<\/em><\/li>\n<\/ul>\n<p><strong>Commentaire\u00a0:<\/strong> Il est \u00e9vident que cette orientation \u00e9tait \u00e9galement explicitement contraire au refus l\u00e9gitime de poursuivre le paiement d\u2019une <a target=\"_blank\" href=\"http:\/\/www.cadtm.org\/Dette-odieuse,760\" >dette odieuse<\/a>.<\/p>\n<ol start=\"2\">\n<li><strong> La deuxi\u00e8me proposition de Varoufakis\u00a0:<\/strong><br \/>\n<em>\u00ab\u00a0Exc\u00e9dent primaire ne d\u00e9passant pas 1,5\u00a0% du revenu national et pas de nouvelles mesures d\u2019aust\u00e9rit\u00e9.\u00a0\u00bb<\/em><\/li>\n<\/ol>\n<p><strong>Commentaire\u00a0:<\/strong> S\u2019engager \u00e0 d\u00e9gager un exc\u00e9dent primaire de 1,5\u00a0% est totalement incompatible avec une v\u00e9ritable politique de relance de l\u2019activit\u00e9 \u00e9conomique, de l\u2019emploi public et priv\u00e9, du pouvoir d\u2019achat des masses populaires\u2026 En Gr\u00e8ce, un gouvernement de gauche qui veut r\u00e9ellement mettre en place une politique de relance et r\u00e9pondre \u00e0 la crise humanitaire doit appliquer une politique de d\u00e9ficit public pendant plusieurs ann\u00e9es et refuser de d\u00e9gager un exc\u00e9dent primaire.<\/p>\n<ol start=\"3\">\n<li><strong> Troisi\u00e8mement, r\u00e9ductions d\u2019ampleur des imp\u00f4ts des soci\u00e9t\u00e9s<\/strong><\/li>\n<\/ol>\n<p>Concernant cette mesure que Varoufakis r\u00e9sume ainsi\u00a0: <em>\u00ab\u00a0Ceci demanderait de fortes r\u00e9ductions de la TVA et des imp\u00f4ts sur les soci\u00e9t\u00e9s car il fallait redonner de l\u2019\u00e9nergie au secteur priv\u00e9.\u00a0\u00bb<\/em><\/p>\n<blockquote><p><strong><em>Croire que la r\u00e9duction des imp\u00f4ts des soci\u00e9t\u00e9s va augmenter la contribution de celles-ci dans le revenu fiscal total rel\u00e8ve davantage d\u2019une incantation lib\u00e9rale que d\u2019un raisonnement argument\u00e9<\/em><\/strong><\/p><\/blockquote>\n<p>Il mentionne une question de Tsipras\u00a0:<\/p>\n<ul>\n<li><em>\u00ab\u00a0\u2013 Pourquoi les bo\u00eetes devraient payer moins\u00a0? m\u2019a demand\u00e9 Alexis.<\/em><\/li>\n<li><em>Je lui ai expliqu\u00e9\u00a0: le secteur priv\u00e9 devait payer plus en ce qui concerne le revenu fiscal total, mais la seule fa\u00e7on d\u2019augmenter sa contribution globale alors que les ventes \u00e9taient au point mort et les banques en faillite, incapables de fournir des cr\u00e9dits aux entreprises rentables, c\u2019\u00e9tait de r\u00e9duire les imp\u00f4ts sur les soci\u00e9t\u00e9s. <\/em><em>Dragasakis \u00e9tait d\u2019accord, ce qui a apais\u00e9 Alexis et Pappas.\u00a0\u00bb<\/em><\/li>\n<\/ul>\n<p><strong>Commentaire\u00a0:<\/strong> Promettre une r\u00e9duction des imp\u00f4ts des soci\u00e9t\u00e9s de mani\u00e8re indiff\u00e9renci\u00e9e est tout \u00e0 fait incompatible avec une politique de gauche. Il faut augmenter le taux d\u2019imposition des grandes soci\u00e9t\u00e9s et le faire respecter. Simultan\u00e9ment, il est tout \u00e0 fait possible de baisser le taux d\u2019imposition des petites entreprises. Par ailleurs, croire que la r\u00e9duction des imp\u00f4ts des soci\u00e9t\u00e9s va augmenter la contribution de celles-ci dans le revenu fiscal total n\u2019est nullement d\u00e9montr\u00e9 et rel\u00e8ve davantage d\u2019une incantation lib\u00e9rale que d\u2019un raisonnement argument\u00e9.<\/p>\n<ol start=\"4\">\n<li><strong> Quatri\u00e8mement, privatisations strat\u00e9giques avec conditions pr\u00e9servant les droits du travail et relance des investissements<\/strong><\/li>\n<\/ol>\n<p>Varoufakis pr\u00e9cise\u00a0: <em>\u00ab\u00a0Quant aux privatisations, si nous voulions un accord avec l\u2019UE et le FMI, il fallait accepter des compromis. <\/em><strong><em>Le refus de principe de Syriza devait \u00eatre remplac\u00e9 par une politique d\u2019analyse au cas par cas<\/em><\/strong><em>. Il fallait arr\u00eater de brader les holdings publiques, <strong>mais les actifs tels que les chemins de fer et les ports devaient \u00eatre accessibles<\/strong> \u00e0 condition qu\u2019il y ait un minimum de niveau d\u2019investissement, que l\u2019acheteur s\u2019engage \u00e0 fournir aux travailleurs des contrats dignes et le droit de repr\u00e9sentation syndicale, et que l\u2019\u00c9tat demeure un actionnaire important, y compris minoritaire, car les dividendes de ses actions lui serviraient \u00e0 soutenir les fonds de pension.\u00a0\u00bb<\/em><\/p>\n<blockquote><p><strong><em>Varoufakis \u00e9tait favorable \u00e0 l\u2019acceptation de la poursuite de certaines privatisations, condamnant le gouvernement \u00e0 la soumission face aux grandes entreprises et au capital \u00e9tranger.<\/em><\/strong><\/p><\/blockquote>\n<p><strong>Commentaire\u00a0:<\/strong> Alors que Syriza se battait pour mettre fin aux privatisations et pour renationaliser une s\u00e9rie d\u2019entreprises privatis\u00e9es, Varoufakis, comme il l\u2019a mis en pratique quand il est devenu ministre, \u00e9tait favorable \u00e0 l\u2019acceptation de la poursuite de certaines privatisations. Cela condamnait le gouvernement \u00e0 la soumission face aux grandes entreprises et notamment au capital \u00e9tranger. Cela r\u00e9duisait \u00e0 l\u2019impuissance les pouvoirs publics.<\/p>\n<ol start=\"5\">\n<li><strong> Cr\u00e9ation d\u2019une banque de d\u00e9veloppement<\/strong><\/li>\n<\/ol>\n<ul>\n<li><em>\u00ab\u00a0Cinqui\u00e8mement, cr\u00e9ation d\u2019une banque de d\u00e9veloppement qui utiliserait les actifs publics restant comme caution pour g\u00e9n\u00e9rer de l\u2019investissement de l\u2019int\u00e9rieur, et dont les dividendes seraient canalis\u00e9s dans les fonds de pension publics.\u00a0\u00bb<\/em><\/li>\n<\/ul>\n<p>Varoufakis propose la cr\u00e9ation d\u2019une banque de d\u00e9veloppement croupion comme lot de consolation \u00e0 la poursuite des privatisations et au transfert des banques grecques aux cr\u00e9anciers \u00e9trangers (voir la proposition 6).<\/p>\n<p>Varoufakis \u00e9crit\u00a0:<\/p>\n<ul>\n<li><em>\u00ab\u00a0Les actifs qui restaient propri\u00e9t\u00e9 publique devaient \u00eatre transmis \u00e0 une nouvelle banque de d\u00e9veloppement publique qui les utiliserait comme <\/em><a target=\"_blank\" href=\"http:\/\/www.cadtm.org\/Garanties\" ><em>garanties<\/em><\/a><em> ou collat\u00e9raux pour lever des fonds, lesquels seraient investis dans ces m\u00eames actifs afin de booster leur valeur, cr\u00e9er des emplois et augmenter les revenus \u00e0 venir. <\/em><em>Ils ont \u00e9galement acquiesc\u00e9 l\u00e0-dessus.\u00a0\u00bb<\/em><\/li>\n<\/ul>\n<p><strong>Commentaire\u00a0:<\/strong> Varoufakis pr\u00e9sente la mesure de cr\u00e9ation d\u2019une banque publique de d\u00e9veloppement afin de faire avaler les propositions 4 et 6 qui sont en contradiction totale avec une strat\u00e9gie de gauche. La mesure 4 consiste \u00e0 poursuivre les privatisations et la mesure 6 consiste \u00e0 abandonner le pouvoir que les pouvoirs publics grecs avaient encore sur les banques grecques. La mesure 5 servait de leurre afin de faire croire que les pouvoirs publics allaient se doter d\u2019un v\u00e9ritable instrument public de d\u00e9veloppement.<br \/>\n<strong><br \/>\n<\/strong><strong>6. La sixi\u00e8me proposition\u00a0: le \u00ab\u00a0transfert des actions et de la gestion des banques \u00e0 l\u2019UE\u00a0\u00bb (sic\u00a0!)<\/strong><\/p>\n<p>Varoufakis pr\u00e9cise qu\u2019il s\u2019agissait de <em>\u00ab\u00a0confier la gestion et la propri\u00e9t\u00e9 de ces banques \u00e0 l\u2019UE. C\u2019\u00e9tait une proposition ultra-audacieuse pour un parti qui penchait vers la nationalisation du secteur bancaire\u00a0\u00bb<\/em><\/p>\n<p><strong>Commentaire\u00a0:<\/strong> L\u2019\u00c9tat grec \u00e9tait l\u2019actionnaire principal de toutes les banques grecques et la position de Syriza consistait \u00e0 ce que les pouvoirs publics exercent r\u00e9ellement leur pouvoir sur les banques. En proposant \u00e0 Tsipras, Pappas et Dragasakis de transf\u00e9rer \u00e0 l\u2019UE les actions d\u00e9tenues par les pouvoirs publics grecs, Varoufakis r\u00e9alise un pas suppl\u00e9mentaire et dramatique vers l\u2019abandon complet de souverainet\u00e9.<\/p>\n<blockquote><p><strong><em>En proposant de transf\u00e9rer \u00e0 l\u2019UE les actions d\u00e9tenues dans les banques par les pouvoirs publics grecs, Varoufakis r\u00e9alise un pas suppl\u00e9mentaire et dramatique vers l\u2019abandon complet de souverainet\u00e9.<\/em><\/strong><\/p><\/blockquote>\n<p>Apr\u00e8s avoir r\u00e9sum\u00e9 les 6 propositions accept\u00e9es selon lui par Tsipras-Pappas-Dragasakis, Varoufakis en vient \u00e0 la strat\u00e9gie qu\u2019un gouvernement Syriza devrait appliquer dans la n\u00e9gociation avec l\u2019UE. Il explique que si l\u2019UE d\u00e9cidait de saboter directement le gouvernement, ce serait la BCE qui serait charg\u00e9e du sale boulot. Elle couperait la <a target=\"_blank\" href=\"http:\/\/www.cadtm.org\/fr-Liquidites\" >liquidit\u00e9<\/a> aux banques grecques et les obligerait \u00e0 fermer comme elle l\u2019a fait en mars 2013 \u00e0 Chypre selon Varoufakis.<\/p>\n<p>Varoufakis pr\u00e9cise qu\u2019il a obtenu de Tsipras-Pappas-Dragasakis un accord pour r\u00e9pondre de la mani\u00e8re suivante\u00a0:<\/p>\n<ul>\n<li><em>\u00ab\u00a0Leur assentiment devait comprendre ma strat\u00e9gie de n\u00e9gociation, dont l\u2019\u00e9l\u00e9ment dissuasif cl\u00e9, la menace de d\u00e9cote des obligations SMP, et le syst\u00e8me de paiement parall\u00e8le destin\u00e9 \u00e0 gagner du temps en cas d\u2019impasse et de fermeture des banques.\u00a0\u00bb<\/em><\/li>\n<\/ul>\n<p>Je reviendrai sur la strat\u00e9gie de n\u00e9gociation dans un prochain article o\u00f9 j\u2019aborderai la p\u00e9riode qui a suivi les \u00e9lections de janvier 2015.<\/p>\n<p>Varoufakis affirme que suite \u00e0 la r\u00e9union avec le trio Tsipras-Pappas-Dragasakis il a accept\u00e9 le poste de ministre des Finances. Dragasakis de son c\u00f4t\u00e9 occuperait le poste de vice-premier ministre et superviserait directement trois minist\u00e8res cl\u00e9s dont celui des Finances.<\/p>\n<p><strong>NOTES:<\/strong><\/p>\n<p>|<a target=\"_blank\" href=\"http:\/\/www.cadtm.org\/Les-propositions-de-Varoufakis-qui#nh1\" >1<\/a>| Y. Varoufakis, <em>Adults in the Room<\/em>, Bodley Head, London, 2017, p. 98. Le livre va para\u00eetre \u00e0 l\u2019automne 2017 en fran\u00e7ais chez l\u2019\u00e9diteur Les Liens qui Lib\u00e8rent. N\u2019h\u00e9sitez pas \u00e0 passer commande chez votre libraire.<\/p>\n<p>|<a target=\"_blank\" href=\"http:\/\/www.cadtm.org\/Les-propositions-de-Varoufakis-qui#nh2\" >2<\/a>| <em>Op. cit.<\/em>, p. 102.<\/p>\n<p>|<a target=\"_blank\" href=\"http:\/\/www.cadtm.org\/Les-propositions-de-Varoufakis-qui#nh3\" >3<\/a>| <em>Op. cit.<\/em>, p. 88-89.<\/p>\n<p>|<a target=\"_blank\" href=\"http:\/\/www.cadtm.org\/Les-propositions-de-Varoufakis-qui#nh4\" >4<\/a>| Cette citation, comme toutes celles qui suivent, proviennent du chapitre 4.<\/p>\n<p>***************<\/p>\n<p><em>Fin de la premi\u00e8re partie.<\/em><\/p>\n<p><strong><em>Partie 2<\/em><\/strong><em>\u00a0: <\/em><em><a target=\"_blank\" href=\"http:\/\/www.cadtm.org\/Le-recit-discutable-de-Varoufakis\" >Le r\u00e9cit discutable de Varoufakis des origines de la crise grecque et ses \u00e9tonnantes relations avec la classe politique<\/a><\/em><em><br \/>\n<strong>Partie 3<\/strong>\u00a0: <\/em><em><a target=\"_blank\" href=\"http:\/\/www.cadtm.org\/Comment-Tsipras-avec-le-concours\" >Comment Tsipras, avec le concours de Varoufakis, a tourn\u00e9 le dos au programme de Syriza<\/a><\/em><em><br \/>\n<strong>Partie 4<\/strong>\u00a0: <\/em><em><a target=\"_blank\" href=\"http:\/\/www.cadtm.org\/Varoufakis-s-est-entoure-de\" >Varoufakis s\u2019est entour\u00e9 de tenants de l\u2019ordre dominant comme conseillers<\/a><\/em><em><br \/>\n<strong>Partie 5<\/strong>\u00a0: <\/em><em><a target=\"_blank\" href=\"http:\/\/www.cadtm.org\/Des-le-debut-Varoufakis-Tsipras\" >D\u00e8s le d\u00e9but, Varoufakis-Tsipras mettent en pratique une orientation vou\u00e9e \u00e0 l\u2019\u00e9chec<\/a><\/em><\/p>\n<p><em>Version grecque de la premi\u00e8re partie\u00a0: <\/em><em><a target=\"_blank\" href=\"http:\/\/contra-xreos.gr\/arthra\/1225-2017-08-16-18-09-00.html\" >http:\/\/contra-xreos.gr\/arthra\/1225-&#8230;<\/a><\/em><\/p>\n<p>_____________________________________<\/p>\n<p style=\"padding-left: 30px;\"><a href=\"https:\/\/www.transcend.org\/tms\/wp-content\/uploads\/2018\/02\/Eric-Toussaint.png\" ><img loading=\"lazy\" decoding=\"async\" class=\"alignleft size-full wp-image-106624\" src=\"https:\/\/www.transcend.org\/tms\/wp-content\/uploads\/2018\/02\/Eric-Toussaint.png\" alt=\"\" width=\"86\" height=\"87\" \/><\/a><em>Docteur en sciences politiques des universit\u00e9s de Li\u00e8ge et de Paris VIII, Eric Toussaint est porte-parole du CADTM international et membre du Conseil scientifique d\u2019ATTAC France. Il est l\u2019auteur des livres <a target=\"_blank\" href=\"http:\/\/www.cadtm.org\/Bancocratie\" >Bancocratie<\/a>, ADEN, Bruxelles, 2014\u00a0; <a target=\"_blank\" href=\"http:\/\/www.cadtm.org\/Proces-d-un-homme-exemplaire\" >Proc\u00e8s d\u2019un homme exemplaire<\/a>, \u00c9ditions Al Dante, Marseille, 2013\u00a0; <a target=\"_blank\" href=\"http:\/\/www.cadtm.org\/Un-coup-d-oeil-dans-le-retroviseur\" >Un coup d\u2019\u0153il dans le r\u00e9troviseur. L\u2019id\u00e9ologie n\u00e9olib\u00e9rale des origines jusqu\u2019\u00e0 aujourd\u2019hui<\/a>, Le Cerisier, Mons, 2010. Il est coauteur avec Damien Millet des livres <a target=\"_blank\" href=\"http:\/\/www.cadtm.org\/AAA-Audit-Annulation-Autre\" >AAA, Audit, Annulation, Autre politique<\/a>, Le Seuil, Paris, 2012\u00a0; <a target=\"_blank\" href=\"http:\/\/www.cadtm.org\/La-Dette-ou-la-Vie\" >La dette ou la vie<\/a>, Aden\/CADTM, Bruxelles, 2011. <\/em><em>Ce dernier livre a re\u00e7u le <\/em><em><a target=\"_blank\" href=\"http:\/\/www.cadtm.org\/Le-CADTM-recoit-le-prix-du-livre\" >Prix du livre politique octroy\u00e9 par la Foire du livre politique de Li\u00e8ge<\/a><\/em><em>. Il a coordonn\u00e9 les travaux de la <\/em><em><a target=\"_blank\" href=\"http:\/\/www.cadtm.org\/4-avril-2015-Journee-historique\" >Commission pour la V\u00e9rit\u00e9 sur la dette publique de la Gr\u00e8ce cr\u00e9\u00e9e le 4 avril 2015<\/a><\/em><em> par la pr\u00e9sidente du Parlement grec. <\/em><em>Cette commission a fonctionn\u00e9 sous les auspices du parlement entre avril et octobre 2015. Suite \u00e0 sa dissolution annonc\u00e9e le 12 novembre 2015 par le nouveau pr\u00e9sident du parlement grec, l\u2019ex-Commission poursuit ses travaux et s\u2019est dot\u00e9e d\u2019un statut l\u00e9gal d\u2019association sans but lucratif.<\/em><\/p>\n<p><a target=\"_blank\" href=\"http:\/\/www.cadtm.org\/Les-propositions-de-Varoufakis-qui\" >Go to Original \u2013 cadtm.org<\/a><\/p>\n","protected":false},"excerpt":{"rendered":"<p>11 F\u00e9v 2018 &#8211; Dans son dernier livre Adults in the Room, Yanis Varoufakis donne sa version des raisons qui ont conduit \u00e0 la capitulation honteuse du gouvernement Tsipras en juillet 2015. Il analyse essentiellement la p\u00e9riode 2009-2015 tout en faisant des incursions dans des \u00e9poques plus lointaines.<\/p>\n","protected":false},"author":4,"featured_media":106623,"comment_status":"open","ping_status":"open","sticky":false,"template":"","format":"standard","meta":{"footnotes":""},"categories":[46],"tags":[],"class_list":["post-106621","post","type-post","status-publish","format-standard","has-post-thumbnail","hentry","category-original-languages"],"_links":{"self":[{"href":"https:\/\/www.transcend.org\/tms\/wp-json\/wp\/v2\/posts\/106621","targetHints":{"allow":["GET"]}}],"collection":[{"href":"https:\/\/www.transcend.org\/tms\/wp-json\/wp\/v2\/posts"}],"about":[{"href":"https:\/\/www.transcend.org\/tms\/wp-json\/wp\/v2\/types\/post"}],"author":[{"embeddable":true,"href":"https:\/\/www.transcend.org\/tms\/wp-json\/wp\/v2\/users\/4"}],"replies":[{"embeddable":true,"href":"https:\/\/www.transcend.org\/tms\/wp-json\/wp\/v2\/comments?post=106621"}],"version-history":[{"count":0,"href":"https:\/\/www.transcend.org\/tms\/wp-json\/wp\/v2\/posts\/106621\/revisions"}],"wp:featuredmedia":[{"embeddable":true,"href":"https:\/\/www.transcend.org\/tms\/wp-json\/wp\/v2\/media\/106623"}],"wp:attachment":[{"href":"https:\/\/www.transcend.org\/tms\/wp-json\/wp\/v2\/media?parent=106621"}],"wp:term":[{"taxonomy":"category","embeddable":true,"href":"https:\/\/www.transcend.org\/tms\/wp-json\/wp\/v2\/categories?post=106621"},{"taxonomy":"post_tag","embeddable":true,"href":"https:\/\/www.transcend.org\/tms\/wp-json\/wp\/v2\/tags?post=106621"}],"curies":[{"name":"wp","href":"https:\/\/api.w.org\/{rel}","templated":true}]}}