{"id":114129,"date":"2018-07-09T12:00:10","date_gmt":"2018-07-09T11:00:10","guid":{"rendered":"https:\/\/www.transcend.org\/tms\/?p=114129"},"modified":"2018-07-06T18:10:50","modified_gmt":"2018-07-06T17:10:50","slug":"francais-neocolonialisme-et-crise-des-migrants","status":"publish","type":"post","link":"https:\/\/www.transcend.org\/tms\/2018\/07\/francais-neocolonialisme-et-crise-des-migrants\/","title":{"rendered":"(Fran\u00e7ais) N\u00e9ocolonialisme et \u201ccrise des migrants\u201d"},"content":{"rendered":"<p><a href=\"https:\/\/www.transcend.org\/tms\/wp-content\/uploads\/2018\/07\/neocolonialisme-e1530523940670.jpg\" ><img loading=\"lazy\" decoding=\"async\" class=\"aligncenter size-full wp-image-114130\" src=\"https:\/\/www.transcend.org\/tms\/wp-content\/uploads\/2018\/07\/neocolonialisme-e1530523940670.jpg\" alt=\"\" width=\"420\" height=\"237\" srcset=\"https:\/\/www.transcend.org\/tms\/wp-content\/uploads\/2018\/07\/neocolonialisme-e1530523940670.jpg 420w, https:\/\/www.transcend.org\/tms\/wp-content\/uploads\/2018\/07\/neocolonialisme-e1530523940670-300x169.jpg 300w\" sizes=\"auto, (max-width: 420px) 100vw, 420px\" \/><\/a><\/p>\n<p><em>29 juin 2018 &#8211; <\/em>Des \u00c9tats-Unis \u00e0 l\u2019Europe, la \u201ccrise des migrants\u201d suscite de vives pol\u00e9miques int\u00e9rieures et internationales sur les politiques \u00e0 adopter \u00e0 propos des flux migratoires. Partout cependant ceux-ci sont repr\u00e9sent\u00e9s selon un clich\u00e9 qui inverse la r\u00e9alit\u00e9\u00a0: celui des \u201cpays riches\u201d oblig\u00e9s de subir la croissante pression migratoire des \u201cpays pauvres\u201d.<\/p>\n<p>On dissimule ainsi la cause de fond\u00a0: le syst\u00e8me \u00e9conomique qui dans le monde permet \u00e0 une minorit\u00e9 restreinte d\u2019accumuler de la richesse aux d\u00e9pens de la majorit\u00e9 croissante, en l\u2019appauvrissant et en provoquant ainsi l\u2019\u00e9migration forc\u00e9e.<\/p>\n<p>Concernant les flux migratoires vers les \u00c9tats-Unis, le cas du Mexique est embl\u00e9matique. Sa production agricole s\u2019est \u00e9croul\u00e9e quand, avec le NAFTA (l\u2019accord nord-am\u00e9ricain de \u201clibre\u201d commerce), les EU et le Canada ont inond\u00e9 le march\u00e9 mexicain avec des produits agricoles \u00e0 bas prix gr\u00e2ce \u00e0 leurs propres subventions publiques. Des millions de paysans se sont retrouv\u00e9s sans travail, venant grossir le bassin de main d\u2019oeuvre recrut\u00e9e dans les <em>maquiladoras<\/em>\u00a0: des milliers d\u2019\u00e9tablissements industriels le long de la ligne de fronti\u00e8re en territoire mexicain, poss\u00e9d\u00e9s ou contr\u00f4l\u00e9s, pour la plupart, par des soci\u00e9t\u00e9s \u00e9tasuniennes, dans lesquels les salaires sont tr\u00e8s bas et les droits syndicaux inexistants.<\/p>\n<p>Dans un pays o\u00f9 environ la moiti\u00e9 de la population vit dans la pauvret\u00e9, a augment\u00e9 la masse de ceux qui cherchent \u00e0 entrer aux \u00c9tats-Unis. D\u2019o\u00f9 le Mur le long de la fronti\u00e8re avec le Mexique, commenc\u00e9 par le pr\u00e9sident d\u00e9mocrate Clinton quand en 1994 est entr\u00e9 en vigueur le Nafta, poursuivi par le r\u00e9publicain Bush, renforc\u00e9 par le d\u00e9mocrate Obama, ce m\u00eame mur que le r\u00e9publicain Trump voudrait maintenant compl\u00e9ter sur tous les 3000 Km de fronti\u00e8re.<\/p>\n<p>Concernant les flux migratoires vers l\u2019Europe, est embl\u00e9matique le cas de l\u2019Afrique. Elle est richissime en mati\u00e8res premi\u00e8res\u00a0: or, platine, diamants, uranium, coltan, cuivre, p\u00e9trole, gaz naturel, bois pr\u00e9cieux, cacao, caf\u00e9 et de nombreuses autres.<\/p>\n<p>Ces ressources, exploit\u00e9es par le vieux colonialisme europ\u00e9en avec des m\u00e9thodes de type esclavagiste, se trouvent aujourd\u2019hui exploit\u00e9es par le n\u00e9ocolonialisme europ\u00e9en s\u2019appuyant sur des \u00e9lites africaines au pouvoir, une main d\u2019\u0153uvre locale \u00e0 bas co\u00fbt et un contr\u00f4le des march\u00e9s int\u00e9rieurs et internationaux.<\/p>\n<p>Plus de cent compagnies cot\u00e9es \u00e0 la Bourse de Londres, britanniques et autres, exploitent dans 37 pays de l\u2019Afrique sub-saharienne des ressources mini\u00e8res d\u2019une valeur de plus de 1000 milliards de dollars.<\/p>\n<p>La France contr\u00f4le le syst\u00e8me mon\u00e9taire de 14 ex colonies africaines par le biais du Franc CFA (\u00e0 l\u2019origine acronyme de \u201cColonies Fran\u00e7aises d\u2019Afrique\u201d, recycl\u00e9 en \u201cCommunaut\u00e9 Financi\u00e8re Africaine\u201d)\u00a0: pour conserver la parit\u00e9 avec l\u2019euro, les 14 pays africains doivent verser au Tr\u00e9sor fran\u00e7ais la moiti\u00e9 de leurs r\u00e9serves mon\u00e9taires.<\/p>\n<p>L\u2019\u00c9tat libyen, qui voulait cr\u00e9er une monnaie africaine autonome, a \u00e9t\u00e9 d\u00e9moli par la guerre en 2011. En C\u00f4te d\u2019Ivoire (aire CFA), des soci\u00e9t\u00e9s fran\u00e7aises contr\u00f4lent le gros de la commercialisation du cacao, dont le pays est premier producteur mondial\u00a0: aux petits cultivateurs restent \u00e0 peine 5% de la valeur du produit final, si bien que la majeure partie vit dans la pauvret\u00e9. Ce ne sont que quelques exemples de l\u2019exploitation n\u00e9o-coloniale du continent.<\/p>\n<p>L\u2019Afrique, pr\u00e9sent\u00e9e comme d\u00e9pendante de l\u2019aide ext\u00e9rieure, fournit \u00e0 l\u2019ext\u00e9rieur un paiement net annuel d\u2019environ 58 milliards de dollars. Les cons\u00e9quences sociales sont d\u00e9vastatrices. En Afrique usb-saharienne, o\u00f9 la population d\u00e9passe le milliard et se compose \u00e0 60% d\u2019enfants et jeunes d\u2019\u00e2ge compris entre 0 et 24 ans, environ les deux tiers des habitants vivent dans la pauvret\u00e9 et, parmi ceux-ci, environ 40%\u00a0\u2013\u00a0c\u2019est-\u00e0-dire 400 millions\u00a0\u2013\u00a0dans des conditions de pauvret\u00e9 extr\u00eame.<\/p>\n<p>La \u201ccrise des migrants\u201d est en r\u00e9alit\u00e9 la crise d\u2019un syst\u00e8me \u00e9conomique et social insoutenable.<\/p>\n<p><strong>_________________________________________<\/strong><\/p>\n<p style=\"padding-left: 30px;\"><em><a href=\"https:\/\/www.transcend.org\/tms\/wp-content\/uploads\/2018\/05\/Manlio-Dinucci-e1527784060457.jpg\" ><img loading=\"lazy\" decoding=\"async\" class=\"alignleft size-full wp-image-112211\" src=\"https:\/\/www.transcend.org\/tms\/wp-content\/uploads\/2018\/05\/Manlio-Dinucci-e1527784060457.jpg\" alt=\"\" width=\"100\" height=\"117\" \/><\/a>Manlio Dinucci, geografo e giornalista e saggista geopolitico, ha vissuto e lavorato a Pechino negli anni &#8217;60, contribuendo alla pubblicazione della prima rivista in lingua cinese in italiano. Sulla base di questa esperienza ha pubblicato, con Mazzotta Editore, La lotta di Classe in Cina \/ 1949-1974 (1975) e Economia e organizzazione del lavoro in Cina (1976). Negli anni &#8217;80 dirige la rivista Lotta per la pace (nata dall &#8216;&#8221;Appello contro l&#8217;installazione di missili nucleari in Italia&#8221;) ed \u00e8 stato direttore esecutivo per l&#8217;Italia dei Medici internazionali per la prevenzione della guerra nucleare, vincendo l&#8217;associazione del Premio Nobel del Pace nel 1985. Ultime pubblicazioni: L&#8217;arte della guerra \/ Annali della strategia Usa \/ Nato 1990-2016, Zambon 2016; Nuclear War Il Giorno Prima, Zambon Editore; 2017.<\/em><\/p>\n<p><em>Traduit de l\u2019italien par M-A P.<\/em><\/p>\n<p><em>Source: <\/em>\u00a0<a target=\"_blank\" href=\"https:\/\/ilmanifesto.it\/neocolonialismo-e-crisi-dei-migranti\/\" >https:\/\/ilmanifesto.it\/neocolonialismo-e-crisi-dei-migranti\/<\/a><\/p>\n<p><a target=\"_blank\" href=\"https:\/\/www.legrandsoir.info\/neocolonialisme-et-crise-des-migrants-il-manifesto.html\" >Go to Original \u2013 legrandsoir.info<\/a><\/p>\n","protected":false},"excerpt":{"rendered":"<p>29 juin 2018 &#8211; On dissimule ainsi la cause de fond : le syst\u00e8me \u00e9conomique qui dans le monde permet \u00e0 une minorit\u00e9 restreinte d\u2019accumuler de la richesse aux d\u00e9pens de la majorit\u00e9 croissante, en l\u2019appauvrissant et en provoquant ainsi l\u2019\u00e9migration forc\u00e9e. Concernant les flux migratoires vers les \u00c9tats-Unis, le cas du Mexique est embl\u00e9matique.<\/p>\n","protected":false},"author":4,"featured_media":112211,"comment_status":"open","ping_status":"open","sticky":false,"template":"","format":"standard","meta":{"footnotes":""},"categories":[46],"tags":[],"class_list":["post-114129","post","type-post","status-publish","format-standard","has-post-thumbnail","hentry","category-original-languages"],"_links":{"self":[{"href":"https:\/\/www.transcend.org\/tms\/wp-json\/wp\/v2\/posts\/114129","targetHints":{"allow":["GET"]}}],"collection":[{"href":"https:\/\/www.transcend.org\/tms\/wp-json\/wp\/v2\/posts"}],"about":[{"href":"https:\/\/www.transcend.org\/tms\/wp-json\/wp\/v2\/types\/post"}],"author":[{"embeddable":true,"href":"https:\/\/www.transcend.org\/tms\/wp-json\/wp\/v2\/users\/4"}],"replies":[{"embeddable":true,"href":"https:\/\/www.transcend.org\/tms\/wp-json\/wp\/v2\/comments?post=114129"}],"version-history":[{"count":0,"href":"https:\/\/www.transcend.org\/tms\/wp-json\/wp\/v2\/posts\/114129\/revisions"}],"wp:featuredmedia":[{"embeddable":true,"href":"https:\/\/www.transcend.org\/tms\/wp-json\/wp\/v2\/media\/112211"}],"wp:attachment":[{"href":"https:\/\/www.transcend.org\/tms\/wp-json\/wp\/v2\/media?parent=114129"}],"wp:term":[{"taxonomy":"category","embeddable":true,"href":"https:\/\/www.transcend.org\/tms\/wp-json\/wp\/v2\/categories?post=114129"},{"taxonomy":"post_tag","embeddable":true,"href":"https:\/\/www.transcend.org\/tms\/wp-json\/wp\/v2\/tags?post=114129"}],"curies":[{"name":"wp","href":"https:\/\/api.w.org\/{rel}","templated":true}]}}