{"id":115699,"date":"2018-07-30T12:00:42","date_gmt":"2018-07-30T11:00:42","guid":{"rendered":"https:\/\/www.transcend.org\/tms\/?p=115699"},"modified":"2018-07-30T10:55:08","modified_gmt":"2018-07-30T09:55:08","slug":"italiano-il-giornalismo-non-sia-al-servizio-dellodio-e-della-propaganda","status":"publish","type":"post","link":"https:\/\/www.transcend.org\/tms\/2018\/07\/italiano-il-giornalismo-non-sia-al-servizio-dellodio-e-della-propaganda\/","title":{"rendered":"(Italiano) Il giornalismo non sia al servizio dell\u2019odio e della propaganda"},"content":{"rendered":"<blockquote><p><em>Per un Giornalismo Indipendente e Nonviolento<\/em><\/p><\/blockquote>\n<p><em>29 Lug 2018 &#8211; <\/em>Propaganda, odio e costruzionismi connotano parte dell\u2019informazione italiana verso la quale i giornalisti hanno precise responsabilit\u00e0.<br \/>\nSe nella propaganda invece che ai fatti e ai dati si d\u00e0 spazio alle percezioni nell\u2019informazione \u201cnonviolenta\u201d la\/il giornalista tenta di ristabilire la verit\u00e0 degli accadimenti attraverso contestualizzazioni e interpretazioni intellettualmente oneste.<br \/>\nAlla fabbrica della paura la\/il giornalista op(pro)pone l\u2019oggettivit\u00e0 di metodologie che implichino, restituiscano e permettano la misurabilit\u00e0 e verificabilit\u00e0 dei fatti e dei dati da parte di tutti cos\u00ec da promuovere un <em>empowerment<\/em> in progress di chi legge.<\/p>\n<p>A garanzia di un consumo critico dell\u2019informazione.<\/p>\n<p>Per un\u2019informazione che non manipoli il suo destinatario \u2013 la lettrice, il lettore \u2013 per interessi particolari, per propaganda politica, per secondi fini, per affiliare pubblico, per ottenere consenso.<br \/>\nUn\u2019informazione che non sia distrazione e dis-informazione di massa. Senza generalizzazioni, semplificazioni e facili conclusioni.<br \/>\nInformazione come disciplina e autodisciplina.<br \/>\nAi costruzionismi e alla propaganda la\/il giornalista oppone il dire, gandhianamente, la verit\u00e0.<br \/>\n<em>Dire la verit\u00e0<\/em> non lascia spazi alla strumentalizzazione.<\/p>\n<p>Da prospettiva a matrice e a impatto nonviolenti, la metodologia di lotta per un\u2019informazione di verit\u00e0 non pu\u00f2 che essere, ancora e sempre, anche nel giornalismo, quella del <em>satyagraha<\/em>.<br \/>\n<em>Satya<\/em> significa \u201cverit\u00e0\u201d e <em>agraha<\/em> \u201cinsistenza, forza\u201d.<br \/>\nCome ricorda Giuliano Pontara <em>satyagraha<\/em> corrisponde all\u2019INSISTENZA nella e per la verit\u00e0 ed (\u00e8) la forza che proviene da essa.<\/p>\n<p>Per una ricerca collettiva e cooperativa della verit\u00e0.<\/p>\n<p>In un\u2019informazione in cui i mezzi e i fini coincidono e sono interconnessi, una notizia o un fatto giornalisticamente riportati non potranno che essere, contemporaneamente e ontologicamente, il prodotto, lo stile e il contenuto (comprensivi della scelta delle parole \u201cper dirlo\u201d) della narrazione.<\/p>\n<p>La Nonviolenza al giornalismo di guerra op(pro)pone il giornalismo di pace, al giornalismo delle notizie false (fake news) op(pro)pone il giornalismo di verit\u00e0.<\/p>\n<p>Con resilienza e indipendenza intellettuale nella mente, nel cuore, nella penna e nella macchina fotografica.<\/p>\n<p><em>The decisive moment.<\/em><\/p>\n<p>Non di <em>Cartier-Bresson<\/em>iana memoria, ma per agire una rivoluzione nonviolenta.<\/p>\n<p>Per non tradire nessuna parte in gioco \u2013 il fatto, la narrazione, il lettore, la Verit\u00e0 \u2013 l\u2019appello di GCR potrebbe essere inteso ed agito come <em>il rappel<\/em> di Lanza del Vasto: un richiamo, un ritorno all\u2019essenziale.<\/p>\n<p><em>Per essere presenti al presente.<\/em><\/p>\n<p><em>\u00a0Silvia Berruto, amica e persuasa della Nonviolenza, giornalista contro il razzismo<\/em><\/p>\n<p>***********<\/p>\n<p><a target=\"_blank\" href=\"http:\/\/www.giornalismi.info\/mediarom\/\" ><strong>L\u2019Appello <\/strong><\/a>di Giornalisti contro il razzismo (GCR)<br \/>\nIl giornalismo non sia al servizio dell\u2019odio e della propaganda<\/p>\n<p><strong>Campagna: Il giornalismo non sia al servizio dell\u2019odio e della propaganda<\/strong><br \/>\n<strong>Promossa da: Giornalisti contro il razzismo<\/strong><\/p>\n<p>A nessuno dev\u2019essere permesso di ingannare e tradire l\u2019opinione pubblica e la vita democratica.<\/p>\n<p>Dieci anni fa \u00a0abbiamo lanciato un appello \u2013 \u201cI media rispettino il popolo Rom\u201d \u2013 e una proposta di autodisciplina del linguaggio \u2013 \u201cMettiamo al bando la parola clandestino\u201d \u2013 con il proposito di contribuire a una discussione aperta sul modo di fare informazione in un periodo di campagne politiche sulla sicurezza spesso condotte sul filo dell\u2019emotivit\u00e0 e della paura. Da allora molte cose sono cambiate, alcune anche in meglio, ma stanno emergendo nuovi motivi di forte preoccupazione.<\/p>\n<p>Negli ultimi mesi di cronache politiche abbiamo assistito a un\u2019allarmante accelerazione di un processo che da anni indebolisce il diritto dei cittadini a un\u2019informazione onesta, approfondita e indipendente, che serva a migliorare la vita dei cittadini e non a generare paure, odio e tensioni sociali.<\/p>\n<p>In particolare, si registra una diffusa tendenza giornalistica \u2013 anche nella stampa cosiddetta indipendente \u2013 a riportare acriticamente affermazioni di esponenti politici palesemente menzognere e fuorvianti. Espressioni che utilizzano un lessico costantemente sopra le righe \u2013 quando non propriamente rabbioso, violento e istigatore di violenza \u2013 per propagandare uno specifico punto di vista e per continuare a rimettere in cima alle priorit\u00e0 italiane una sola questione: lo stigma e il pre-giudizio contro le persone in fuga verso l\u2019Europa.<\/p>\n<p>\u00c8 evidente, per esempio, l\u2019intento di propaganda politica e non certo di riportare la verit\u00e0 quando i massimi rappresentanti istituzionali parlano ad esempio di naufraghi in crociera, Ong al soldo delle mafie dei barconi, aree di guerra \u201cinesistenti\u201d, fantomatici e vaghi complotti di \u201csostituzione etnica\u201d, ruspe per spianare campi nomadi, rom italiani \u201cpurtroppo non espatriabili\u201d, migranti che non viaggerebbero in aereo perch\u00e9 sulle navi umanitarie si godono \u201cla pacchia\u201d. Alle garanzie costituzionali e alla tutela dei diritti umani fondamentali si sostituiscono interpretazioni e costruzioni capziose e strumentali prive di fondamento.<\/p>\n<p>\u00c8 obbligo civile prima ancora che deontologico del giornalista, contestualizzare affermazioni politiche di simile tenore e gravit\u00e0 in una cornice adeguata, fornendo al lettore chiavi di interpretazione o altri elementi utili a minimizzare i rischi di manipolazione sociale e di deformazione della realt\u00e0 percepita dall\u2019opinione pubblica. A maggior ragione se la fonte \u00e8 un ministro che ha prestato giuramento sulla Costituzione repubblicana e se \u00e8 circondato dal silenzio istituzionale di fronte a parole che si stanno ora tramutando in fatti.<\/p>\n<p>Un\u2019informazione onesta, approfondita e indipendente dovrebbe passare le esternazioni estemporanee al vaglio dei dati di realt\u00e0, delle rilevazioni sul campo e delle statistiche ufficiali fornite. Istituzioni nazionali e internazionali come Unar, Istat, Iom, Unhcr tracciano un quadro dell\u2019immigrazione ben diverso dalla retorica dell\u2019invasione e proprio per questo vengono spesso ignorate o relegate ai margini del discorso prevalente.<\/p>\n<p>Il nostro sistema dell\u2019informazione rischia di rendersi complice del disegno di chi abusa della credulit\u00e0 popolare e cerca di estendere via via l\u2019area dell\u2019assuefazione a uno spietato cinismo verbale ora tradotto in azione istituzionale.<\/p>\n<p>La professione giornalistica \u00e8 normata dalle leggi dello Stato (dunque in prima istanza dalla Costituzione), richiede una specifica abilitazione con iscrizione all\u2019Albo, \u00e8 regolamentata da una serie di norme deontologiche (fra le quali la Carta di Roma, riguardante l\u2019informazione sui fenomeni migratori).<\/p>\n<p>L\u2019eventuale dissenso relegato nell\u2019angolo dei commenti non basta.<\/p>\n<p>Contrasta con tali norme, e dunque con il pieno esercizio della libert\u00e0 di informazione in uno stato di diritto, il ridursi a megafono asettico (e talvolta zelante) di politici senza scrupoli lasciati liberi di imporre l\u2019agenda delle priorit\u00e0 e delle supposte emergenze nazionali, di praticare un linguaggio che semina odio, di disinformare sistematicamente i cittadini, di mistificare la realt\u00e0 agitando azioni istituzionali per nulla risolutive ma a elevato impatto mediatico, utilizzando delle vite umane per primeggiare nel marketing del consenso.<\/p>\n<p>Ci appelliamo all\u2019Ordine dei giornalisti e ai colleghi affinch\u00e9 i rappresentanti istituzionali e quant\u2019altri contribuiscono a questa spirale di violenza si trovino sistematicamente a confrontarsi con un\u2019informazione critica e non asservita, che non si limiti a registrare e ripetere le frasi del giorno, ma al contrario fornisca gli strumenti e le conoscenze necessarie per analizzarle e confutarle quando necessario.<\/p>\n<p>A nessuno dev\u2019essere permesso di ingannare e tradire l\u2019opinione pubblica e dunque la vita democratica.<\/p>\n<p>Silvia Berruto<br \/>\nGiuseppe Faso<br \/>\nLorenzo Guadagnucci<br \/>\nCarlo Gubitosa<br \/>\nBeatrice Montini<br \/>\nZenone Sovilla<\/p>\n<p><a target=\"_blank\" href=\"http:\/\/www.giornalismi.info\/mediarom\/\" >Aderisci:<\/a><br \/>\n\u2022 Come persona<br \/>\n\u2022 Come associazione<\/p>\n<p><em>________________________________________________<\/em><\/p>\n<p style=\"padding-left: 30px;\"><em><a href=\"https:\/\/www.transcend.org\/tms\/wp-content\/uploads\/2017\/04\/silvia-berruto.jpeg\" ><img loading=\"lazy\" decoding=\"async\" class=\"alignleft size-full wp-image-91570\" src=\"https:\/\/www.transcend.org\/tms\/wp-content\/uploads\/2017\/04\/silvia-berruto.jpeg\" alt=\"\" width=\"64\" height=\"64\" \/><\/a><\/em><em>Silvia Berruto \u00e8 membro della <\/em><em>rete <a href=\"https:\/\/www.transcend.org\/\" >TRANSCEND per la Pace, Sviluppo e Ambiente<\/a>, <\/em><em>giornalista contro il razzismo, antifascista, amica e persuasa della nonviolenza.<\/em><\/p>\n<p><a target=\"_blank\" href=\"https:\/\/silviaberruto.wordpress.com\/2018\/07\/29\/il-giornalismo-non-sia-al-servizio-dellodio-e-della-propaganda-2\/\" >Go to Original \u2013 silviaberruto.wordpress.com<\/a><\/p>\n","protected":false},"excerpt":{"rendered":"<p>29 Lug 2018 &#8211; Per un Giornalismo Indipendente e Nonviolento -Propaganda, odio e costruzionismi connotano parte dell\u2019informazione italiana verso la quale i giornalisti hanno precise responsabilit\u00e0. Se nella propaganda invece che ai fatti e ai dati si d\u00e0 spazio alle percezioni nell\u2019informazione \u201cnonviolenta\u201d la\/il giornalista tenta di ristabilire la verit\u00e0 degli accadimenti attraverso contestualizzazioni e interpretazioni intellettualmente oneste.<\/p>\n","protected":false},"author":4,"featured_media":91570,"comment_status":"open","ping_status":"open","sticky":false,"template":"","format":"standard","meta":{"footnotes":""},"categories":[46],"tags":[],"class_list":["post-115699","post","type-post","status-publish","format-standard","has-post-thumbnail","hentry","category-original-languages"],"_links":{"self":[{"href":"https:\/\/www.transcend.org\/tms\/wp-json\/wp\/v2\/posts\/115699","targetHints":{"allow":["GET"]}}],"collection":[{"href":"https:\/\/www.transcend.org\/tms\/wp-json\/wp\/v2\/posts"}],"about":[{"href":"https:\/\/www.transcend.org\/tms\/wp-json\/wp\/v2\/types\/post"}],"author":[{"embeddable":true,"href":"https:\/\/www.transcend.org\/tms\/wp-json\/wp\/v2\/users\/4"}],"replies":[{"embeddable":true,"href":"https:\/\/www.transcend.org\/tms\/wp-json\/wp\/v2\/comments?post=115699"}],"version-history":[{"count":0,"href":"https:\/\/www.transcend.org\/tms\/wp-json\/wp\/v2\/posts\/115699\/revisions"}],"wp:featuredmedia":[{"embeddable":true,"href":"https:\/\/www.transcend.org\/tms\/wp-json\/wp\/v2\/media\/91570"}],"wp:attachment":[{"href":"https:\/\/www.transcend.org\/tms\/wp-json\/wp\/v2\/media?parent=115699"}],"wp:term":[{"taxonomy":"category","embeddable":true,"href":"https:\/\/www.transcend.org\/tms\/wp-json\/wp\/v2\/categories?post=115699"},{"taxonomy":"post_tag","embeddable":true,"href":"https:\/\/www.transcend.org\/tms\/wp-json\/wp\/v2\/tags?post=115699"}],"curies":[{"name":"wp","href":"https:\/\/api.w.org\/{rel}","templated":true}]}}