{"id":118813,"date":"2018-09-24T12:00:26","date_gmt":"2018-09-24T11:00:26","guid":{"rendered":"https:\/\/www.transcend.org\/tms\/?p=118813"},"modified":"2018-09-18T14:44:52","modified_gmt":"2018-09-18T13:44:52","slug":"portugues-na-onu-entidade-denuncia-brasil-por-risco-de-genocidio-de-povos-indigenas","status":"publish","type":"post","link":"https:\/\/www.transcend.org\/tms\/2018\/09\/portugues-na-onu-entidade-denuncia-brasil-por-risco-de-genocidio-de-povos-indigenas\/","title":{"rendered":"(Portugu\u00eas) Na ONU, entidade denuncia Brasil por &#8216;risco de genoc\u00eddio&#8217; de povos ind\u00edgenas"},"content":{"rendered":"<blockquote><p><em>Amea\u00e7as e mortes nos \u00faltimos anos foram os alvos da den\u00fancia; grupo alerta que, at\u00e9 agora, os povos ind\u00edgenas n\u00e3o obtiveram justi\u00e7a por graves viola\u00e7\u00f5es passadas e recorrentes.<\/em><\/p><\/blockquote>\n<div id=\"attachment_118814\" style=\"width: 610px\" class=\"wp-caption aligncenter\"><a href=\"https:\/\/www.transcend.org\/tms\/wp-content\/uploads\/2018\/09\/indios-brasil-indigenas-natives.jpg\" ><img loading=\"lazy\" decoding=\"async\" aria-describedby=\"caption-attachment-118814\" class=\"wp-image-118814\" src=\"https:\/\/www.transcend.org\/tms\/wp-content\/uploads\/2018\/09\/indios-brasil-indigenas-natives.jpg\" alt=\"\" width=\"600\" height=\"399\" srcset=\"https:\/\/www.transcend.org\/tms\/wp-content\/uploads\/2018\/09\/indios-brasil-indigenas-natives.jpg 932w, https:\/\/www.transcend.org\/tms\/wp-content\/uploads\/2018\/09\/indios-brasil-indigenas-natives-300x200.jpg 300w, https:\/\/www.transcend.org\/tms\/wp-content\/uploads\/2018\/09\/indios-brasil-indigenas-natives-768x511.jpg 768w\" sizes=\"auto, (max-width: 600px) 100vw, 600px\" \/><\/a><p id=\"caption-attachment-118814\" class=\"wp-caption-text\">De acordo com o Conselho Indigenista Mission\u00e1rio houve uma &#8220;profunda extin\u00e7\u00e3o&#8221; dos povos ind\u00edgenas no \u00faltimo s\u00e9culo. Foto: Thiago Queiroz\/Estad\u00e3o<\/p><\/div>\n<p><em>14 Set 2018 &#8211; <\/em>O Brasil \u00e9 denunciado na <a target=\"_blank\" href=\"https:\/\/tudo-sobre.estadao.com.br\/onu-organizacao-das-nacoes-unidas\" ><strong>ONU<\/strong><\/a> por &#8220;risco de genoc\u00eddio&#8221; no caso dos <a target=\"_blank\" href=\"https:\/\/tudo-sobre.estadao.com.br\/indio\" ><strong>povos ind\u00edgenas<\/strong><\/a>. Nesta sexta-feira, 14, a acusa\u00e7\u00e3o foi apresentada pelo Conselho Indigenista Mission\u00e1rio (CIMI) durante reuni\u00e3o do Conselho de Direitos Humanos da ONU, em <a target=\"_blank\" href=\"https:\/\/tudo-sobre.estadao.com.br\/genebra-suica\" ><strong>Genebra<\/strong><\/a>.<\/p>\n<p>O governo brasileiro ainda considera se ir\u00e1 dar uma resposta \u00e0 den\u00fancia. Pelas pr\u00e1ticas do Conselho de Direitos Humanos, as r\u00e9plicas s\u00e3o reservadas para o final do dia.<\/p>\n<p>De acordo com a entidade, houve uma &#8220;profunda extin\u00e7\u00e3o&#8221; dos povos ind\u00edgenas no \u00faltimo s\u00e9culo, passando de 4% da popula\u00e7\u00e3o para apenas 0,4%.<\/p>\n<p>Mas s\u00e3o as amea\u00e7as e mortes nos \u00faltimos anos que foram os alvos da den\u00fancia. &#8220;A taxa de <a target=\"_blank\" href=\"https:\/\/tudo-sobre.estadao.com.br\/homicidio\" ><strong>homic\u00eddio<\/strong><\/a> na popula\u00e7\u00e3o <a target=\"_blank\" href=\"https:\/\/tudo-sobre.estadao.com.br\/guarani-kaiowa\" ><strong>Guarani-Kaiow\u00e1<\/strong><\/a> em Dourados \u00e9 de 88 para cada cem mil pessoas, quase o triplo da taxa m\u00e9dia do Brasil&#8221;, disse Paulo Lugon Arantes, que leu a den\u00fancia em nome da entidade indigenista.<\/p>\n<p>De acordo com o grupo, o caso dos Guarani-Kaiow\u00e1 \u00a0cumprem pelo menos sete fatores e 16 indicadores estabelecidos pela ONU para designar um genoc\u00eddio.<\/p>\n<p>&#8220;O discurso pol\u00edtico de \u00f3dio no pa\u00eds, um dos 14 fatores de risco de genoc\u00eddio, tem legitimado e alimentado uma s\u00e9rie de ataques violentos contra povos ind\u00edgenas&#8221;, declarou.<\/p>\n<p>&#8220;Apelamos para que o Brasil leve a s\u00e9rio risco de atrocidade contra os povos ind\u00edgenas&#8221;, apelou Arantes.<\/p>\n<p>No discurso, o CIMI ainda alerta que, at\u00e9 agora, os povos ind\u00edgenas &#8220;n\u00e3o obtiveram justi\u00e7a por graves viola\u00e7\u00f5es, passadas e recorrentes, uma vez que s\u00e3o tamb\u00e9m exclu\u00eddos no processo de mem\u00f3ria no Brasil&#8221;.<\/p>\n<p>&#8220;A Comiss\u00e3o Nacional da Verdade no Brasil identificou pol\u00edticas espec\u00edficas e deliberadas, por parte do regime militar, de exterm\u00ednio dos povos ind\u00edgenas e pr\u00e1ticas horr\u00edveis, como o desfile p\u00fablico de ind\u00edgenas submetidos \u00e0 tortura&#8221;, declarou Arantes.<\/p>\n<p>Segundo ele, a Comiss\u00e3o &#8220;recomendou a demarca\u00e7\u00e3o de seus territ\u00f3rios, reconhecimento estatal das viola\u00e7\u00f5es estatais como formas de repara\u00e7\u00e3o&#8221;. O grupo tamb\u00e9m lembrou que a Comiss\u00e3o Nacional da Verdade sugeriu que um mecanismo similar tamb\u00e9m fosse estabelecido para os povos ind\u00edgenas.<\/p>\n<p>______________________________________________<\/p>\n<p><em>Not\u00edcias relacionadas:<\/em><\/p>\n<ul>\n<li><em><a target=\"_blank\" href=\"https:\/\/brasil.estadao.com.br\/noticias\/geral,guarda-de-indios-faz-justica-ser-questionada,70002387313\" >Defensoria P\u00fablica do MS e Funai questionam processos de retirada de crian\u00e7as ind\u00edgenas das fam\u00edlias <\/a><\/em><\/li>\n<li><em><a target=\"_blank\" href=\"https:\/\/sao-paulo.estadao.com.br\/noticias\/geral,justica-suspende-portaria-que-reduzia-reserva-guarani-no-jaragua,70002109408\" >Justi\u00e7a suspende portaria que reduzia reserva Guarani no Jaragu\u00e1 <\/a><\/em><\/li>\n<li><em><a target=\"_blank\" href=\"https:\/\/brasil.estadao.com.br\/noticias\/geral,documentos-da-onu-revelam-lista-de-assassinatos-sem-respostas-no-brasil,70001822997\" >Documentos da ONU revelam lista de assassinatos sem respostas no Brasil <\/a><\/em><\/li>\n<\/ul>\n<p><a target=\"_blank\" href=\"https:\/\/brasil.estadao.com.br\/noticias\/geral,na-onu-entidade-denuncia-brasil-por-risco-de-genocidio-de-povos-indigenas,70002501933?from=whatsapp\" >Go to Original \u2013 brasil.estadao.com.br<\/a><\/p>\n","protected":false},"excerpt":{"rendered":"<p>Amea\u00e7as e mortes nos \u00faltimos anos foram os alvos da den\u00fancia; grupo alerta que, at\u00e9 agora, os povos ind\u00edgenas n\u00e3o obtiveram justi\u00e7a por graves viola\u00e7\u00f5es passadas e recorrentes.<\/p>\n","protected":false},"author":4,"featured_media":118814,"comment_status":"open","ping_status":"open","sticky":false,"template":"","format":"standard","meta":{"footnotes":""},"categories":[46],"tags":[],"class_list":["post-118813","post","type-post","status-publish","format-standard","has-post-thumbnail","hentry","category-original-languages"],"_links":{"self":[{"href":"https:\/\/www.transcend.org\/tms\/wp-json\/wp\/v2\/posts\/118813","targetHints":{"allow":["GET"]}}],"collection":[{"href":"https:\/\/www.transcend.org\/tms\/wp-json\/wp\/v2\/posts"}],"about":[{"href":"https:\/\/www.transcend.org\/tms\/wp-json\/wp\/v2\/types\/post"}],"author":[{"embeddable":true,"href":"https:\/\/www.transcend.org\/tms\/wp-json\/wp\/v2\/users\/4"}],"replies":[{"embeddable":true,"href":"https:\/\/www.transcend.org\/tms\/wp-json\/wp\/v2\/comments?post=118813"}],"version-history":[{"count":0,"href":"https:\/\/www.transcend.org\/tms\/wp-json\/wp\/v2\/posts\/118813\/revisions"}],"wp:featuredmedia":[{"embeddable":true,"href":"https:\/\/www.transcend.org\/tms\/wp-json\/wp\/v2\/media\/118814"}],"wp:attachment":[{"href":"https:\/\/www.transcend.org\/tms\/wp-json\/wp\/v2\/media?parent=118813"}],"wp:term":[{"taxonomy":"category","embeddable":true,"href":"https:\/\/www.transcend.org\/tms\/wp-json\/wp\/v2\/categories?post=118813"},{"taxonomy":"post_tag","embeddable":true,"href":"https:\/\/www.transcend.org\/tms\/wp-json\/wp\/v2\/tags?post=118813"}],"curies":[{"name":"wp","href":"https:\/\/api.w.org\/{rel}","templated":true}]}}