{"id":11948,"date":"2011-05-02T12:00:19","date_gmt":"2011-05-02T11:00:19","guid":{"rendered":"http:\/\/www.transcend.org\/tms\/?p=11948"},"modified":"2011-05-04T08:24:07","modified_gmt":"2011-05-04T07:24:07","slug":"italian-in-ricordo-di-vittorio-arrigoni-vik","status":"publish","type":"post","link":"https:\/\/www.transcend.org\/tms\/2011\/05\/italian-in-ricordo-di-vittorio-arrigoni-vik\/","title":{"rendered":"(Italian) In Ricordo di Vittorio Arrigoni (Vik)"},"content":{"rendered":"<p><em>Io non credo nei confini, nelle barriere, nelle bandiere, credo che apparteniamo tutti, indipendentemente dalle latitudini, dalle longitudini ad una stessa famiglia che \u00e8 la famiglia umana. <\/em>&#8212; Vittorio Arrigoni, da Gaza<\/p>\n<p>I funerali di Vittorio Arrigoni, attivista pacifista, militante acceso, schierato a favore del popolo palestinese, si sono svolti alla presenza di migliaia di persone, numerose autorit\u00e0 e movimenti attivi per la Pace, per la Resistenza Nonviolenta, nell\u2019impegno antifascista contro tutti i poteri e contro le conseguenti ingiustizie sociali che ledono i diritti umani imprescindibili e universali.<\/p>\n<p>L\u2019uccisione di Vittorio Arrigoni a Gaza segue l\u2019assassinio del pacifista pro palestinese Juliano Mer Khamis in Cisgiordania. Tutto il mondo ha condannato l\u2019uccisione di entrambi. Tutti siamo toccati dal dolore della perdita di Vittorio, nel ricordo della sua voce profonda e piena di sorriso e di umorismo. Un uomo dedito alla Resistenza Nonviolenta, per rivendicare il diritto alla vita dei pi\u00f9 deboli, assassinato in maniera disumana e brutale. Juliano e Vittorio erano rispettati ed apprezzati entrambi per il loro impegno militante e creativo. Juliano per ispirare una nuova generazione di attori e scrittori a Jenin e per la sua filmografia sulla vita sotto l\u2019occupazione. Vittorio per i suoi apprezzati scritti e per le trasmissioni sulle sofferenze dei palestinesi a Gaza. Vittorio era impegnato nella ricostruzione del clima di resistenza Nonviolenta, denominato ISM, International Solidarity Movement, contro l\u2019embargo, per portare solidariet\u00e0, giustizia, pace, fratellanza e libert\u00e0 ad un popolo oppresso, attraverso la semplice parola e la personale testimonianza sulla violenza razzista e sull\u2019ideologia colonialista.<\/p>\n<p>Due vite dedite ai pi\u00f9 deboli, agli ultimi, agli emarginati, agli oppressi. Due esistenze che portano un esempio, un credo profondo nel significato ultimo, sovversivo ed eversivo della creativit\u00e0 rivoluzionaria, dell\u2019umorismo dissacrante, del cambiamento costruttivo anche nelle situazioni pi\u00f9 atroci, dove il lume della ragione, dell\u2019ingegno, dell\u2019estro creativo, dell\u2019impegno militante si oppongono alla barbarie distruttrice, all\u2019annientamento umano, al baratro dell\u2019oppressione, all\u2019oscurantismo nazionalista che ottenebra la spinta vitale di persone come Vittorio e Juliano sempre in prima linea sul fronte dell\u2019aiuto solidale, del dibattito leale nel denunciare la verit\u00e0 e la realt\u00e0 pi\u00f9 atroce, nel sostegno degli altri e attivi nell\u2019impegno morale e solerte per la costruzione di una umanit\u00e0 di pace.<\/p>\n<p>Vittorio, amico, attivista della solidariet\u00e0 \u00e8 stato ucciso, dedicando la sua esistenza all\u2019opposizione al fascismo e al potere. Non dobbiamo permettere agli assolutismi infami di riuscire nelle loro tattiche terroristiche. Infatti dire la verit\u00e0 nell\u2019epoca dell\u2019inganno e della menzogna \u00e8 un atto rivoluzionario. \u00c8 certo difficile non avvertire qualcosa di minuziosamente atroce, di perversamente studiato e abissalmente malvagio nell\u2019omicidio di questo giovane attivista. Tutti ci chiediamo chi sia stato il carnefice. Un gruppo operativo pi\u00f9 totalitario di Hamas? i servizi segreti organizzati da Israele e dal mondo arabo conservatore? Sono domande a cui non abbiamo ancora risposta e che solo il corso della storia potr\u00e0 rivelare al mondo. Non dobbiamo dimenticare che siamo ancora gli acerrimi fautori di conflitti in Afghanistan e in Libia. Il nostro occidente, il nostro Paese, armano dittatori, golpisti, mafie e perseguitano e fanno morire i migranti vittime delle guerre. Questi tragici avvenimenti devono essere posti in primo piano quando si ricordano le vittime della Nonviolenza e del pacifismo, senza strumentalizzare il conflitto israelo-palestinese, innescato in realt\u00e0 dall\u2019Europa prima attraverso la crudelt\u00e0 efferata della Shoah e poi con la costituzione dello Stato di Israele. \u201cRestiamo umani\u201d non deve scadere nella retorica vacua e ripetitiva dello slogan. \u00c8 il motto di un impegno a riconoscere e soccorrere gli ultimi da tutti i mali e tutte le ingiustizie sociali. Arrigoni \u00e8 protagonista di un concreto, collettivo, universale attivismo,un ideale per la pace che riscatter\u00e0 l\u2019umanit\u00e0 intera, nel rivendicare vita, dignit\u00e0 e diritti, nel significato ultimo del comandamento biblico \u201ctu non uccidere\u201d, perch\u00e9 solo la Nonviolenza pu\u00f2 salvare il mondo.<\/p>\n<p><a target=\"_blank\" href=\"http:\/\/serenoregis.org\/2011\/04\/in-ricordo-di-vittorio-arrigoni-vik-laura-tussi\/\" >Go to Original \u2013 serenoregis.org<\/a><\/p>\n<p>httpv:\/\/www.youtube.com\/watch?v=dVi0yBcyV0k<\/p>\n","protected":false},"excerpt":{"rendered":"<p>Io non credo nei confini, nelle barriere, nelle bandiere, credo che apparteniamo tutti, indipendentemente dalle latitudini, dalle longitudini ad una stessa famiglia che \u00e8 la famiglia umana. &#8212; Vittorio Arrigoni, da Gaza<\/p>\n","protected":false},"author":4,"featured_media":0,"comment_status":"open","ping_status":"open","sticky":false,"template":"","format":"standard","meta":{"footnotes":""},"categories":[46],"tags":[],"class_list":["post-11948","post","type-post","status-publish","format-standard","hentry","category-original-languages"],"_links":{"self":[{"href":"https:\/\/www.transcend.org\/tms\/wp-json\/wp\/v2\/posts\/11948","targetHints":{"allow":["GET"]}}],"collection":[{"href":"https:\/\/www.transcend.org\/tms\/wp-json\/wp\/v2\/posts"}],"about":[{"href":"https:\/\/www.transcend.org\/tms\/wp-json\/wp\/v2\/types\/post"}],"author":[{"embeddable":true,"href":"https:\/\/www.transcend.org\/tms\/wp-json\/wp\/v2\/users\/4"}],"replies":[{"embeddable":true,"href":"https:\/\/www.transcend.org\/tms\/wp-json\/wp\/v2\/comments?post=11948"}],"version-history":[{"count":0,"href":"https:\/\/www.transcend.org\/tms\/wp-json\/wp\/v2\/posts\/11948\/revisions"}],"wp:attachment":[{"href":"https:\/\/www.transcend.org\/tms\/wp-json\/wp\/v2\/media?parent=11948"}],"wp:term":[{"taxonomy":"category","embeddable":true,"href":"https:\/\/www.transcend.org\/tms\/wp-json\/wp\/v2\/categories?post=11948"},{"taxonomy":"post_tag","embeddable":true,"href":"https:\/\/www.transcend.org\/tms\/wp-json\/wp\/v2\/tags?post=11948"}],"curies":[{"name":"wp","href":"https:\/\/api.w.org\/{rel}","templated":true}]}}