{"id":123372,"date":"2018-12-10T12:00:09","date_gmt":"2018-12-10T12:00:09","guid":{"rendered":"https:\/\/www.transcend.org\/tms\/?p=123372"},"modified":"2018-12-06T12:29:33","modified_gmt":"2018-12-06T12:29:33","slug":"portugues-a-formula-do-fascismo","status":"publish","type":"post","link":"https:\/\/www.transcend.org\/tms\/2018\/12\/portugues-a-formula-do-fascismo\/","title":{"rendered":"(Portugu\u00eas) A F\u00f3rmula do Fascismo"},"content":{"rendered":"<p><a href=\"https:\/\/www.transcend.org\/tms\/wp-content\/uploads\/2018\/11\/charriot-gladiador-romano-rome-gladiator.jpg\" ><img loading=\"lazy\" decoding=\"async\" class=\"aligncenter wp-image-122656\" src=\"https:\/\/www.transcend.org\/tms\/wp-content\/uploads\/2018\/11\/charriot-gladiador-romano-rome-gladiator.jpg\" alt=\"\" width=\"400\" height=\"272\" srcset=\"https:\/\/www.transcend.org\/tms\/wp-content\/uploads\/2018\/11\/charriot-gladiador-romano-rome-gladiator.jpg 412w, https:\/\/www.transcend.org\/tms\/wp-content\/uploads\/2018\/11\/charriot-gladiador-romano-rome-gladiator-300x204.jpg 300w\" sizes=\"auto, (max-width: 400px) 100vw, 400px\" \/><\/a><\/p>\n<p><em>18 Nov 2018 &#8211; <\/em><strong>\u00b5 \u2013 <\/strong><strong>\u03c6<\/strong><strong> = fascismo<\/strong>\u00a0: A f\u00f3rmula fundamental do grande capital, aplicada \u00e0 pol\u00edtica de Fran\u00e7a, a terra da tomada da Bastilha, da Declara\u00e7\u00e3o dos Direitos do Homem e do Cidad\u00e3o e da divisa \u00ab\u00a0Libert\u00e9 \u00a0\u00c9galit\u00e9 \u00a0Fraternit\u00e9\u00a0\u00bb.<\/p>\n<p>Micron (\u00b5) foi eleito com o slogan \u00ab\u00a0nem de esquerda, nem de direita \u00bb. Viu-se no que deu. Hoje, ele e o seu governo s\u00e3o designados pelo Povo como sendo \u00ab\u00a0nem de esquerda, nem de esquerda\u00a0\u00bb. Um tipo que, no dia da tomada de posse presidencial, desfilou de p\u00e9, em cima de um \u00a0jeep militar e que mal chegado ao \u00ab\u00a0Pal\u00e1cio do Eliseu\u2026d\u00e1 c\u00e1 o meu\u00a0\u00bb, suprimiu o imposto sobre os rendimentos das grandes fortunas, destruiu a lei laboral, colocou os reformados a contribuir mais, aumentando a taxa de solidariedade e cortou nas ajudas \u00e0s rendas de casa incluindo na dos estudantes.<\/p>\n<p>At\u00e9 a frase que o deixou c\u00e9lebre \u00ab\u00a0Make our Planet great again\u00a0\u00bb, em contra-ponto com os del\u00edrios nacionalistas de Trump, soa agora completamente oca, com um aumento das emiss\u00f5es de CO2 em Fran\u00e7a, na ordem dos 3,2%, durante o seu primeiro ano de mandato. Para mais, o seu m\u00edtico e independente ministro do Ambiente \u2013 Nicolas Hulot \u2013 apresentou a sua demiss\u00e3o em Setembro, argumentando que o ambiente nunca seria uma prioridade deste governo. A sua ministra do Trabalho \u2013 a Sra. Penico (Muriel P\u00e9nicaud) havia ganho cerca de 1,13 milh\u00f5es de Euros em mais valias de ac\u00e7\u00f5es, quando ela, como directora de recursos humanos da \u00ab\u00a0Danone\u00a0\u00bb, apresentou um plano maci\u00e7o de despedimentos \u2013 900 quadros superiores em 26 pa\u00edses europeus.<\/p>\n<p>O actual Primeiro-ministro, \u00c9douard Philippe, era presidente da C\u00e2mara Municipal do Havre, do partido da direita conservadora \u2013 \u00ab\u00a0Os Republicanos\u00a0\u00bb (LR) \u2013 e foi um dos directores na mega-empresa de energia nuclear \u00ab\u00a0Areva\u00a0\u00bb, n\u00e3o se entrevendo assim, o fecho das centrais nucleares, mantendo-se viva a hip\u00f3tese de um acidente nuclear do tipo \u00ab\u00a0Fukushima\u00a0\u00bb\u2026l\u00e1 se vai o nosso rico vinho de Bord\u00e9us \u2013 <a target=\"_blank\" href=\"https:\/\/www.youtube.com\/watch?v=JgI_KNTgUtg\" >\u00ab\u00a0O Jo\u00e3o, mais uma v\u00edtima nuclear\u2026\u00a0\u00bb (can\u00e7\u00e3o, clicar aqui)<\/a>.<\/p>\n<p>A grande maioria de ministros e deputados \u00ab\u00a0Em Marcha\u00a0\u00bb \u2013 o movimento pol\u00edtico \u00ab\u00a0vindo do nada\u00a0\u00bb, que levou J\u00fapiter, como \u00b5 se auto-intitulou \u2013 v\u00eam do sector empresarial \u2013 MEDEF, o equivalente da CIP \u2013 embora \u00b5 tenha afirmado, que o seu movimento era constitu\u00eddo maioritariamente por membros da \u00ab\u00a0sociedade civil\u00a0\u00bb\u2026pois, pois. Para coroar a sua sa\u00edda em carro de combate, assistimos h\u00e1 cerca de um m\u00eas, a uma s\u00e9rie de perquisi\u00e7\u00f5es policiais, que tomaram a forma de rusgas, tal foi a desproporcionalidade de meios utilizados, contra o \u00fanico partido de esquerda com for\u00e7a popular \u2013 A Fran\u00e7a Insubmissa (FI \u2013 \u03c6, letra grega, que \u00e9 o s\u00edmbolo do movimento pol\u00edtico) de Jean-Luc M\u00e9lenchon. N\u00e3o est\u00e3o em causa as perquisi\u00e7\u00f5es, feitas no \u00e2mbito de duas investiga\u00e7\u00f5es judici\u00e1rias preliminares, sobre as contas da \u00faltima campanha presidencial \u2013 j\u00e1 validadas pela \u00ab\u00a0Comiss\u00e3o Eleitoral\u00a0\u00bb\u00a0! \u2013 e sobre o trabalho efectivo (ou n\u00e3o) dos assistentes de deputados europeus.<\/p>\n<p>O facto \u00e9 que, as rusgas a que assistimos, seriam sem d\u00favida adequadas \u00e0 luta contra o terrorismo ou ao grande banditismo, nunca a um movimento pol\u00edtico\u00a0! O resultado da cobertura medi\u00e1tica destes acontecimentos, degradou a imagem do movimento, sendo que o \u00ab\u00a0timing\u00a0\u00bb escolhido para esta ac\u00e7\u00e3o policial, a poucos dias da apresenta\u00e7\u00e3o das listas \u00e0s elei\u00e7\u00f5es europeias, conforta a tese de persegui\u00e7\u00e3o pol\u00edtica.<\/p>\n<p>No preciso momento em que escrevo estas linhas, h\u00e1 282\u00a0000 pessoas a bloquear as estradas gaulesas, movidas por um movimento popular de revolta, contra a subida do pre\u00e7o dos combust\u00edveis, denominado \u00ab\u00a0coletes amarelos\u00a0\u00bb. A extrema-direita est\u00e1 a tentar infiltrar-se e a apropriar-se desta revolta, tal como aconteceu com os bolsonaristas na greve dos camionistas \u2013 caminhoneiros \u2013 brasileiros, em Maio. Que estranho mundo este, onde as f\u00f3rmulas de ac\u00e7\u00e3o fascistas parecem iguais em todo lado, independetemente da cultura, do pa\u00eds ou do continente em que acontecem. Obrigado globaliza\u00e7\u00e3o, obrigado Facebook, Twitter e WhatsApp. Obrigado ignaros.<\/p>\n<p>Apresento aqui em anexo, uma amostra de \u00ab\u00a0bocas\u00a0\u00bb que o nosso \u00b5 tem mandado neste seu primeiro ano de mandato presidencial. Verdadeiros insultos, denotando um menosprezo de classe abissal\u00a0:<\/p>\n<blockquote><p><em>\u00ab\u00a0Numa esta\u00e7\u00e3o de comboio, cruzamo-nos com pessoas de sucesso e com pessoas que n\u00e3o s\u00e3o nada\u00a0\u00bb<\/em><\/p>\n<p><em>\u00ab\u00a0Damos montes de dinheiro aos pobres e mesmo assim eles n\u00e3o se safam\u00a0\u00bb<\/em><\/p>\n<p><em>\u00ab\u00a0N\u00e3o cederei nada aos pregui\u00e7osos, aos c\u00ednicos e aos ego\u00edstas\u00a0\u00bb (estaria a falar dele ou dos seus amigos?)<\/em><\/p>\n<p><em>A prop\u00f3sito de uma manifesta\u00e7\u00e3o em frente a uma f\u00e1brica que ia fechar \u2013 \u00ab\u00a0Alguns, em vez de armar confus\u00e3o, deviam ir tentar arranjar emprego, pois at\u00e9 t\u00eam habilita\u00e7\u00f5es para isso\u00a0\u00bb<\/em><\/p>\n<p><em>\u00ab\u00a0Basta atravessar a rua para arranjares trabalho\u00a0\u00bb, disse ele a um jovem horticultor sem terra e sem trabalho.<\/em><\/p>\n<p><em>\u00ab\u00a0N\u00e3o sou mais do que uma emana\u00e7\u00e3o do gosto do Povo franc\u00eas pelo romanesco\u00a0\u00bb<\/em><\/p>\n<p><em>\u00ab\u00a0Sou o fruto de uma certa brutalidade da Hist\u00f3ria, de um assalto\u00a0\u00bb<\/em><\/p><\/blockquote>\n<p><em>______________________________________________<\/em><\/p>\n<p style=\"padding-left: 30px;\"><em><a href=\"https:\/\/www.transcend.org\/tms\/wp-content\/uploads\/2018\/12\/Paulo-Correia.png\" ><img loading=\"lazy\" decoding=\"async\" class=\"alignleft wp-image-123655 size-full\" src=\"https:\/\/www.transcend.org\/tms\/wp-content\/uploads\/2018\/12\/Paulo-Correia-e1544099282660.png\" alt=\"\" width=\"100\" height=\"156\" \/><\/a><\/em><em>Paulo Correia &#8211; Compositor de can\u00e7\u00f5es e m\u00fasico. Colabora como cronista e tradutor na reda\u00e7\u00e3o do site de Informa\u00e7\u00e3o alternativo belga <\/em>Investig\u2019Action<em>. Publica tamb\u00e9m no site alternativo franc\u00eas <\/em>Le Grand Soir<em>. Blogger no site <\/em>Ideia Perigosa.<em> Reside no sudoeste franc\u00eas, na regi\u00e3o de Bord\u00e9us \u2013 Nouvelle Aquitaine. Licenciado em Geologia pela Faculdade de Ci\u00eancias da Universidade de Lisboa, p\u00f3s-graduado com Mestrado\/MSc em G\u00e9osyst\u00e8mes pela Facult\u00e9 des Sciences de l\u2019Universit\u00e9 d\u2019Orl\u00e9ans, Fran\u00e7a. Foi Bolseiro de Investiga\u00e7\u00e3o Cient\u00edfica no grupo de estudos marinhos e ambientais na Universidade do Algarve e Ge\u00f3logo petrol\u00edfero em plataformas offshore no Mar do Norte e Angola.<\/em><\/p>\n<p><em>Leia este artigo en <a href=\"https:\/\/www.transcend.org\/tms\/2018\/11\/francais-la-formule-du-grand-capital-%c2%b5-%cf%86-fascisme\/\" >Fran\u00e7ais<\/a><\/em><\/p>\n<p><a target=\"_blank\" href=\"https:\/\/ideiaperigosa.wordpress.com\/2018\/11\/18\/3922\/\" >Go to Original \u2013 ideiaperigosa.wordpress.com<\/a><\/p>\n","protected":false},"excerpt":{"rendered":"<p>18 Nov 2018 &#8211; \u00b5 \u2013 \u03c6 = fascismo : A f\u00f3rmula fundamental do grande capital, aplicada \u00e0 pol\u00edtica de Fran\u00e7a, a terra da tomada da Bastilha, da Declara\u00e7\u00e3o dos Direitos do Homem e do Cidad\u00e3o e da divisa \u00ab Libert\u00e9  \u00c9galit\u00e9  Fraternit\u00e9 \u00bb. Micron (\u00b5) foi eleito com o slogan \u00ab nem de esquerda, nem de direita \u00bb. Viu-se no que deu.<\/p>\n","protected":false},"author":4,"featured_media":123655,"comment_status":"open","ping_status":"open","sticky":false,"template":"","format":"standard","meta":{"footnotes":""},"categories":[46],"tags":[],"class_list":["post-123372","post","type-post","status-publish","format-standard","has-post-thumbnail","hentry","category-original-languages"],"_links":{"self":[{"href":"https:\/\/www.transcend.org\/tms\/wp-json\/wp\/v2\/posts\/123372","targetHints":{"allow":["GET"]}}],"collection":[{"href":"https:\/\/www.transcend.org\/tms\/wp-json\/wp\/v2\/posts"}],"about":[{"href":"https:\/\/www.transcend.org\/tms\/wp-json\/wp\/v2\/types\/post"}],"author":[{"embeddable":true,"href":"https:\/\/www.transcend.org\/tms\/wp-json\/wp\/v2\/users\/4"}],"replies":[{"embeddable":true,"href":"https:\/\/www.transcend.org\/tms\/wp-json\/wp\/v2\/comments?post=123372"}],"version-history":[{"count":0,"href":"https:\/\/www.transcend.org\/tms\/wp-json\/wp\/v2\/posts\/123372\/revisions"}],"wp:featuredmedia":[{"embeddable":true,"href":"https:\/\/www.transcend.org\/tms\/wp-json\/wp\/v2\/media\/123655"}],"wp:attachment":[{"href":"https:\/\/www.transcend.org\/tms\/wp-json\/wp\/v2\/media?parent=123372"}],"wp:term":[{"taxonomy":"category","embeddable":true,"href":"https:\/\/www.transcend.org\/tms\/wp-json\/wp\/v2\/categories?post=123372"},{"taxonomy":"post_tag","embeddable":true,"href":"https:\/\/www.transcend.org\/tms\/wp-json\/wp\/v2\/tags?post=123372"}],"curies":[{"name":"wp","href":"https:\/\/api.w.org\/{rel}","templated":true}]}}