{"id":12522,"date":"2011-05-30T12:00:02","date_gmt":"2011-05-30T11:00:02","guid":{"rendered":"http:\/\/www.transcend.org\/tms\/?p=12522"},"modified":"2011-05-27T20:37:14","modified_gmt":"2011-05-27T19:37:14","slug":"italian-150-anni-tra-pace-e-guerra-una-lezione-per-il-futuro","status":"publish","type":"post","link":"https:\/\/www.transcend.org\/tms\/2011\/05\/italian-150-anni-tra-pace-e-guerra-una-lezione-per-il-futuro\/","title":{"rendered":"(Italian) 150 Anni Tra Pace e Guerra: Una Lezione Per Il Futuro"},"content":{"rendered":"<p>E\u2019 il pi\u00f9 completo percorso di storia della pace negli ultimi 150 anni che sia stato realizzato in Italia. Pace e guerra costituiscono un binomio in cui spesso i termini vengono confusi tra loro. Non stupisce quindi che nella mostra di Palazzo Samone si ritrovino anche i temi classici della guerra: prima e seconda guerra mondiale, Hiroshima e Nagasaki, corsa agli armamenti nucleari, guerra fredda.<\/p>\n<p>La denuncia della guerra \u00e8 resa particolarmente efficace dagli allestimenti scenografici realizzati dagli studenti del Liceo artistico Ego Bianchi di Cuneo, con la sapiente guida dei loro insegnanti. L\u2019ingresso nell\u2019era nucleare avviene facendo passare il visitatore attraverso un \u201cfungo nucleare\u201d stilizzato, oggi reso pi\u00f9 drammatico dopo la catastrofe di Fukushima.<\/p>\n<p>A ogni fase cruenta della storia italiana e mondiale si contrappone la ricerca di strade che portino alla costruzione di strutture di pace positiva: da quelle istituzionali che hanno dato vita alle Nazioni Unite, a quelle non istituzionali dei movimenti di base e delle lotte popolari, come fecero gli obiettori di coscienza durante la prima guerra mondiale. Una lotta che fu ripresa da Pietro Pinna nel 1949 e si concluse nel 1972 con il riconoscimento del diritto all\u2019obiezione di coscienza e l\u2019istituzione del servizio civile.<\/p>\n<p>Durante i periodi bui del nazifascismo, la lotta per la pace ha voluto dire \u201cresistenza\u201d, non solo quella armata, che vide proprio nel cuneese il sorgere delle prime formazioni partigiane. Una intera stanza \u00e8 dedicata alla resistenza civile, con un efficace allestimento: le \u201cLuci che non si spengono\u201d. Sono le storie di uomini e donne che con le loro azioni si sono opposti al nazifascismo, come avvenne a Carrara nel luglio 1944. In una postazione video si possono seguire le commoventi testimonianze di alcune delle protagoniste di allora.<\/p>\n<p>La Costituzione italiana ha tentato di porre un baluardo al ripetersi del \u201cflagello della guerra\u201d con l\u2019articolo 11, che tuttavia non ha impedito di invischiarci nelle cosiddette \u201cguerre umanitarie\u201d. Dopo cent\u2019anni dalla nostra aggressione in Libia, siamo nuovamente entrati in guerra sull\u2019altra sponda del Mediterraneo.<\/p>\n<p>E\u2019 necessario proseguire il lavoro iniziato cinquant\u2019anni fa con la prima marcia Perugia-Assisi promossa da Aldo Capitini e continuato da don Milani, Ernesto Balducci, David Maria Turoldo e tanti altri.<\/p>\n<p>L\u2019ultima sezione della mostra, nel Chiostro del Museo Civico, ci introduce ai complessi temi odierni, passando attraverso una ricostruzione simbolica del Muro di Berlino.<\/p>\n<p>Mediante l\u2019ausilio di efficaci tabelloni sono documentati i principali problemi che l\u2019umanit\u00e0 deve affrontare: cambiamento climatico, povert\u00e0 estrema, esaurimento delle risorse, crisi energetica e vengono proposte efficaci alternative. A cominciare dalla riduzione delle spese militari, che consentirebbe di avviare a soluzione tutti quanti i problemi.<\/p>\n<p>Educare alla pace e alla trasformazione nonviolenta dei conflitti, anche mediante l\u2019istituzione di Corpi Civili di Pace, \u00e8 una delle pi\u00f9 importanti alternative su cui lavorare.<\/p>\n<p>Saremo cos\u00ec saggi da raccogliere queste proposte? La mostra, che ci auguriamo si trasformi in un museo-laboratorio permanente, \u00e8 uno degli strumenti pi\u00f9 efficaci di educazione, rivolto sia alle giovani generazioni sia a coloro che hanno vissuto direttamente le violenze della guerra, dell\u2019intolleranza, della dittatura.<\/p>\n<p>_____________________<\/p>\n<p><em>Prof. Nanni Salio \u00e8 membro della rete TRANSCEND per la Pace, Sviluppo e Ambiente.<\/em><\/p>\n<p><a target=\"_blank\" href=\"http:\/\/serenoregis.org\/2011\/05\/150-anni-tra-pace-e-guerra-una-lezione-per-il-futuro-nanni-salio\/\" > <\/a><\/p>\n<p><a target=\"_blank\" href=\"http:\/\/serenoregis.org\/2011\/05\/150-anni-tra-pace-e-guerra-una-lezione-per-il-futuro-nanni-salio\/\" ><em> <\/em><\/a><a target=\"_blank\" href=\"http:\/\/serenoregis.org\/2011\/05\/150-anni-tra-pace-e-guerra-una-lezione-per-il-futuro-nanni-salio\/\" >Go to Original \u2013 serenoregis.org<\/a><\/p>\n","protected":false},"excerpt":{"rendered":"<p>E\u2019 il pi\u00f9 completo percorso di storia della pace negli ultimi 150 anni che sia stato realizzato in Italia. Pace e guerra costituiscono un binomio in cui spesso i termini vengono confusi tra loro.<\/p>\n","protected":false},"author":4,"featured_media":0,"comment_status":"open","ping_status":"open","sticky":false,"template":"","format":"standard","meta":{"footnotes":""},"categories":[46],"tags":[],"class_list":["post-12522","post","type-post","status-publish","format-standard","hentry","category-original-languages"],"_links":{"self":[{"href":"https:\/\/www.transcend.org\/tms\/wp-json\/wp\/v2\/posts\/12522","targetHints":{"allow":["GET"]}}],"collection":[{"href":"https:\/\/www.transcend.org\/tms\/wp-json\/wp\/v2\/posts"}],"about":[{"href":"https:\/\/www.transcend.org\/tms\/wp-json\/wp\/v2\/types\/post"}],"author":[{"embeddable":true,"href":"https:\/\/www.transcend.org\/tms\/wp-json\/wp\/v2\/users\/4"}],"replies":[{"embeddable":true,"href":"https:\/\/www.transcend.org\/tms\/wp-json\/wp\/v2\/comments?post=12522"}],"version-history":[{"count":0,"href":"https:\/\/www.transcend.org\/tms\/wp-json\/wp\/v2\/posts\/12522\/revisions"}],"wp:attachment":[{"href":"https:\/\/www.transcend.org\/tms\/wp-json\/wp\/v2\/media?parent=12522"}],"wp:term":[{"taxonomy":"category","embeddable":true,"href":"https:\/\/www.transcend.org\/tms\/wp-json\/wp\/v2\/categories?post=12522"},{"taxonomy":"post_tag","embeddable":true,"href":"https:\/\/www.transcend.org\/tms\/wp-json\/wp\/v2\/tags?post=12522"}],"curies":[{"name":"wp","href":"https:\/\/api.w.org\/{rel}","templated":true}]}}