{"id":125382,"date":"2019-01-07T12:01:40","date_gmt":"2019-01-07T12:01:40","guid":{"rendered":"https:\/\/www.transcend.org\/tms\/?p=125382"},"modified":"2019-01-06T11:46:02","modified_gmt":"2019-01-06T11:46:02","slug":"francais-periple-bresilien-dune-democratie-assassinee-du-coup-detat-contre-dilma-rousseff-a-lelection-de-jair-bolsonaro","status":"publish","type":"post","link":"https:\/\/www.transcend.org\/tms\/2019\/01\/francais-periple-bresilien-dune-democratie-assassinee-du-coup-detat-contre-dilma-rousseff-a-lelection-de-jair-bolsonaro\/","title":{"rendered":"(Fran\u00e7ais) P\u00e9riple br\u00e9silien d\u2019une d\u00e9mocratie assassin\u00e9e: Du coup d\u2019\u00c9tat contre Dilma Rousseff \u00e0 l\u2019\u00e9lection de Jair Bolsonaro"},"content":{"rendered":"<blockquote><p>2 Jan 2019 &#8211;<em> Alors que la plupart de la classe bien-pensante plan\u00e9taire constitu\u00e9e de philosophes, d\u2019analystes politiques et de journalistes, n\u2019arr\u00eate pas de nous dire que nous n\u2019assistons pas au retour du fascisme mais \u00e0 une nouvelle forme jamais vue de populisme, l\u2019exemple br\u00e9silien d\u00e9montre que la brutalit\u00e9 et les pers\u00e9cutions d\u2019autres temps sont d\u00e9j\u00e0 l\u00e0, au pr\u00e9sent\u00a0! Pour qu\u2019on puisse appliquer la d\u00e9finition de fascisme \u00e0 100%, il manque \u00ab\u00a0juste\u00a0\u00bb en effet, que le PSL de Bolsonaro devienne le parti unique, mais pour cela il lui faut un peu de temps, moins qu\u2019\u00e0 Donald Trump en tout cas, pour d\u00e9manteler compl\u00e8tement les institutions.<\/em><\/p><\/blockquote>\n<div id=\"attachment_125383\" style=\"width: 560px\" class=\"wp-caption aligncenter\"><a href=\"https:\/\/www.transcend.org\/tms\/wp-content\/uploads\/2019\/01\/Brasilia-Brasil.jpg\" ><img loading=\"lazy\" decoding=\"async\" aria-describedby=\"caption-attachment-125383\" class=\"wp-image-125383\" src=\"https:\/\/www.transcend.org\/tms\/wp-content\/uploads\/2019\/01\/Brasilia-Brasil.jpg\" alt=\"\" width=\"550\" height=\"366\" srcset=\"https:\/\/www.transcend.org\/tms\/wp-content\/uploads\/2019\/01\/Brasilia-Brasil.jpg 640w, https:\/\/www.transcend.org\/tms\/wp-content\/uploads\/2019\/01\/Brasilia-Brasil-300x200.jpg 300w\" sizes=\"auto, (max-width: 550px) 100vw, 550px\" \/><\/a><p id=\"caption-attachment-125383\" class=\"wp-caption-text\">Le Congr\u00e8s national \u00e0 Brasilia, la coupole du syst\u00e8me politique br\u00e9silien.<br \/>Photo : F\u00e1bio Rodrigues Pozzebom, Ag\u00eancia Brasil.<\/p><\/div>\n<p><strong>Les louanges du d\u00e9put\u00e9 Bolsonaro \u00e0 la torture lors du coup de 2016 <\/strong><\/p>\n<p>En tant que d\u00e9put\u00e9 f\u00e9d\u00e9ral, Jair Messias Bolsonaro a vot\u00e9 pour la destitution de la pr\u00e9sidente de la R\u00e9publique \u00e9lue, Dilma Rousseff et a d\u00e9clar\u00e9\u00a0 lors de son vote \u00e0 la Chambre des d\u00e9put\u00e9s en avril 2016 : \u00ab \u00c0 la m\u00e9moire du colonel Carlos Alberto Brilhante Ustra, la frayeur de Dilma Rousseff \u00bb [1]. Ustra a \u00e9t\u00e9 celui qui a tortur\u00e9 <a target=\"_blank\" href=\"https:\/\/www.investigaction.net\/fr\/la-dame-de-fer\/\" >Dilma en prison<\/a> (1970-1972), quand elle militait contre la dictature militaire\u00a0!<\/p>\n<div id=\"attachment_125384\" style=\"width: 610px\" class=\"wp-caption aligncenter\"><a href=\"https:\/\/www.transcend.org\/tms\/wp-content\/uploads\/2019\/01\/dilma-rousseff.jpg\" ><img loading=\"lazy\" decoding=\"async\" aria-describedby=\"caption-attachment-125384\" class=\"wp-image-125384\" src=\"https:\/\/www.transcend.org\/tms\/wp-content\/uploads\/2019\/01\/dilma-rousseff.jpg\" alt=\"\" width=\"600\" height=\"228\" srcset=\"https:\/\/www.transcend.org\/tms\/wp-content\/uploads\/2019\/01\/dilma-rousseff.jpg 752w, https:\/\/www.transcend.org\/tms\/wp-content\/uploads\/2019\/01\/dilma-rousseff-300x114.jpg 300w\" sizes=\"auto, (max-width: 600px) 100vw, 600px\" \/><\/a><p id=\"caption-attachment-125384\" class=\"wp-caption-text\">Dilma Rousseff, prisonni\u00e8re politique tortur\u00e9e et pr\u00e9sidente de la R\u00e9publique destitu\u00e9e.<br \/>Site \u00ab Mem\u00f3rias da ditadura \u00bb.<\/p><\/div>\n<p>La premi\u00e8re femme \u00e9lue d\u00e9mocratiquement \u00e0 la pr\u00e9sidence du plus grand pays d\u2019Am\u00e9rique Latine a \u00e9t\u00e9 \u00e9vinc\u00e9e du pouvoir sans n\u2019avoir commis <a target=\"_blank\" href=\"https:\/\/www.investigaction.net\/fr\/discours-de-defense-de-dilma-rousseff-au-senat\/\" >aucun d\u00e9lit\u00a0<\/a>! Bolsonaro a aussi d\u00e9clar\u00e9 cette ann\u00e9e-l\u00e0 que\u00a0: \u00ab\u00a0L\u2019erreur de la dictature (1964-1985) a \u00e9t\u00e9 de torturer sans tuer\u00a0\u00bb.<\/p>\n<p><strong>La triste illustration des politiques ultra-lib\u00e9rales<\/strong><\/p>\n<p>Apr\u00e8s le coup de 2016, suivirent deux ans d\u2019une politique ultra-lib\u00e9rale, conduite par l\u2019usurpateur Michel Temer, qui a vendu une bonne partie des actifs \u00e9tatiques aux <a target=\"_blank\" href=\"https:\/\/www.investigaction.net\/fr\/bresil-le-pouvoir-sempresse-a-livrer-aux-multinationales-le-mega-champ-petrolifere-pre-sal\/\" >groupes transnationaux<\/a> en seulement 2 ans et qui a gel\u00e9 par d\u00e9cret les investissements publics pendant 20 ans. Le climax symbolique de cette politique a \u00e9t\u00e9 l\u2019incendie du Mus\u00e9e National de Rio de Janeiro, le 2 septembre. Des inspections faites au mus\u00e9e auparavant, avaient d\u00e9j\u00e0 point\u00e9 des lacunes graves, en ce qui concernait la s\u00e9curit\u00e9 anti-incendie.<\/p>\n<div id=\"attachment_125385\" style=\"width: 560px\" class=\"wp-caption aligncenter\"><a href=\"https:\/\/www.transcend.org\/tms\/wp-content\/uploads\/2019\/01\/incendio-museu-nacional-rio-de-janeiro-brasil.jpg\" ><img loading=\"lazy\" decoding=\"async\" aria-describedby=\"caption-attachment-125385\" class=\"wp-image-125385\" src=\"https:\/\/www.transcend.org\/tms\/wp-content\/uploads\/2019\/01\/incendio-museu-nacional-rio-de-janeiro-brasil.jpg\" alt=\"\" width=\"550\" height=\"367\" srcset=\"https:\/\/www.transcend.org\/tms\/wp-content\/uploads\/2019\/01\/incendio-museu-nacional-rio-de-janeiro-brasil.jpg 771w, https:\/\/www.transcend.org\/tms\/wp-content\/uploads\/2019\/01\/incendio-museu-nacional-rio-de-janeiro-brasil-300x200.jpg 300w, https:\/\/www.transcend.org\/tms\/wp-content\/uploads\/2019\/01\/incendio-museu-nacional-rio-de-janeiro-brasil-768x512.jpg 768w\" sizes=\"auto, (max-width: 550px) 100vw, 550px\" \/><\/a><p id=\"caption-attachment-125385\" class=\"wp-caption-text\">L\u2019incendie du Mus\u00e9e National de Rio de Janeiro, le 2 septembre 2018.<br \/>Photo : T\u00e2nia R\u00eago, Ag\u00eancia Brasil.<\/p><\/div>\n<p>\u00ab\u00a0\u00c0 part\u00a0\u00bb une baisse des fonds attribu\u00e9s au mus\u00e9e par l\u2019\u00c9tat F\u00e9d\u00e9ral de Rio de Janeiro, gouvern\u00e9 par le m\u00eame parti de Temer, le MDB de centre-droit\u00a0; rien n\u2019a \u00e9t\u00e9 fait pour r\u00e9soudre ces failles\u00a0! La presque totalit\u00e9 du patrimoine mus\u00e9ologique a \u00e9t\u00e9 ainsi d\u00e9truit \u2013 20 millions d\u2019items collectionn\u00e9s pendant 200 ans, dont une collection inestimable de 1\u00a0800 artefacts indig\u00e8nes de l\u2019\u00e8re pr\u00e9colombienne et les Archives Historiques. Apparemment ont r\u00e9sist\u00e9 aux flammes\u00a0: le squelette fossilis\u00e9 d\u2019un grand dinosaure herbivore de la p\u00e9riode Cr\u00e9tac\u00e9 \u2013 80 millions d\u2019ann\u00e9es \u2013 le <em>Maxakalisaurus topai<\/em>, d\u00e9couvert dans la commune de Prata \u2013 Minas Gerais \u2013 en 1998 et le fossile humain le plus ancien d\u2019Am\u00e9rique du Sud \u2013 nomm\u00e9e Luzia \u2013 avec 12 mille ans environ, d\u00e9couvert dans la r\u00e9gion m\u00e9tropolitaine de Belo Horizonte \u2013 Minas Gerais \u2013 en 1975, par une \u00e9quipe scientifique franco-br\u00e9silienne, dirig\u00e9e par l\u2019arch\u00e9ologue et r\u00e9sistante fran\u00e7aise, Annette Laming-Emperaire.<\/p>\n<p><strong>L\u2019assassinat du Progr\u00e8s<\/strong><\/p>\n<p>Pendant que les bourreaux de Lula da Silva glissaient dans les m\u00e9dias la possibilit\u00e9 de son arrestation et mort politique cons\u00e9quente, nous apprenons stup\u00e9faits l\u2019assassinat de Marielle Franco, conseill\u00e8re municipale de la ville de Rio de Janeiro du Partie Socialisme et Libert\u00e9 \u2013 PSOL \u2013, en mars 2018. \u00a0L\u2019ex\u00e9cution\u00a0de Marielle Franco a d\u00e9montr\u00e9 que les forces r\u00e9actionnaires ne laissent aucune chance aux figures charismatiques issues des mouvements d\u00e9mocratiques, populaires et progressistes\u00a0!<\/p>\n<div id=\"attachment_125386\" style=\"width: 270px\" class=\"wp-caption aligncenter\"><a href=\"https:\/\/www.transcend.org\/tms\/wp-content\/uploads\/2019\/01\/Marielle-Franco.jpg\" ><img loading=\"lazy\" decoding=\"async\" aria-describedby=\"caption-attachment-125386\" class=\"size-full wp-image-125386\" src=\"https:\/\/www.transcend.org\/tms\/wp-content\/uploads\/2019\/01\/Marielle-Franco.jpg\" alt=\"\" width=\"260\" height=\"390\" srcset=\"https:\/\/www.transcend.org\/tms\/wp-content\/uploads\/2019\/01\/Marielle-Franco.jpg 260w, https:\/\/www.transcend.org\/tms\/wp-content\/uploads\/2019\/01\/Marielle-Franco-200x300.jpg 200w\" sizes=\"auto, (max-width: 260px) 100vw, 260px\" \/><\/a><p id=\"caption-attachment-125386\" class=\"wp-caption-text\">Marielle Franco (1979-2018), assassin\u00e9e le 14 mars 2018.<br \/>Photo : M\u00eddia Ninja.<\/p><\/div>\n<p>Marielle Franco, dont la popularit\u00e9 grandissait de jour en jour, d\u00e9fendait vigoureusement un changement profond de la soci\u00e9t\u00e9 br\u00e9silienne, qui ait comme base le militantisme des franges exclues et majoritaires du peuple Br\u00e9silien. Elle \u00e9tait un des plus grands porte-drapeaux des d\u00e9bats sur le genre sexuel, la n\u00e9gritude, l\u2019exclusion, la pauvret\u00e9 et elle appuyait avec force l\u2019action militante des gens des favelas, dont elle faisait partie. Elle aurait fait une excellente pr\u00e9sidente d\u2019un Br\u00e9sil\u00a0moderne et un mod\u00e8le d\u2019inspiration progressiste pour toute la plan\u00e8te !<\/p>\n<p>httpv:\/\/www.youtube.com\/watch?v=tuPkNf-5Few<\/p>\n<p style=\"text-align: center;\"><em>(Ma reprise engag\u00e9e de Michel Berger pour Lula, emprisonn\u00e9 injustement et arbitrairement, que je publie ici, un jour apr\u00e8s l\u2019investiture d\u2019un pr\u00e9sident de la R\u00e9publique F\u00e9d\u00e9rative du Br\u00e9sil, apprenti du n\u00e9o-fascisme)<\/em><\/p>\n<p><strong>L\u2019espoir de Lula mis derri\u00e8re les barreaux<\/strong><\/p>\n<p>Le <a target=\"_blank\" href=\"https:\/\/www.investigaction.net\/fr\/lula-est-le-joyau-de-la-couronne-du-plan-datlanta\/\" >coup de gr\u00e2ce<\/a> contre la fragile d\u00e9mocratie br\u00e9silienne a \u00e9t\u00e9 l\u2019emprisonnement de Lula en avril 2018, sans preuve de quoi que ce soit contre lui, alors qu\u2019il \u00e9t\u00e9 donn\u00e9 en t\u00eate dans tous les <a target=\"_blank\" href=\"https:\/\/www.investigaction.net\/fr\/sondage-cut-vox-populi-lula-renforce-son-score-et-gagne-les-presidentielles-au-premier-tour\/\" >sondages<\/a> pour emporter au premier tour l\u2019\u00e9lection pr\u00e9sidentielle, qui a eu lieu le mois d\u2019octobre dernier. Il s\u2019est confi\u00e9 cette semaine \u00e0 quelques-uns de ses proches en leur disant que\u00a0: \u00ab\u00a0Je ne suis pas un prisonnier mais un otage\u00a0\u00bb [2]. En effet, \u00e0 chaque fois qu\u2019une personnalit\u00e9 parle aux m\u00e9dias au sujet de la lib\u00e9ration de Lula, l\u2019arm\u00e9e br\u00e9silienne se prononce visc\u00e9ralement contre, \u00e0 haute-voix et laisse planer l\u2019ombre d\u2019un vrai coup d\u2019\u00c9tat militaire, si jamais la Justice et la Cour supr\u00eame d\u00e9cidaient de sa lib\u00e9ration.<\/p>\n<div id=\"attachment_125387\" style=\"width: 610px\" class=\"wp-caption aligncenter\"><a href=\"https:\/\/www.transcend.org\/tms\/wp-content\/uploads\/2019\/01\/luiz-inacio-lula-da-silva-brasil.jpg\" ><img loading=\"lazy\" decoding=\"async\" aria-describedby=\"caption-attachment-125387\" class=\"wp-image-125387\" src=\"https:\/\/www.transcend.org\/tms\/wp-content\/uploads\/2019\/01\/luiz-inacio-lula-da-silva-brasil.jpg\" alt=\"\" width=\"600\" height=\"333\" srcset=\"https:\/\/www.transcend.org\/tms\/wp-content\/uploads\/2019\/01\/luiz-inacio-lula-da-silva-brasil.jpg 810w, https:\/\/www.transcend.org\/tms\/wp-content\/uploads\/2019\/01\/luiz-inacio-lula-da-silva-brasil-300x166.jpg 300w, https:\/\/www.transcend.org\/tms\/wp-content\/uploads\/2019\/01\/luiz-inacio-lula-da-silva-brasil-768x426.jpg 768w\" sizes=\"auto, (max-width: 600px) 100vw, 600px\" \/><\/a><p id=\"caption-attachment-125387\" class=\"wp-caption-text\">Lula est le Peuple et le Peuple est Lula. Meeting \u00e0 Belo Horizonte, Minas Gerais en octobre 2017. Photo : Ricardo Stuckert.<\/p><\/div>\n<p>N\u2019oublions pas qu\u2019au mois d\u2019ao\u00fbt, le <a target=\"_blank\" href=\"https:\/\/www.investigaction.net\/fr\/lonu-sest-prononcee-officiellement-lula-a-le-droit-detre-candidat\/\" >Haut-Commissariat des droits de l\u2019Homme de l\u2019ONU<\/a> \u2013 HCDH \u2013 a demand\u00e9 aux autorit\u00e9s br\u00e9siliennes de conc\u00e9der le droit au citoyen Luiz In\u00e1cio Lula da Silva de se pr\u00e9senter \u00e0 l\u2019\u00e9lection, m\u00eame en prison. L\u2019ONU fait ainsi savoir que le Br\u00e9sil d\u00e9rape dans le c\u00f4t\u00e9 obscur et qu\u2019une \u00e9lite ne doit pas se servir de l\u2019\u00c9tat et de la Justice pour \u00e9liminer et disqualifier un opposant politique.<\/p>\n<p><strong>Finalement l\u2019op\u00e9ration \u00ab\u00a0Lava Jato\u00a0\u2013 Lavage \u00e0 coup de Jet\u00bb a servi juste \u00e0 accuser Lula et \u00e0 essayer de d\u00e9truire le Parti des Travailleurs \u2013 PT<\/strong><\/p>\n<p>Le juge S\u00e9rgio Moro a condamn\u00e9 Lula avec l\u2019aide pr\u00e9cieuse des m\u00e9dias et le matraquage informatif quotidien de d\u00e9nigrement, qui a orient\u00e9 l\u2019opinion publique contre Lula et le PT.\u00a0 \u00c0 part des accusations bas\u00e9es sur la d\u00e9lation \u2013 des d\u00e9lateurs qui garantissaient ainsi leur libert\u00e9 et la conservation de leur patrimoine\u00a0! \u2013, aucune preuve n\u2019a \u00e9t\u00e9 ajout\u00e9e dans le proc\u00e8s d\u2019accusation. Par contre <a target=\"_blank\" href=\"https:\/\/www.investigaction.net\/fr\/bresil-le-secret-cache-du-groupe-globo-et-de-loperation-lava-jato\/\" >l\u2019op\u00e9ration \u00ab\u00a0Lava Jato\u00a0\u00bb<\/a> a servi \u00e0 glorifier un juge de premi\u00e8re instance et \u00e0 le catapulter ministre de la Justice du principal b\u00e9n\u00e9ficiaire de la prison de Lula \u2013 Jair Messias Bolsonaro \u2013 le nom complet du futur pr\u00e9sident br\u00e9silien. Traduction de Messias = Messie\u00a0!<\/p>\n<p>Dans l\u2019actuel scandale appel\u00e9 \u00ab\u00a0Bolsogate\u00a0\u00bb \u2013 en portugais \u00ab\u00a0bolso\u00a0\u00bb= poche \u2013 on d\u00e9couvre que le fils Bolsonaro, Fl\u00e1vio \u2013 d\u00e9put\u00e9 f\u00e9d\u00e9ral depuis 2003 et \u00e9lu s\u00e9nateur en 2018 \u2013 utilisait son chauffeur Fabr\u00edcio Queiroz dans des mouvements d\u2019argent atypiques qui atteignaient des valeurs estim\u00e9es \u00e0 270 mille euros, probablement en tant qu\u2019homme de paille [3]. La fille du chauffeur, Nath\u00e1lia Queiroz \u2013 coach de personnalit\u00e9s publiques br\u00e9siliennes \u2013 avait d\u00e9j\u00e0 \u00e9t\u00e9 suspect\u00e9e d\u2019avoir re\u00e7u de l\u2019argent public en tant qu\u2019assistante parlementaire de Jair Bolsonaro, sans avoir jamais travaill\u00e9 pour le d\u00e9put\u00e9. \u00ab\u00a0Encore une affaire Fillon, genre tropical cette fois-ci\u00a0\u00bb [4]. Aucun de ces cas n\u2019a \u00e9veill\u00e9 l\u2019int\u00e9r\u00eat de l\u2019\u00e9quipe \u00ab\u00a0Lava Jato\u00a0\u00bb\u00a0! \u00ab\u00a0L\u2019affaire Bolsonaro\u00a0\u00bb devient aujourd\u2019hui publique gr\u00e2ce \u00e0 une fuite du Coaf \u2013 Conseil de control d\u2019activit\u00e9s financi\u00e8res du minist\u00e8re des Finances, qui n\u2019est clairement pas encore contr\u00f4l\u00e9 par le juge Moro.<\/p>\n<div id=\"attachment_125388\" style=\"width: 510px\" class=\"wp-caption aligncenter\"><a href=\"https:\/\/www.transcend.org\/tms\/wp-content\/uploads\/2019\/01\/sergio-moro-jair-bolsonaro-brasil.jpg\" ><img loading=\"lazy\" decoding=\"async\" aria-describedby=\"caption-attachment-125388\" class=\"wp-image-125388\" src=\"https:\/\/www.transcend.org\/tms\/wp-content\/uploads\/2019\/01\/sergio-moro-jair-bolsonaro-brasil.jpg\" alt=\"\" width=\"500\" height=\"333\" srcset=\"https:\/\/www.transcend.org\/tms\/wp-content\/uploads\/2019\/01\/sergio-moro-jair-bolsonaro-brasil.jpg 774w, https:\/\/www.transcend.org\/tms\/wp-content\/uploads\/2019\/01\/sergio-moro-jair-bolsonaro-brasil-300x200.jpg 300w, https:\/\/www.transcend.org\/tms\/wp-content\/uploads\/2019\/01\/sergio-moro-jair-bolsonaro-brasil-768x512.jpg 768w\" sizes=\"auto, (max-width: 500px) 100vw, 500px\" \/><\/a><p id=\"caption-attachment-125388\" class=\"wp-caption-text\">Le juge S\u00e9rgio Moro et le pr\u00e9sident \u00e9lu Jair Bolsonaro, le 10 d\u00e9cembre 2018, TSE \u2013 Tribunal sup\u00e9rieure \u00e9lectoral. Photo : Roberto Jayme, Ascom.<\/p><\/div>\n<p>L\u2019opinion du chroniqueur br\u00e9silien Jeferson Miola, r\u00e9sume bien le pourquoi de l\u2019impunit\u00e9 de Bolsonaro\u00a0: \u00ab\u00a0Malgr\u00e9 des forts indices de p\u00e9culat, blanchiment d\u2019argent, association criminelle et augmentation illicite de patrimoine, Bolsonaro n\u2019as pas \u00e9t\u00e9 et ne sera pas la cible d\u2019aucune investigation, car il est le vecteur du projet barbare que la bourgeoisie veut imposer au Br\u00e9sil, sur une base d\u2019arbitre, contre la Constitution\u00a0\u00bb [5].<\/p>\n<p><strong>Une r\u00e9volte conservatrice instigu\u00e9e du bas vers le haut<\/strong><\/p>\n<p>Selon le philosophe br\u00e9silien Marcos Nobre, Professeur \u00e0 l\u2019Universit\u00e9 de Campinas \u2013 S\u00e3o Paulo [6], Bolsonaro se croit lui-m\u00eame le leader d\u2019une r\u00e9volte conservatrice et son but n\u2019est pas de s\u2019adapter aux institutions, mais de corroder le syst\u00e8me de l\u2019int\u00e9rieur. Sa strat\u00e9gie est et sera d\u2019associer ses valeurs d\u2019extr\u00eame droite \u00e0 l\u2019\u00e9thique et la d\u00e9cence et d\u2019assimiler tout le reste \u2013 le syst\u00e8me politique \u2013 \u00a0avec \u00ab\u00a0la gauche\u00a0\u00bb, cela veut dire, avec tout ce qui est corruption et corrupteur.<\/p>\n<p>\u00c0 l\u2019apog\u00e9e\u00a0 du proc\u00e8s \u00ab\u00a0d\u2019impeachment\u00a0\u00bb de Dilma Rousseff, en juillet 2016, un sondage \u00ab\u00a0Datafolha\u00a0\u00bb donnait 7% d\u2019intentions de vote pour Bolsonaro. Sa base \u00e9lectorale se constituait de 13% d\u2019individus avec une formation universitaire, 19% qui gagnaient 5 \u00e0 10 salaires minimums \u2013 salaire minimum br\u00e9silien = 226 euros brut, le 1<sup>er<\/sup> janvier 2019 \u2013 et de 16% au-dessus de 10 salaires minimums [7].<\/p>\n<p>Une partie importante de ceux qui appartenaient aux\u00a0 strates de revenus et de scolarit\u00e9 sup\u00e9rieures a commenc\u00e9 le d\u00e9mant\u00e8lement de la coupole du syst\u00e8me politique. C\u2019\u00e9tait une r\u00e9volte des militaires de rang inf\u00e9rieur contre les haut-grad\u00e9s, du \u00ab\u00a0petit-d\u00e9put\u00e9\u00bb du Congr\u00e8s national contre les figures parlementaires influentes, des petits commer\u00e7ants, producteurs ruraux et industriels contre leurs entit\u00e9s repr\u00e9sentatives et les \u00ab\u00a0grands groupes nationaux\u00a0\u00bb, des bases de premi\u00e8re instance de la Justice contre les instances sup\u00e9rieures. La r\u00e9volte a commenc\u00e9 par menacer\u00a0 les leaders qui pr\u00e9tendaient parler au nom de leurs sujets, au moment de n\u00e9gocier leurs voix et soutiens avec les figures de proue de la hi\u00e9rarchie politique [8].<\/p>\n<p>La <a target=\"_blank\" href=\"https:\/\/www.investigaction.net\/fr\/bresil-petrobras-et-le-coup-detat-contre-dilma\/\" >destitution de Dilma Rousseff<\/a> en 2016 a marqu\u00e9 le moment o\u00f9 ce d\u00e9mant\u00e8lement depuis le bas est arriv\u00e9 en haut du syst\u00e8me. Les scandales provoqu\u00e9s par l\u2019\u00e9quipe \u00ab\u00a0Lava Jato\u00a0\u00bb, surtout contre le Parti des Travailleurs dans les affaires du groupe p\u00e9trolier national \u00ab\u00a0Petrobr\u00e1s\u00a0\u00bb, ont aid\u00e9 \u00e0 ce d\u00e9mant\u00e8lement [9]. \u00a0En juin 2017, le procureur Rodrigo Janot d\u00e9nonce le pr\u00e9sident Michel Temer pour corruption passive dans les affaires <a target=\"_blank\" href=\"https:\/\/www.investigaction.net\/fr\/le-scandale-de-corruption-du-bresil-devient-international\/\" >\u00ab\u00a0Odebrecht \u2013 le g\u00e9ant du BTP\u00a0\u00bb<\/a> et \u00ab\u00a0JBS \u2013 le g\u00e9ant de l\u2019agro-alimentaire\u00a0\u00bb mais jusqu\u2019\u00e0 pr\u00e9sent, aucune action judiciaire n\u2019a \u00e9t\u00e9 entreprise. D\u2019ailleurs, il se pr\u00e9pare \u00e0 partir en exil au Portugal, si jamais Moro voulait d\u00e9montrer qu\u2019il peut agir contre des figures importantes d\u2019autres partis que le PT.<\/p>\n<p><strong>Bolsonaro\u00a0: Le fruit d\u2019une forme de brutalit\u00e9 de l\u2019Histoire, d\u2019une effraction<\/strong><\/p>\n<p>Ce n\u2019est pas par hasard que le sondage \u00ab\u00a0Datafolha\u00a0\u00bb du mois de juin 2017 a enregistr\u00e9 un saut vers 16% d\u2019intention de vote pour Bolsonaro. Son expansion a suivi la m\u00eame norme de sa base \u00e9lectorale initiale\u00a0: 21% de ses \u00e9lecteurs potentiels avaient une formation sup\u00e9rieure et il \u00e9t\u00e9 donn\u00e9 en t\u00eate dans les tranches de revenu de 5 \u00e0 10 salaires minimums avec 25% et au-dessus de 10 salaires minimums avec 20%. Il a maintenu un profil d\u2019\u00e9lecteur majoritairement masculin et d\u2019implantation \u00e9vang\u00e9lique. La nouveaut\u00e9 est venue de la couche de revenus entre 2 \u00e0 5 salaires minimums avec 20% et parmi l\u2019\u00e9lectorat le plus jeune, avec une progression significative [10].<\/p>\n<p>En ao\u00fbt 2018, au d\u00e9but de la campagne \u00e9lectorale, l\u2019\u00e9limination de Lula de la course a mis Bolsonaro dans le palier des 20% d\u2019intentions de vote. Plus que \u00e7a, ces chiffres montraient un enracinement au tour de sa base \u00e9lectorale, les 16% qui avaient d\u00e9j\u00e0 adh\u00e9r\u00e9 \u00e0 ses id\u00e9es un an auparavant. C\u2019est \u00e0 ce groupe de soutien que Bolsonaro r\u00e9ponds \u00e0 pr\u00e9sent. Le pr\u00e9sident \u00e9lu doit maintenant des comptes surtout \u00e0 ceux qui ont cru \u00e0 sa candidature [11]. \u00a0Le choix des futurs ministres de la Justice, S\u00e9rgio Moro et le \u00ab\u00a0Chicago Boy\u00a0\u00bb, <a target=\"_blank\" href=\"https:\/\/www.investigaction.net\/fr\/premier-tour-des-elections-au-bresil-le-bresil-sur-la-voie-du-fascisme\/\" >Paulo Guedes<\/a> \u00e0 l\u2019\u00c9conomie vont faire le bonheur de sa base \u00e9lectorale, mais surtout celui des int\u00e9r\u00eats imp\u00e9rialistes r\u00e9gionaux des USA.<\/p>\n<div id=\"attachment_125389\" style=\"width: 410px\" class=\"wp-caption aligncenter\"><a href=\"https:\/\/www.transcend.org\/tms\/wp-content\/uploads\/2019\/01\/john-bolton-jair-bolsonaro-brasil.jpg\" ><img loading=\"lazy\" decoding=\"async\" aria-describedby=\"caption-attachment-125389\" class=\"wp-image-125389\" src=\"https:\/\/www.transcend.org\/tms\/wp-content\/uploads\/2019\/01\/john-bolton-jair-bolsonaro-brasil.jpg\" alt=\"\" width=\"400\" height=\"320\" srcset=\"https:\/\/www.transcend.org\/tms\/wp-content\/uploads\/2019\/01\/john-bolton-jair-bolsonaro-brasil.jpg 754w, https:\/\/www.transcend.org\/tms\/wp-content\/uploads\/2019\/01\/john-bolton-jair-bolsonaro-brasil-300x240.jpg 300w\" sizes=\"auto, (max-width: 400px) 100vw, 400px\" \/><\/a><p id=\"caption-attachment-125389\" class=\"wp-caption-text\">Le conseiller \u00e0 la s\u00e9curit\u00e9 national des \u00c9tats-Unis John Bolton et Jair Bolsonaro, Rio de Janeiro, novembre 2018.<br \/>Photo : Consulat des USA \u00e0 Rio.<\/p><\/div>\n<p><strong>Le coup\u2026de couteau<\/strong><\/p>\n<p>Mais le fait qui a vraiment fait d\u00e9coller sa campagne, selon les sondages et une bonne partie des analystes, c\u2019est le coup de couteau qu\u2019il a re\u00e7u au ventre, alors qu\u2019il se faisait porter sur les \u00e9paules par ses soutiens au milieu de la foule, en pleine campagne \u00e9lectorale \u00e0 Juiz de Fora \u2013 Minas Gerais \u2013 le 6 septembre 2018. C\u2019est en devenant victime d\u2019un attentat, que M. Bolsonaro a d\u00e9coll\u00e9 d\u00e9finitivement dans les intentions de vote \u2013 de 24 \u00e0 30% selon les instituts de sondage, 4 jours apr\u00e8s l\u2019agression.<\/p>\n<div id=\"attachment_125390\" style=\"width: 410px\" class=\"wp-caption aligncenter\"><a href=\"https:\/\/www.transcend.org\/tms\/wp-content\/uploads\/2019\/01\/jair-bolsonaro-brasil.jpg\" ><img loading=\"lazy\" decoding=\"async\" aria-describedby=\"caption-attachment-125390\" class=\"wp-image-125390\" src=\"https:\/\/www.transcend.org\/tms\/wp-content\/uploads\/2019\/01\/jair-bolsonaro-brasil.jpg\" alt=\"\" width=\"400\" height=\"275\" srcset=\"https:\/\/www.transcend.org\/tms\/wp-content\/uploads\/2019\/01\/jair-bolsonaro-brasil.jpg 767w, https:\/\/www.transcend.org\/tms\/wp-content\/uploads\/2019\/01\/jair-bolsonaro-brasil-300x206.jpg 300w\" sizes=\"auto, (max-width: 400px) 100vw, 400px\" \/><\/a><p id=\"caption-attachment-125390\" class=\"wp-caption-text\">Bolsonaro lave son linge dans une caserne militaire, le 25 d\u00e9cembre 2018. Twitter.<\/p><\/div>\n<p>Le fait de ne pas avoir d\u00e9battu avec son opposant du PT, Fernando Haddad, au deuxi\u00e8me tour, a aussi contribu\u00e9 \u00e0 son succ\u00e8s, car il aurait montr\u00e9 toutes ses lacunes en termes de connaissances des dossiers de l\u2019\u00c9tat et son ignorance en mati\u00e8re d\u2019\u00e9conomie, qu\u2019il avait d\u00e9j\u00e0 bri\u00e8vement effleur\u00e9 de forme d\u00e9sastreuse pour ceux que s\u2019y connaissent en politique \u00e9conomique, dans un d\u00e9bat du premier tour avec tous les candidats, mais \u00e7a c\u2019\u00e9tait avant le coup\u2026 de couteau.<\/p>\n<p><strong>Le pr\u00e9sident fasciste n\u2019est pas encore investi mais la terreur r\u00e8gne d\u00e9j\u00e0<\/strong><\/p>\n<p>Des groupes d\u2019actions homophobes font savoir aux populations et aux m\u00e9dias que\u00a0\u00ab\u00a0si tu es homosexuel, soit tu reviens dans ton placard pour te cacher, soit tu quittes le pays\u00a0\u00bb. Ce discours est en train de motiver encore plus, le lynchage de personnes appartenant \u00e0 la communaut\u00e9 LGBT [12, 13]. Le m\u00eame proc\u00e9d\u00e9 diffamatoire et de <a target=\"_blank\" href=\"https:\/\/www.investigaction.net\/fr\/bresil-les-bolsonazis-sement-la-mort-et-la-terreur\/\" >lynchage<\/a> est aussi appliqu\u00e9 aux membres\/sympathisants des partis de gauche [14], des syndicats, des mouvements des sans terre et des sans toit. Bolsonaro affirme que tous ces \u00ab\u00a0gauchistes\u00a0\u00bb doivent \u00eatre interdits de manifester et veut m\u00eame les criminaliser, une fois investi pr\u00e9sident de la R\u00e9publique, le 1<sup>er<\/sup> janvier 2019. Le m\u00eame sort sera r\u00e9serv\u00e9 aux journalistes qui publieront des articles d\u00e9favorables \u00e0 sa politique\u00a0; d\u2019ailleurs on commence \u00e0 voir l\u2019agitation des journalistes \u00ab\u00a0mainstream\u00a0\u00bb qui n\u2019arrivent plus \u00e0 se positionner. Ceux qui osent \u00e9crire la v\u00e9rit\u00e9 sur le nouveau pr\u00e9sident, subissent d\u2019imm\u00e9diates menaces en provenance des soutiens d\u2019extr\u00eame droite et de Bolsonaro lui-m\u00eame [15].<\/p>\n<div id=\"attachment_125391\" style=\"width: 510px\" class=\"wp-caption aligncenter\"><a href=\"https:\/\/www.transcend.org\/tms\/wp-content\/uploads\/2019\/01\/brasil-ele-n\u00e3o-bolsonaro-feministas-demo.jpg\" ><img loading=\"lazy\" decoding=\"async\" aria-describedby=\"caption-attachment-125391\" class=\"wp-image-125391\" src=\"https:\/\/www.transcend.org\/tms\/wp-content\/uploads\/2019\/01\/brasil-ele-n\u00e3o-bolsonaro-feministas-demo.jpg\" alt=\"\" width=\"500\" height=\"302\" srcset=\"https:\/\/www.transcend.org\/tms\/wp-content\/uploads\/2019\/01\/brasil-ele-n\u00e3o-bolsonaro-feministas-demo.jpg 762w, https:\/\/www.transcend.org\/tms\/wp-content\/uploads\/2019\/01\/brasil-ele-n\u00e3o-bolsonaro-feministas-demo-300x181.jpg 300w\" sizes=\"auto, (max-width: 500px) 100vw, 500px\" \/><\/a><p id=\"caption-attachment-125391\" class=\"wp-caption-text\">Manifestation f\u00e9ministe du mouvement \u00ab #Ele N\u00e3o \u2013 Pas lui \u00bb contre Bolsonaro, Brasilia, septembre 2018. Photo : Lula Marques.<\/p><\/div>\n<p>Comme les \u00e9lites bourgeoises vivent dans la peur d\u2019un Lula libre et moteur d\u2019un vrai changement politique, elles cultivent la barbarie et la haine contre\u00a0les pauvres, les mouvements sociaux, les partis de gauche et les syndicats. Pour atteindre leur but, elles utilisent une partie des m\u00e9dias qui sont \u00e0 leur botte et soutiennent des <a target=\"_blank\" href=\"https:\/\/www.investigaction.net\/fr\/deux-activistes-pro-bolsonaro-dirigent-de-lexterieur-la-dissemination-de-fake-news\/\" >groupes d\u2019action sur les r\u00e9seaux sociaux<\/a>. J\u2019ai peur pour Lula dans sa cellule\u2026<a target=\"_blank\" href=\"https:\/\/www.youtube.com\/watch?v=tuPkNf-5Few\" >ma reprise de Michel Berger, ici<\/a>.<\/p>\n<p><strong>\u00c7a y est, il n\u2019y a pas de doutes, c\u2019est du fascisme et \u00e7a sera du fascisme<\/strong><\/p>\n<p>Le caporal de la Police Militaire, Jo\u00e3o Maria Figueiredo, a \u00e9t\u00e9 assassin\u00e9 et ex\u00e9cut\u00e9 avec 7 balles dans la t\u00eate, ce vendredi, 21 d\u00e9cembre. Il \u00e9tait membre du Parti des Travailleurs, membre actif du groupe \u00ab\u00a0Policiers et antifascisme\u00a0\u00bb qui d\u00e9fend la d\u00e9mocratie et les Droits de l\u2019Homme \u00e0 l\u2019int\u00e9rieur des structures polici\u00e8res br\u00e9siliennes. Il \u00e9tait souvent invit\u00e9 \u00e0 donner des conf\u00e9rences sur les Droits de l\u2019Homme et pr\u00f4nait la d\u00e9p\u00e9nalisation des drogues comme alternative cr\u00e9dible pour la r\u00e9duction des violences urbaines. Le caporal avait aussi \u00e9mis des avis techniques sur la violence, qui selon lui \u00e9t\u00e9 li\u00e9e \u00e0 la criminalisation des pauvres, des noirs et des habitants de banlieues [16]. Il a \u00e9t\u00e9 garde du corps volontaire pendant la derni\u00e8re campagne \u00e9lectorale de F\u00e1tima Bezerra \u2013 gouverneure (PT) \u00e9lue de l\u2019\u00c9tat de Rio Grande do Norte, ex-p\u00e9dagogue et ex-pr\u00e9sidente du Syndicat des Travailleurs de l\u2019\u00c9ducation.<\/p>\n<p>Pour la premi\u00e8re fois depuis la chute de la dictature en 1985 et de la nouvelle Constitution de 1988, qu\u2019aucun ministre ne viendra des r\u00e9gions Nord-Est et Nord \u2013 l\u00e0 o\u00f9 <a target=\"_blank\" href=\"https:\/\/www.investigaction.net\/fr\/bresil-le-grand-capital-fait-elire-un-grand-chevalatroce\/\" >Bolsonaro<\/a> a eu les plus mauvais scores \u00e9lectoraux [17]. Dans un processus \u00e9quivalent \u00e0 la discrimination des gens du Sud de l\u2019Italie par la \u00ab\u00a0Lega Nord \u2013 League du Nord\u00a0\u00bb de Matteo Salvini, l\u2019extr\u00eame droite br\u00e9silienne essaie de stigmatiser les gens du Nord-Est, la r\u00e9gion d\u2019origine de Lula, en les accusant d\u2019\u00eatre pauvres et paresseux.<\/p>\n<div id=\"attachment_125392\" style=\"width: 410px\" class=\"wp-caption aligncenter\"><a href=\"https:\/\/www.transcend.org\/tms\/wp-content\/uploads\/2019\/01\/jair-bolsonaro-brasil2.jpg\" ><img loading=\"lazy\" decoding=\"async\" aria-describedby=\"caption-attachment-125392\" class=\"wp-image-125392\" src=\"https:\/\/www.transcend.org\/tms\/wp-content\/uploads\/2019\/01\/jair-bolsonaro-brasil2.jpg\" alt=\"\" width=\"400\" height=\"267\" srcset=\"https:\/\/www.transcend.org\/tms\/wp-content\/uploads\/2019\/01\/jair-bolsonaro-brasil2.jpg 766w, https:\/\/www.transcend.org\/tms\/wp-content\/uploads\/2019\/01\/jair-bolsonaro-brasil2-300x200.jpg 300w\" sizes=\"auto, (max-width: 400px) 100vw, 400px\" \/><\/a><p id=\"caption-attachment-125392\" class=\"wp-caption-text\">Jair Bolsonaro. Photo : Rog\u00e9rio Melo, PR.<\/p><\/div>\n<p>Alors que la plupart de la classe bien-pensante plan\u00e9taire constitu\u00e9e de philosophes, d\u2019analystes politiques et de journalistes, n\u2019arr\u00eate pas de nous dire que nous n\u2019assistons pas au retour du fascisme mais \u00e0 une nouvelle forme jamais vue de populisme, l\u2019exemple br\u00e9silien d\u00e9montre que la brutalit\u00e9 et les pers\u00e9cutions d\u2019autres temps sont d\u00e9j\u00e0 l\u00e0, au pr\u00e9sent\u00a0! Pour qu\u2019on puisse appliquer la d\u00e9finition de fascisme \u00e0 100%, il manque \u00ab\u00a0juste\u00a0\u00bb en effet, que le PSL de Bolsonaro devienne le parti unique, mais pour cela il lui faut un peu de temps, moins qu\u2019\u00e0 Donald Trump en tout cas, pour d\u00e9manteler compl\u00e8tement les institutions.<\/p>\n<p><strong>Les deux discours de Bolsonaro, le jour de son investiture<\/strong><\/p>\n<p>Il ouvre son discours au Congr\u00e8s national par un remerciement : \u00ab\u00a0Je veux avant tout remercier Dieu, qui par la main du personnel hospitalier, m\u2019a sauv\u00e9 la vie en effectuant un miracle\u00a0\u00bb.<\/p>\n<p>Il affirme vouloir \u00ab\u00a0combattre le socialisme, l\u2019id\u00e9ologie de genre et favoriser la famille\u00a0\u00bb.<\/p>\n<p>Il finalise son discours \u2013 le plus court de la jeune d\u00e9mocratie br\u00e9silienne au Congr\u00e8s, le jour d\u2019une investiture pr\u00e9sidentielle \u2013 par\u00a0: \u00ab\u00a0Br\u00e9sil avant tout, Dieu avant tous\u00a0\u00bb.<\/p>\n<p>Son deuxi\u00e8me discours du jour, devant le Palais pr\u00e9sidentiel du Planalto est ponctu\u00e9 par\u00a0: \u00ab\u00a0Nous allons lib\u00e9rer le Br\u00e9sil du Socialisme et du politiquement correct\u00a0\u00bb et il se termine avec l\u2019exhibition d\u2019un drapeau br\u00e9silien, tenu par son vice-pr\u00e9sident de la R\u00e9publique, le g\u00e9n\u00e9ral Mour\u00e3o et par Bolsonaro lui-m\u00eame qui d\u00e9clare en extase\u00a0: \u00ab\u00a0Ce drapeau ne sera jamais rouge\u00a0\u00bb.<\/p>\n<p>Sur son compte Twitter, Trump a \u00e9crit\u00a0: \u00ab\u00a0F\u00e9licitations au pr\u00e9sident Jair Bolsonaro, qui vient juste de faire un grand discours d\u2019investiture \u2013 les USA sont avec vous\u00a0\u00bb. Et Bolsonaro retwitte : \u00ab\u00a0Cher M. le pr\u00e9sident Trump, merci pour vos mots d\u2019encouragement. Ensemble, sous la protection de Dieu, nous am\u00e8nerons \u00e0 nos peuples plus de prosp\u00e9rit\u00e9 et de progr\u00e8s\u00bb.<\/p>\n<p><strong>NOTES:<\/strong><\/p>\n<p>[1] \u2013 <a target=\"_blank\" href=\"https:\/\/www.youtube.com\/watch?v=54KUDU-u1P0\" >https:\/\/www.youtube.com\/watch?v=54KUDU-u1P0<\/a><\/p>\n<p>[2] \u2013 <a target=\"_blank\" href=\"https:\/\/www.brasil247.com\/pt\/247\/sul\/378177\/Lula-desabafa-n%C3%A3o-estou-preso-sou-ref%C3%A9m.htm\" >https:\/\/www.brasil247.com\/pt\/247\/sul\/378177\/Lula-desabafa-n%C3%A3o-estou-preso-sou-ref%C3%A9m.htm<\/a><\/p>\n<p>[3,5] \u2013 <a target=\"_blank\" href=\"https:\/\/www.brasil247.com\/pt\/colunistas\/jefersonmiola\/378349\/Sumi%C3%A7o-do-Queiroz-mostra-conluio-da-Lava-Jato-com-Bolsonaro.htm\" >https:\/\/www.brasil247.com\/pt\/colunistas\/jefersonmiola\/378349\/Sumi%C3%A7o-do-Queiroz-mostra-conluio-da-Lava-Jato-com-Bolsonaro.htm<\/a><\/p>\n<p>[4] \u2013 <a target=\"_blank\" href=\"https:\/\/www.pragmatismopolitico.com.br\/2018\/12\/assessora-bolsonaro-nathalia-queiroz.html\" >https:\/\/www.pragmatismopolitico.com.br\/2018\/12\/assessora-bolsonaro-nathalia-queiroz.html<\/a><\/p>\n<p>[6, 7, 8, 9, 10, 11] \u2013 <a target=\"_blank\" href=\"https:\/\/piaui.folha.uol.com.br\/materia\/a-revolta-conservadora\/\" >https:\/\/piaui.folha.uol.com.br\/materia\/a-revolta-conservadora\/<\/a><\/p>\n<p>[12] \u2013 <a target=\"_blank\" href=\"https:\/\/noticias.uol.com.br\/internacional\/ultimas-noticias\/2018\/11\/21\/brasileiros-lgbt-fora-do-brasil-medo-eleicoes-bolsonaro-violencia-nao-pensam-em-voltar.htm\" >https:\/\/noticias.uol.com.br\/internacional\/ultimas-noticias\/2018\/11\/21\/brasileiros-lgbt-fora-do-brasil-medo-eleicoes-bolsonaro-violencia-nao-pensam-em-voltar.htm<\/a><\/p>\n<p>[13] \u2013 <a target=\"_blank\" href=\"https:\/\/www.bbc.com\/portuguese\/brasil-43648715\" >https:\/\/www.bbc.com\/portuguese\/brasil-43648715<\/a><\/p>\n<p>[14] \u2013 <a target=\"_blank\" href=\"https:\/\/www.bbc.com\/portuguese\/brasil-45806355\" >https:\/\/www.bbc.com\/portuguese\/brasil-45806355<\/a><\/p>\n<p>[15] \u2013 <a target=\"_blank\" href=\"https:\/\/www.viomundo.com.br\/denuncias\/por-reportagens-investigativas-bolsonaro-ameaca-folha-de-corte-da-propaganda-oficial.html\" >https:\/\/www.viomundo.com.br\/denuncias\/por-reportagens-investigativas-bolsonaro-ameaca-folha-de-corte-da-propaganda-oficial.html<\/a><\/p>\n<p>[16] \u2013 <a target=\"_blank\" href=\"https:\/\/www.brasil247.com\/pt\/247\/nordeste\/378323\/Seguran%C3%A7a-de-F%C3%A1tima-Bezerra-%C3%A9-executado-com-sete-tiros-na-cabe%C3%A7a-em-Natal.htm\" >https:\/\/www.brasil247.com\/pt\/247\/nordeste\/378323\/Seguran%C3%A7a-de-F%C3%A1tima-Bezerra-%C3%A9-executado-com-sete-tiros-na-cabe%C3%A7a-em-Natal.htm<\/a><\/p>\n<p>[17] \u2013 <a target=\"_blank\" href=\"https:\/\/www.brasil247.com\/pt\/247\/brasilia\/378252\/Bolsonaro-exclui-da-equipe-Norte-e-Nordeste-onde-teve-menos-votos.html\" >https:\/\/www.brasil247.com\/pt\/247\/brasilia\/378252\/Bolsonaro-exclui-da-equipe-Norte-e-Nordeste-onde-teve-menos-votos.html<\/a><\/p>\n<p><em>______________________________________________<\/em><\/p>\n<p style=\"padding-left: 30px;\"><a href=\"https:\/\/www.transcend.org\/tms\/wp-content\/uploads\/2018\/12\/Paulo-Correia-e1544099282660.png\" ><img loading=\"lazy\" decoding=\"async\" class=\"alignleft size-full wp-image-123655\" src=\"https:\/\/www.transcend.org\/tms\/wp-content\/uploads\/2018\/12\/Paulo-Correia-e1544099282660.png\" alt=\"\" width=\"100\" height=\"156\" \/><\/a><em>Paulo Correia est <\/em><a target=\"_blank\" href=\"https:\/\/www.youtube.com\/channel\/UClqUiXrKSu5u-Zeo1Lebe2Q\" ><em>musicien<\/em><\/a><em>, ex-g\u00e9ologue p\u00e9trolier et collaborateur de la r\u00e9daction au Journal Notre Am\u00e9rique \u2013 Investig\u2019Action. Il co-anime avec ses chroniques d\u2019opinion le blog <\/em><a target=\"_blank\" href=\"https:\/\/ideiaperigosa.wordpress.com\/\" ><em>\u00ab\u00a0Ideia perigosa \u2013 Id\u00e9e dangereuse\u00a0\u00bb<\/em><\/a> .<\/p>\n<p>&nbsp;<\/p>\n<p>&nbsp;<\/p>\n<p>&nbsp;<\/p>\n<p><a target=\"_blank\" href=\"https:\/\/www.investigaction.net\/fr\/periple-bresilien-dune-democratie-assassinee-du-coup-detat-contre-dilma-rousseff-a-lelection-de-jair-bolsonaro\/\" >Go to Original \u2013 investigaction.net<\/a><\/p>\n","protected":false},"excerpt":{"rendered":"<p>2 Jan 2019 &#8211; Alors que la plupart de la classe bien-pensante plan\u00e9taire constitu\u00e9e de philosophes, d\u2019analystes politiques et de journalistes, n\u2019arr\u00eate pas de nous dire que nous n\u2019assistons pas au retour du fascisme mais \u00e0 une nouvelle forme jamais vue de populisme, l\u2019exemple br\u00e9silien d\u00e9montre que la brutalit\u00e9 et les pers\u00e9cutions d\u2019autres temps sont d\u00e9j\u00e0 l\u00e0, au pr\u00e9sent !<\/p>\n","protected":false},"author":4,"featured_media":125389,"comment_status":"open","ping_status":"open","sticky":false,"template":"","format":"standard","meta":{"footnotes":""},"categories":[46],"tags":[],"class_list":["post-125382","post","type-post","status-publish","format-standard","has-post-thumbnail","hentry","category-original-languages"],"_links":{"self":[{"href":"https:\/\/www.transcend.org\/tms\/wp-json\/wp\/v2\/posts\/125382","targetHints":{"allow":["GET"]}}],"collection":[{"href":"https:\/\/www.transcend.org\/tms\/wp-json\/wp\/v2\/posts"}],"about":[{"href":"https:\/\/www.transcend.org\/tms\/wp-json\/wp\/v2\/types\/post"}],"author":[{"embeddable":true,"href":"https:\/\/www.transcend.org\/tms\/wp-json\/wp\/v2\/users\/4"}],"replies":[{"embeddable":true,"href":"https:\/\/www.transcend.org\/tms\/wp-json\/wp\/v2\/comments?post=125382"}],"version-history":[{"count":0,"href":"https:\/\/www.transcend.org\/tms\/wp-json\/wp\/v2\/posts\/125382\/revisions"}],"wp:featuredmedia":[{"embeddable":true,"href":"https:\/\/www.transcend.org\/tms\/wp-json\/wp\/v2\/media\/125389"}],"wp:attachment":[{"href":"https:\/\/www.transcend.org\/tms\/wp-json\/wp\/v2\/media?parent=125382"}],"wp:term":[{"taxonomy":"category","embeddable":true,"href":"https:\/\/www.transcend.org\/tms\/wp-json\/wp\/v2\/categories?post=125382"},{"taxonomy":"post_tag","embeddable":true,"href":"https:\/\/www.transcend.org\/tms\/wp-json\/wp\/v2\/tags?post=125382"}],"curies":[{"name":"wp","href":"https:\/\/api.w.org\/{rel}","templated":true}]}}