{"id":130086,"date":"2019-04-01T12:00:07","date_gmt":"2019-04-01T11:00:07","guid":{"rendered":"https:\/\/www.transcend.org\/tms\/?p=130086"},"modified":"2019-03-27T15:49:07","modified_gmt":"2019-03-27T15:49:07","slug":"portugues-oceano-subterraneo-com-160-trilhoes-de-metros-cubicos-e-descoberto-na-amazonia","status":"publish","type":"post","link":"https:\/\/www.transcend.org\/tms\/2019\/04\/portugues-oceano-subterraneo-com-160-trilhoes-de-metros-cubicos-e-descoberto-na-amazonia\/","title":{"rendered":"(Portugu\u00eas) Oceano subterr\u00e2neo com 160 trilh\u00f5es de metros c\u00fabicos \u00e9 descoberto na Amaz\u00f4nia"},"content":{"rendered":"<p><em>27 mar 2019 &#8211; <\/em>Um oceano subterr\u00e2neo foi descoberto na Amaz\u00f4nia. A reserva de \u00e1gua tem volume de aproximadamente\u00a0160 trilh\u00f5es de metros c\u00fabicos. A descoberta foi debatida durante a\u00a0Reuni\u00e3o Anual da Sociedade Brasileira para o Progresso da Ci\u00eancia (SBPC), no campus da Universidade Federal do Acre (UFAC).<\/p>\n<p>O dep\u00f3sito de \u00e1gua doce subterr\u00e2nea tem volume 3,5 vezes maior que o Aqu\u00edfero Guarani. Com 1,2 milh\u00e3o de quil\u00f4metros quadrados, ele abrange\u00a0os territ\u00f3rios do Uruguai, Argentina, Paraguai e Brasil. A informa\u00e7\u00e3o \u00e9 de Jo\u00e3o Lara Mesquita, publicada pelo jornal <em>O Estado de S. Paulo<\/em>.<\/p>\n<div id=\"attachment_130087\" style=\"width: 510px\" class=\"wp-caption aligncenter\"><a href=\"https:\/\/www.transcend.org\/tms\/wp-content\/uploads\/2019\/03\/agua-oceano-water-ocean-mar-sea.jpg\" ><img loading=\"lazy\" decoding=\"async\" aria-describedby=\"caption-attachment-130087\" class=\"wp-image-130087\" src=\"https:\/\/www.transcend.org\/tms\/wp-content\/uploads\/2019\/03\/agua-oceano-water-ocean-mar-sea.jpg\" alt=\"\" width=\"500\" height=\"333\" srcset=\"https:\/\/www.transcend.org\/tms\/wp-content\/uploads\/2019\/03\/agua-oceano-water-ocean-mar-sea.jpg 768w, https:\/\/www.transcend.org\/tms\/wp-content\/uploads\/2019\/03\/agua-oceano-water-ocean-mar-sea-300x200.jpg 300w\" sizes=\"auto, (max-width: 500px) 100vw, 500px\" \/><\/a><p id=\"caption-attachment-130087\" class=\"wp-caption-text\">Foto: Pixabay<\/p><\/div>\n<p>A reserva subterr\u00e2nea representa mais de 80% do total da \u00e1gua presente na Amaz\u00f4nia. As \u00e1guas atmosf\u00e9ricas e dos rios amaz\u00f4nicos representam, cada uma, somente 8% do sistema hidrol\u00f3gico desse bioma.<\/p>\n<p>\u00c9 necess\u00e1rio, por\u00e9m, aprimorar o conhecimento sobre o oceano amaz\u00f4nico para avaliar a possibilidade de uso para abastecimento humano e tamb\u00e9m para ter maiores condi\u00e7\u00f5es de preserv\u00e1-lo. Falta ter informa\u00e7\u00f5es sobre a qualidade da \u00e1gua para entender se ela \u00e9 apropriada para consumo.<\/p>\n<p>As pesquisas sobre o Aqu\u00edfero da Amaz\u00f4nica tiveram in\u00edcio h\u00e1 10 anos e indicaram que ele est\u00e1 situado em meio ao cen\u00e1rio de uma das mais belas praias fluviais do pa\u00eds e teria um dep\u00f3sito de \u00e1gua doce subterr\u00e2nea com\u00a0volume aproximado de 86,4 trilh\u00f5es de metros c\u00fabicos. O aqu\u00edfero come\u00e7ou a ser formado h\u00e1 cerca de 135 milh\u00f5es de anos, a partir do per\u00edodo Cret\u00e1ceo.<\/p>\n<p>Denominado como Sistema Aqu\u00edfero Grande Amaz\u00f4nia (Saga), o local tem como uns dos obst\u00e1culos para ser estudado a complexidade que possui, segundo Ingo Daniel Wahnfried, professor da Universidade Federal do Amazonas (Ufam).<\/p>\n<p>Composto por grandes rios, com camadas sedimentares de diferentes profundidades, o reservat\u00f3rio de \u00e1gua tem \u00e1reas permanentemente livres, ao contr\u00e1rio do Aqu\u00edfero Guarani, que \u00e9 acess\u00edvel apenas pelas bordas.<\/p>\n<p>De acordo com\u00a0Wahnfried, a \u00e1gua subterr\u00e2nea \u00e9 amplamente distribu\u00edda e dispon\u00edvel na Amaz\u00f4nia, representando 71% do abastecimento p\u00fablico dos 62 munic\u00edpios do estado. No Acre, das 22 cidades, quatro s\u00e3o totalmente abastecidas com \u00e1gua subterr\u00e2nea.<\/p>\n<p>____________________________________________<\/p>\n<p style=\"padding-left: 40px;\"><em><a href=\"https:\/\/www.transcend.org\/tms\/wp-content\/uploads\/2017\/05\/logo-anda-novo-e1495624877955.jpg\" ><img loading=\"lazy\" decoding=\"async\" class=\"alignleft size-full wp-image-92901\" src=\"https:\/\/www.transcend.org\/tms\/wp-content\/uploads\/2017\/05\/logo-anda-novo-e1495624877955.jpg\" alt=\"\" width=\"100\" height=\"43\" \/><\/a><\/em><em>A imprensa n\u00e3o apenas informa. Ela forma conceitos. Modifica ideias. Influencia decis\u00f5es. Define valores. Participa das grandes mudan\u00e7as sociais e pol\u00edticas trazendo o mundo para o indiv\u00edduo pensar, agir e ser. \u00c9 justamente este o objetivo da <\/em>ANDA\u00a0\u2013 Ag\u00eancia de Not\u00edcias de Direitos Animais<em>: informar para transformar. A <\/em>ANDA<em>\u00a0difunde na m\u00eddia os valores de uma nova cultura, mais \u00e9tica, mais justa e preocupada com a defesa e a garantia dos direitos animais. \u00c9 o primeiro portal jornal\u00edstico do mundo voltado exclusivamente a fatos e informa\u00e7\u00f5es do universo animal. Com profissionalismo, seriedade e coragem, a <\/em>ANDA<em> abre um importante canal com jornalistas de todas as m\u00eddias e coloca em pauta assuntos que at\u00e9 hoje n\u00e3o tiveram o merecido espa\u00e7o ou foram mal debatidos na imprensa.<\/em><\/p>\n<p><a target=\"_blank\" href=\"http:\/\/www.anda.jor.br\/2019\/03\/oceano-subterraneo-descoberto-na-amazonia\/\" >Go to Original \u2013 anda.jor.br<\/a><\/p>\n","protected":false},"excerpt":{"rendered":"<p>27 mar 2019 &#8211; Um oceano subterr\u00e2neo foi descoberto na Amaz\u00f4nia. A reserva de \u00e1gua tem volume de aproximadamente 160 trilh\u00f5es de metros c\u00fabicos. Com 1,2 milh\u00e3o de quil\u00f4metros quadrados, ele abrange os territ\u00f3rios do Uruguai, Argentina, Paraguai e Brasil. A informa\u00e7\u00e3o \u00e9 de Jo\u00e3o Lara Mesquita, publicada pelo jornal O Estado de S. Paulo.<\/p>\n","protected":false},"author":4,"featured_media":92901,"comment_status":"open","ping_status":"open","sticky":false,"template":"","format":"standard","meta":{"footnotes":""},"categories":[46],"tags":[],"class_list":["post-130086","post","type-post","status-publish","format-standard","has-post-thumbnail","hentry","category-original-languages"],"_links":{"self":[{"href":"https:\/\/www.transcend.org\/tms\/wp-json\/wp\/v2\/posts\/130086","targetHints":{"allow":["GET"]}}],"collection":[{"href":"https:\/\/www.transcend.org\/tms\/wp-json\/wp\/v2\/posts"}],"about":[{"href":"https:\/\/www.transcend.org\/tms\/wp-json\/wp\/v2\/types\/post"}],"author":[{"embeddable":true,"href":"https:\/\/www.transcend.org\/tms\/wp-json\/wp\/v2\/users\/4"}],"replies":[{"embeddable":true,"href":"https:\/\/www.transcend.org\/tms\/wp-json\/wp\/v2\/comments?post=130086"}],"version-history":[{"count":0,"href":"https:\/\/www.transcend.org\/tms\/wp-json\/wp\/v2\/posts\/130086\/revisions"}],"wp:featuredmedia":[{"embeddable":true,"href":"https:\/\/www.transcend.org\/tms\/wp-json\/wp\/v2\/media\/92901"}],"wp:attachment":[{"href":"https:\/\/www.transcend.org\/tms\/wp-json\/wp\/v2\/media?parent=130086"}],"wp:term":[{"taxonomy":"category","embeddable":true,"href":"https:\/\/www.transcend.org\/tms\/wp-json\/wp\/v2\/categories?post=130086"},{"taxonomy":"post_tag","embeddable":true,"href":"https:\/\/www.transcend.org\/tms\/wp-json\/wp\/v2\/tags?post=130086"}],"curies":[{"name":"wp","href":"https:\/\/api.w.org\/{rel}","templated":true}]}}