{"id":132631,"date":"2019-04-29T12:02:29","date_gmt":"2019-04-29T11:02:29","guid":{"rendered":"https:\/\/www.transcend.org\/tms\/?p=132631"},"modified":"2019-04-29T11:39:02","modified_gmt":"2019-04-29T10:39:02","slug":"castellano-el-video-de-la-entrevista-de-el-pais-a-lula-da-silva","status":"publish","type":"post","link":"https:\/\/www.transcend.org\/tms\/2019\/04\/castellano-el-video-de-la-entrevista-de-el-pais-a-lula-da-silva\/","title":{"rendered":"(Castellano) El v\u00eddeo de la entrevista de EL PA\u00cdS a Lula da Silva"},"content":{"rendered":"<p>27 Abr 2019 &#8211; <em>Adelanto de la <a target=\"_blank\" href=\"https:\/\/elpais.com\/internacional\/2019\/04\/26\/actualidad\/1556306204_094992.html\" >entrevista realizada de manera conjunta por EL PA\u00cdS con el diario brasile\u00f1o Folha de S\u00e3o Paulo<\/a> al expresidente de Brasil Lula da Silva, la primera desde su entrada en prisi\u00f3n. El que un d\u00eda fue presidente de Brasil no est\u00e1 pasando por su mejor \u00e9poca. A\u00fan condenado durante 8 a\u00f1os y 10 meses por lavado de dinero y corrupci\u00f3n e imputado en otros seis procesos judiciales, Lula da Silva se mantiene fuerte y firme en sus convicciones.<\/em><\/p>\n<p>httpv:\/\/www.youtube.com\/watch?v=MOdzY8xdMlM<\/p>\n","protected":false},"excerpt":{"rendered":"<p>27 Abr 2019 &#8211; Adelanto de la entrevista realizada de manera conjunta por EL PA\u00cdS con el diario brasile\u00f1o Folha de S\u00e3o Paulo al expresidente de Brasil Lula da Silva, la primera desde su entrada en prisi\u00f3n. El que un d\u00eda fue presidente de Brasil no est\u00e1 pasando por su mejor \u00e9poca. A\u00fan condenado durante 8 a\u00f1os y 10 meses por lavado de dinero y corrupci\u00f3n e imputado en otros seis procesos judiciales, Lula da Silva se mantiene fuerte y firme en sus convicciones.<\/p>\n","protected":false},"author":4,"featured_media":0,"comment_status":"open","ping_status":"open","sticky":false,"template":"","format":"standard","meta":{"footnotes":""},"categories":[47],"tags":[229,1003,120,651,541,109,287],"class_list":["post-132631","post","type-post","status-publish","format-standard","hentry","category-short-video-clips","tag-activism","tag-brasil","tag-conflict","tag-justice","tag-latin-america-caribbean","tag-politics","tag-power"],"_links":{"self":[{"href":"https:\/\/www.transcend.org\/tms\/wp-json\/wp\/v2\/posts\/132631","targetHints":{"allow":["GET"]}}],"collection":[{"href":"https:\/\/www.transcend.org\/tms\/wp-json\/wp\/v2\/posts"}],"about":[{"href":"https:\/\/www.transcend.org\/tms\/wp-json\/wp\/v2\/types\/post"}],"author":[{"embeddable":true,"href":"https:\/\/www.transcend.org\/tms\/wp-json\/wp\/v2\/users\/4"}],"replies":[{"embeddable":true,"href":"https:\/\/www.transcend.org\/tms\/wp-json\/wp\/v2\/comments?post=132631"}],"version-history":[{"count":0,"href":"https:\/\/www.transcend.org\/tms\/wp-json\/wp\/v2\/posts\/132631\/revisions"}],"wp:attachment":[{"href":"https:\/\/www.transcend.org\/tms\/wp-json\/wp\/v2\/media?parent=132631"}],"wp:term":[{"taxonomy":"category","embeddable":true,"href":"https:\/\/www.transcend.org\/tms\/wp-json\/wp\/v2\/categories?post=132631"},{"taxonomy":"post_tag","embeddable":true,"href":"https:\/\/www.transcend.org\/tms\/wp-json\/wp\/v2\/tags?post=132631"}],"curies":[{"name":"wp","href":"https:\/\/api.w.org\/{rel}","templated":true}]}}