{"id":132942,"date":"2019-05-06T12:00:39","date_gmt":"2019-05-06T11:00:39","guid":{"rendered":"https:\/\/www.transcend.org\/tms\/?p=132942"},"modified":"2019-05-04T09:48:01","modified_gmt":"2019-05-04T08:48:01","slug":"italiano-lemergenza-climatica","status":"publish","type":"post","link":"https:\/\/www.transcend.org\/tms\/2019\/05\/italiano-lemergenza-climatica\/","title":{"rendered":"(Italiano) L\u2019emergenza climatica"},"content":{"rendered":"<blockquote><p><em>Il discorso di Greta Thunberg a Davos, gennaio 2019<\/em><\/p><\/blockquote>\n<p><a href=\"https:\/\/www.transcend.org\/tms\/wp-content\/uploads\/2019\/05\/Greta-Thunberg-a-Davos-copia.jpg\" ><img loading=\"lazy\" decoding=\"async\" class=\"aligncenter wp-image-132943\" src=\"https:\/\/www.transcend.org\/tms\/wp-content\/uploads\/2019\/05\/Greta-Thunberg-a-Davos-copia.jpg\" alt=\"\" width=\"400\" height=\"267\" srcset=\"https:\/\/www.transcend.org\/tms\/wp-content\/uploads\/2019\/05\/Greta-Thunberg-a-Davos-copia.jpg 750w, https:\/\/www.transcend.org\/tms\/wp-content\/uploads\/2019\/05\/Greta-Thunberg-a-Davos-copia-300x200.jpg 300w\" sizes=\"auto, (max-width: 400px) 100vw, 400px\" \/><\/a><\/p>\n<p><em>25 Aprile 2019 &#8211; <\/em>Apparsa fra miliardari, amministratori delegatimegaziendali e capi di stato al Forum Economico di Davos in Svizzera, come novella Giovanna d\u2019Arco, l\u2019attivista climatica svedese sedicenne Greta Thunberg s\u2019\u00e8 appellata ai decisori affinch\u00e9 adempiano alle proprie responsibilit\u00e0 verso le future generazioni. Ecco alcuni brani del suo discorso:<\/p>\n<blockquote><p>\u201c<em>La nostra casa \u00e8 in fiamme. Sono qui per dire che la nostra casa \u00e8 in fiamme. Secondo l\u2019IPCC, siamo a meno di 12 anni dall\u2019irreversibilit\u00e0 dei nostri sbagli. In tale periodo bisogna che siano avvenuti cambiamenti senza precedenti in tutti gli aspetti della societ\u00e0, compresa una riduzione delle nostre emissioni di CO2 almeno del 50%\u2026<\/em><\/p>\n<p>\u201c<em>Qui a Davos \u2013 proprio come ovunque \u2013 tutti parlano di denaro. Sembra che denaro e crescita siano le nostre sole preoccupazioni principali.<\/em><\/p>\n<p>\u201c<em>E siccome la crisi climatica non \u00e8 mai stata trattata una volta come crisi, la gente \u00e8 semplicemente inconsapevole delle complete conseguenze sulla nostra vita quotidiana. Non sanno che c\u2019\u00e8 qualcosa chiamato budget del carbonio, e quanto quel budget restante sia incredibilmente piccolo.<\/em><\/p>\n<p><em>Bisogna che la cosa cambi oggi.<\/em><\/p>\n<p>\u201c<em>Nessun\u2019altra sfida attuale pu\u00f2 pareggiare l\u2019importanza di stabilire un\u2019ampia consapevolezza e comprensione pubblica del nostro budget del carbonio in rapida sparizione, che \u00e8 bene e anzi imprescindibile che diventi la nostra nuova valuta e il cuore stesso della nostra economia presente e futura.<\/em><\/p>\n<p>\u201c<em>Siamo in un periodo storico in cui chiunque con una percezione della crisi climatica che minaccia la nostra civilt\u00e0 \u2013 e l\u2019intera biosfera \u2013 deve farsi sentire chiaramente, non importa quanto ci\u00f2 possa essere scomodo e non conveniente.<\/em><\/p>\n<p>\u201c<em>Dobbiamo cambiare quasi tutto nelle nostre societ\u00e0 attuali. Maggiore \u00e8 la propria impronta di carbonio, maggiore \u00e8 il dovere morale. Maggiore \u00e8 la propria piattaforma, maggiore \u00e8 la responsabilit\u00e0.\u201d<\/em><\/p><\/blockquote>\n<p><strong>Sciopero scolastico mondiale, 15 marzo 2019<\/strong><\/p>\n<p>Oltre 1.5 milioni di giovani studenti in tutti i continenti sono scesi in strada venerd\u00ec 15 marzo per il primo sciopero climatico globale in assoluto. I messaggi in oltre 40 lingue sono stati forti e chiari: i capi devono agire adesso per affrontare la crisi climatica e salvare il nostro futuro. Lo sciopero scolastico \u00e8 stata la maggior azione climatica della storia. E ci\u00f2 nonostante \u00e8 passata quasi non citata nei media d\u2019informazione.<\/p>\n<p>Ecco qualche dichiarazione degli studenti a spiegazione della propria partecipazione agli scioperi:<\/p>\n<blockquote><p>\u201c<em>In India, nessuno parla del cambiamento climatico. Non lo si vede fra le notizie dei giornali n\u00e9 lo si sente dal governo. Vogliamo che i<\/em>leader<em>globali dichiarino un\u2019emergenza climatica. Se non agiamo adesso, non avremo un domani.\u201d<\/em><\/p><\/blockquote>\n<p>\u2014Vidit Baya, 17enne, Udaipur, India.<\/p>\n<blockquote><p>\u201c<em>Siamo di fronte a perdite strazianti dovute a manifestazioni meteorologiche sempre pi\u00f9 estreme. Sollecitiamo il governo taiwanese ad attuare misure allevianti e rendersi conto della vulnerabilit\u00e0 del popolo indigeno, fermare i progetti costruttivi nelle terre tradizionali indigene, e riconoscere lo status legale del Popolo Indigeno delle Pianure, al fine di attuare una protezione ambientale in un approccio dal basso.\u201d<\/em><\/p><\/blockquote>\n<p>\u2014Kaisanan Ahuan, Puli City, Taiwan.<\/p>\n<blockquote><p>\u201c<em>Abbiamo raggiunto un punto della storia in cui abbiamo le capacit\u00e0 tecniche per risolvere la povert\u00e0, malnutrizione, diseguaglianza e ovviamente il riscaldamento globale. I fattori decisivi perch\u00e9 approfittiamo o meno del nostro potenziale saranno il nostro attivismo, la nostra unit\u00e0 internazionale e la nostra capacit\u00e0 di scviluppare l\u2019arte di rendere possibile l\u2019impossibile. Che riusciamo o no dipende dalla nostra volont\u00e0 politica.\u201d<\/em><\/p><\/blockquote>\n<p>\u2014Eyal Weintraub, 18enne, e Bruno Rodriguez, 18enne, Argentina.<\/p>\n<blockquote><p>\u201c<em>Voglio essere certo che il nostro governo sia impegnato ad investire in una giusta transizione a un paese pi\u00f9 sostenibile, che abbasseremo le emissioni di carbonio e limiteremo il cambiamento climatico. Partecipo a questo sciopero per esigere che le decisioni siano pi\u00f9 focalizzate sul futuro e che la politica attuata rifletta i nostri diritti ambientali cos\u00ec come scritti nella nostra costituzione,\u201d\u00a0<\/em><\/p><\/blockquote>\n<p>\u2014Dona Van Eeden, 21enne, Citt\u00e0 del Capo, SudAfrica.<\/p>\n<blockquote><p>\u201c<em>Il danno arrecato dale multinazionali \u00e8 enorme: la mancanza di trasparenza, i contratti dubbi, l\u2019indebolimento del suolo, la distruzione della flora e della fauna, la mancata osservanza dei codici minerari, la contaminazione delle falde acquifere. In Mali, lo stato esercita un controllo insufficiente sulle pratiche delle multinazionali, e siamo noi, i cittadini, a subirne le conseguenze. E\u2019 suonato l\u2019allarme climatico, ed \u00e8 giunta l\u2019ora che ci rendiamo tutti conto che c\u2019\u00e8 ancora tempo per agire localmente, a casa nostra, nei nostril villaggi, le nostre citt\u00e0\u201d<\/em><\/p><\/blockquote>\n<p>\u2014Mone Fousseny, 22enne, Mali.<\/p>\n<blockquote><p>\u201c<em>I governi hanno mancato di reagire in modo appropriato alla drammatica sfida della nostra crisi climatica. La nostra generazione, la meno responsabile per gli atti degli inquinatori, sar\u00e0 quella che vedr\u00e0 gli impatti pi\u00f9 devastanti del cambiamento climatico. I\u00a0<\/em>leader<em>mondiali stanno facendosi sfuggire la finestra temporale atta ad agire, ma noi non ce ne staremo zitti a osservare la loro inerzia.\u201d<\/em><\/p><\/blockquote>\n<p>\u2014Greta Thunberg, Svezia<\/p>\n<p>Secondo un recente rapporto ONU, gli eventi meteorologici estremi hanno causato lo sfollamento di 2 milioni di persone durante il 2018. Se in s\u00e9 nessun evento singolo pu\u00f2 essere attribuito indiscutibilmente a un cambiamento climatico antropogenico, gli scienziati credono che la frequenza incalzante di eventi meteorologici estremi sia decisamente collegata al riscaldamento globale. Lo stesso vale per la loro gravit\u00e0 sempre pi\u00f9 intensa.<\/p>\n<p>La<a target=\"_blank\" href=\"https:\/\/library.wmo.int\/index.php?lvl=notice_display&amp;id=20799#.XKAUy0clFCU\" ><strong>Dichiarazione dell\u2019Organizzazione Meteorologica Mondiale<\/strong><\/a>(WMO) sullo stato del clima globale nel 2018: vi si afferma che durante il 2018, eventi meteorologici estremi hanno colpito duramente circa 62 milioni di persone, di cui 2 milioni sono stati scacciati da casa loro. E<\/p>\n<blockquote><p><em>\u201cI segni fisici e gli effetti socioeconomici del cambiamento climatico stanno accelerando, con concentrazioni record di gas ad effetto-serra che sospingono le temperature verso livelli sempre pi\u00f9 pericolosi\u201d.<\/em><\/p><\/blockquote>\n<p>Il Segretario Generale ONU Antonio Guterres, parlando alla pubblicazione del rapporto WMO, ha approfittato dell\u2019occasione per rammentare ai leader globali l\u2019urgenza dell\u2019emergenza climatica. Guterres ha convocato un incontro di vertice climatico, previsto per il 23 settembre 2019, riferendosi al quale ha detto:\u00a0<em>\u201cNon venite con un discorso, venite con un piano. Questo \u00e8 quanto la scienza sostiene necessario. E quanto i giovani del globo stanno giustificatamente domandando.\u201d<\/em><\/p>\n<p>Due settimane prima, il 15 marzo, un milione e mezzo di studenti di oltre 130 paesi avevano marinato la scuola per partecipare alla pi\u00f9 grande dimostrazione climatica della storia, esigendo azioni per salvare il futuro dalla minaccia di un cambiamento climatico catastrofico.<\/p>\n<p><strong>Le tragiche alluvioni in Iran<\/strong><\/p>\n<p>I recenti tragici disastri da allagamento in Iran sono un esempio dell\u2019impatto socioeconomici degli eventi meteorologici estremi. Oltre a causare numerose morti, infliggono danni economici che ammontano a centinaia di milioni di dollari.<\/p>\n<p><strong>Libri che trattano l\u2019emergenza climatica:<\/strong><\/p>\n<p><a target=\"_blank\" href=\"http:\/\/eacpe.org\/app\/wp-content\/uploads\/2019\/03\/We-need-an-ecological-revolution-John-Scales-Avery.pdf\" >http:\/\/eacpe.org\/app\/wp-content\/uploads\/2019\/03\/We-need-an-ecological-revolution-John-Scales-Avery.pdf<\/a><\/p>\n<p><a target=\"_blank\" href=\"http:\/\/eacpe.org\/app\/wp-content\/uploads\/2019\/02\/Saving-the-Future-John-Scales-Avery.pdf\" >http:\/\/eacpe.org\/app\/wp-content\/uploads\/2019\/02\/Saving-the-Future-John-Scales-Avery.pdf<\/a><\/p>\n<p><a target=\"_blank\" href=\"http:\/\/eacpe.org\/app\/wp-content\/uploads\/2017\/11\/The-Climate-Emergency-Two-Time-Scales-by-John-Scales-Avery.pdf\" >http:\/\/eacpe.org\/app\/wp-content\/uploads\/2017\/11\/The-Climate-Emergency-Two-Time-Scales-by-John-Scales-Avery.pdf<\/a><\/p>\n<p><em>__________________________________________<\/em><\/p>\n<p style=\"padding-left: 40px;\"><em><a href=\"https:\/\/www.transcend.org\/tms\/wp-content\/uploads\/2018\/01\/John-Scales-Avery.jpg\" ><img loading=\"lazy\" decoding=\"async\" class=\"alignleft size-thumbnail wp-image-104422\" src=\"https:\/\/www.transcend.org\/tms\/wp-content\/uploads\/2018\/01\/John-Scales-Avery-150x150.jpg\" alt=\"\" width=\"150\" height=\"150\" \/><\/a><\/em><em>John Scales Avery, Ph.D.,\u00a0<strong>partecipe a un gruppo che condivise il Premio Nobel per la Pace del 1995<\/strong>per la loro opera organizzativa della Conferenza Pugwash su Scienza e Affari Mondiali, \u00e8 membro della Rete\u00a0<\/em><a href=\"https:\/\/www.transcend.org\/\" ><strong><em>TRANSCEND<\/em><\/strong><\/a><em>ed \u00e8 professore emerito associato all\u2019istituto H.C.\u00d8rsted dell\u2019Universit\u00e0 di Copenhagen, Danimarca. Presiede sia il Gruppo nazionale Pugwash danese sia l\u2019Accademia Danese per la Pace e ha conseguito la sua formazione in fisica teoretica e chimica teoretica presso l\u2019M.I.T., l\u2019Universit\u00e0 di Chicago e l\u2019Universit\u00e0 di Londra. E\u2019 autore di numerosi libri sia su argomenti sia su pi\u00f9 vaste questioni sociali.\u00a0I suoi libri pi\u00f9 recenti sono\u00a0<\/em>Information Theory and Evolution<em>e\u00a0<\/em><a target=\"_blank\" href=\"http:\/\/www.learndev.org\/dl\/Crisis21-Avery.pdf\" ><strong>Civilization\u2019s Crisis in the 21st Century<\/strong><\/a>(pdf).<\/p>\n<p><em>Titolo originale:\u00a0<\/em><a href=\"https:\/\/www.transcend.org\/tms\/2019\/04\/the-climate-emergency\/\" >The Climate Emergency<\/a><em> \u2013 TRANSCEND Media Service<\/em><\/p>\n<p><em>Traduzione di Miki Lanza per il Centro Studi Sereno Regis<\/em><\/p>\n<p><a target=\"_blank\" href=\"http:\/\/serenoregis.org\/2019\/04\/25\/lemergenza-climatica-john-scales-avery\/\" >Go to Original \u2013 serenoregis.org<\/a><\/p>\n","protected":false},"excerpt":{"rendered":"<p>\u201cNon venite con un discorso, venite con un piano. Questo \u00e8 quanto la scienza sostiene necessario. E quanto i giovani del globo stanno giustificatamente domandando.\u201d &#8212; Segretario Generale ONU Antonio Guterres<\/p>\n","protected":false},"author":4,"featured_media":132943,"comment_status":"open","ping_status":"open","sticky":false,"template":"","format":"standard","meta":{"footnotes":""},"categories":[46],"tags":[229,686,120,993,109,287,380,75],"class_list":["post-132942","post","type-post","status-publish","format-standard","has-post-thumbnail","hentry","category-original-languages","tag-activism","tag-climate-change","tag-conflict","tag-global-warming","tag-politics","tag-power","tag-solutions","tag-world"],"_links":{"self":[{"href":"https:\/\/www.transcend.org\/tms\/wp-json\/wp\/v2\/posts\/132942","targetHints":{"allow":["GET"]}}],"collection":[{"href":"https:\/\/www.transcend.org\/tms\/wp-json\/wp\/v2\/posts"}],"about":[{"href":"https:\/\/www.transcend.org\/tms\/wp-json\/wp\/v2\/types\/post"}],"author":[{"embeddable":true,"href":"https:\/\/www.transcend.org\/tms\/wp-json\/wp\/v2\/users\/4"}],"replies":[{"embeddable":true,"href":"https:\/\/www.transcend.org\/tms\/wp-json\/wp\/v2\/comments?post=132942"}],"version-history":[{"count":0,"href":"https:\/\/www.transcend.org\/tms\/wp-json\/wp\/v2\/posts\/132942\/revisions"}],"wp:featuredmedia":[{"embeddable":true,"href":"https:\/\/www.transcend.org\/tms\/wp-json\/wp\/v2\/media\/132943"}],"wp:attachment":[{"href":"https:\/\/www.transcend.org\/tms\/wp-json\/wp\/v2\/media?parent=132942"}],"wp:term":[{"taxonomy":"category","embeddable":true,"href":"https:\/\/www.transcend.org\/tms\/wp-json\/wp\/v2\/categories?post=132942"},{"taxonomy":"post_tag","embeddable":true,"href":"https:\/\/www.transcend.org\/tms\/wp-json\/wp\/v2\/tags?post=132942"}],"curies":[{"name":"wp","href":"https:\/\/api.w.org\/{rel}","templated":true}]}}