{"id":137437,"date":"2019-08-05T12:00:08","date_gmt":"2019-08-05T11:00:08","guid":{"rendered":"https:\/\/www.transcend.org\/tms\/?p=137437"},"modified":"2019-08-12T11:04:14","modified_gmt":"2019-08-12T10:04:14","slug":"michael-de-adder-responds-to-contract-end-after-trump-cartoon","status":"publish","type":"post","link":"https:\/\/www.transcend.org\/tms\/2019\/08\/michael-de-adder-responds-to-contract-end-after-trump-cartoon\/","title":{"rendered":"Michael De Adder Responds to Contract End after Trump Cartoon"},"content":{"rendered":"<blockquote><p><em>&#8216;I feel my credibility is on the line.&#8217;<\/em><\/p><\/blockquote>\n<p><a href=\"https:\/\/www.transcend.org\/tms\/wp-content\/uploads\/2019\/07\/michael-de-adder-trump-cartoon.jpeg\" ><img loading=\"lazy\" decoding=\"async\" class=\"aligncenter wp-image-137438\" src=\"https:\/\/www.transcend.org\/tms\/wp-content\/uploads\/2019\/07\/michael-de-adder-trump-cartoon.jpeg\" alt=\"\" width=\"500\" height=\"278\" srcset=\"https:\/\/www.transcend.org\/tms\/wp-content\/uploads\/2019\/07\/michael-de-adder-trump-cartoon.jpeg 630w, https:\/\/www.transcend.org\/tms\/wp-content\/uploads\/2019\/07\/michael-de-adder-trump-cartoon-300x167.jpeg 300w\" sizes=\"auto, (max-width: 500px) 100vw, 500px\" \/><\/a><\/p>\n<p><em>1 Jul 2019 &#8211; <\/em>Michael de Adder shared the cartoon depicting U.S. President Donald Trump and the border crisis on his social accounts.<\/p>\n<p>The Canadian cartoonist who <a href=\"https:\/\/www.transcend.org\/tms\/2019\/08\/untitled\/\" >drew a viral depiction of U.S. President Donald Trump<\/a> and the border crisis is defending his own credibility after his contract was terminated by a newspaper publisher.<\/p>\n<p><em>\u201cIt sounds corny, but I have a personal code of conduct. It\u2019s kept me employed for 20 years in a business that\u2019s been dying for 10,\u201d<\/em> <a target=\"_blank\" href=\"https:\/\/www.huffingtonpost.ca\/entry\/michael-de-adder-trump-cartoon-new-brunswick_ca_5d18bdd1e4b03d61163d19ea?utm_hp_ref=ca-homepage\" >Michael de Adder<\/a>\u00a0wrote <a target=\"_blank\" href=\"https:\/\/twitter.com\/deAdder\" >on Twitter<\/a> on Monday.<\/p>\n<p>He <a target=\"_blank\" href=\"https:\/\/twitter.com\/deAdder\/status\/1143931384265883650\" >posted a cartoon<\/a> last week which shows Trump standing by a golf cart, asking \u201cDo you mind if I play through?\u201d while standing above two bodies. The image recalls the drowning of\u00a0<a target=\"_blank\" href=\"https:\/\/www.huffpost.com\/entry\/photo-drowned-father-daughter-migrants-struggles_n_5d129258e4b04f059e4b2222\" >\u00d3scar Alberto Mart\u00ednez Ram\u00edrez<\/a>\u00a0and his 23-month-old daughter, Valeria, in the Rio Grande River as they tried to cross the Mexico-U.S. border.<\/p>\n<p>That same week, <a target=\"_blank\" href=\"https:\/\/www.huffingtonpost.ca\/entry\/michael-de-adder-trump-cartoon-new-brunswick_ca_5d18bdd1e4b03d61163d19ea?utm_hp_ref=ca-homepage\" >his freelance contract with Brunswick News<\/a> and their four newspapers in New Brunswick was terminated. The cartoon was not published in the papers but was shared widely on social media.<\/p>\n<blockquote class=\"twitter-tweet\" data-width=\"500\" data-dnt=\"true\">\n<p lang=\"en\" dir=\"ltr\">Cartoon for June 26, 2019 on <a target=\"_blank\" href=\"https:\/\/twitter.com\/hashtag\/trump?src=hash&amp;ref_src=twsrc%5Etfw\" >#trump<\/a> <a target=\"_blank\" href=\"https:\/\/twitter.com\/hashtag\/BorderCrisis?src=hash&amp;ref_src=twsrc%5Etfw\" >#BorderCrisis<\/a> <a target=\"_blank\" href=\"https:\/\/twitter.com\/hashtag\/BORDER?src=hash&amp;ref_src=twsrc%5Etfw\" >#BORDER<\/a>  <a target=\"_blank\" href=\"https:\/\/twitter.com\/hashtag\/TrumpCamps?src=hash&amp;ref_src=twsrc%5Etfw\" >#TrumpCamps<\/a> <a target=\"_blank\" href=\"https:\/\/twitter.com\/hashtag\/TrumpConcentrationCamps?src=hash&amp;ref_src=twsrc%5Etfw\" >#TrumpConcentrationCamps<\/a> <a target=\"_blank\" href=\"https:\/\/t.co\/Gui8DHsebl\" >pic.twitter.com\/Gui8DHsebl<\/a><\/p>\n<p>&mdash; Michael de Adder (@deAdder) <a target=\"_blank\" href=\"https:\/\/twitter.com\/deAdder\/status\/1143931384265883650?ref_src=twsrc%5Etfw\" >June 26, 2019<\/a><\/p><\/blockquote>\n<p><script async src=\"https:\/\/platform.twitter.com\/widgets.js\" charset=\"utf-8\"><\/script><\/p>\n<p><a target=\"_blank\" href=\"https:\/\/www.huffingtonpost.ca\/entry\/michael-de-adder-trump-cartoon-brunswick-news_ca_5cfebff3e4b0b0218085842b?guccounter=1&amp;guce_referrer=aHR0cHM6Ly93d3cuZ29vZ2xlLmNvbS8&amp;guce_referrer_sig=AQAAAN2QB6P_Pr5IOQ0JJDbJivLnCtboNg7GCoHh6fMBX2AJt5YwZ4wLmpM7W0sHdMa_8PzHb5AXawpI1EZR6GJEkGa_Z3AW-BZ_0OzJp4IymjL7azFq6s2X_tjN8YremNlIBXz37HSFiq1nthFu1x_os-ELnVrQoPE8ppG1ozJS2GIX\" >TO CONTINUE READING Go to Original \u2013 huffingtonpost.ca<\/a><\/p>\n","protected":false},"excerpt":{"rendered":"<p>1 Jul 2019 -He posted a cartoon last week which shows Trump standing by a golf cart, asking \u201cDo you mind if I play through?\u201d while standing above two bodies. The image recalls the drowning of\u00a0\u00d3scar Alberto Mart\u00ednez Ram\u00edrez\u00a0and his 23-month-old daughter, Valeria, in the Rio Grande River as they tried to cross the Mexico-U.S. border.\u00a0<\/p>\n","protected":false},"author":4,"featured_media":137438,"comment_status":"open","ping_status":"open","sticky":false,"template":"","format":"standard","meta":{"footnotes":""},"categories":[65,62,213],"tags":[229,1012,125,487,378,651,541,234,109,287,985,249,70,126],"class_list":["post-137437","post","type-post","status-publish","format-standard","has-post-thumbnail","hentry","category-anglo-america","category-media","category-food-for-thought","tag-activism","tag-food-for-thought-editorial-cartoon","tag-freedom-of-the-press","tag-human-rights","tag-journalism","tag-justice","tag-latin-america-caribbean","tag-media","tag-politics","tag-power","tag-social-justice","tag-trump","tag-usa","tag-violence"],"_links":{"self":[{"href":"https:\/\/www.transcend.org\/tms\/wp-json\/wp\/v2\/posts\/137437","targetHints":{"allow":["GET"]}}],"collection":[{"href":"https:\/\/www.transcend.org\/tms\/wp-json\/wp\/v2\/posts"}],"about":[{"href":"https:\/\/www.transcend.org\/tms\/wp-json\/wp\/v2\/types\/post"}],"author":[{"embeddable":true,"href":"https:\/\/www.transcend.org\/tms\/wp-json\/wp\/v2\/users\/4"}],"replies":[{"embeddable":true,"href":"https:\/\/www.transcend.org\/tms\/wp-json\/wp\/v2\/comments?post=137437"}],"version-history":[{"count":0,"href":"https:\/\/www.transcend.org\/tms\/wp-json\/wp\/v2\/posts\/137437\/revisions"}],"wp:featuredmedia":[{"embeddable":true,"href":"https:\/\/www.transcend.org\/tms\/wp-json\/wp\/v2\/media\/137438"}],"wp:attachment":[{"href":"https:\/\/www.transcend.org\/tms\/wp-json\/wp\/v2\/media?parent=137437"}],"wp:term":[{"taxonomy":"category","embeddable":true,"href":"https:\/\/www.transcend.org\/tms\/wp-json\/wp\/v2\/categories?post=137437"},{"taxonomy":"post_tag","embeddable":true,"href":"https:\/\/www.transcend.org\/tms\/wp-json\/wp\/v2\/tags?post=137437"}],"curies":[{"name":"wp","href":"https:\/\/api.w.org\/{rel}","templated":true}]}}