{"id":137459,"date":"2019-07-15T12:00:50","date_gmt":"2019-07-15T11:00:50","guid":{"rendered":"https:\/\/www.transcend.org\/tms\/?p=137459"},"modified":"2019-07-11T11:44:32","modified_gmt":"2019-07-11T10:44:32","slug":"castellano-la-mente-limitada-por-que-el-miedo-esta-llevando-la-humanidad-a-la-extincion","status":"publish","type":"post","link":"https:\/\/www.transcend.org\/tms\/2019\/07\/castellano-la-mente-limitada-por-que-el-miedo-esta-llevando-la-humanidad-a-la-extincion\/","title":{"rendered":"(Castellano) La mente limitada: por qu\u00e9 el miedo est\u00e1 llevando la humanidad a la extinci\u00f3n"},"content":{"rendered":"<p><a href=\"https:\/\/www.transcend.org\/tms\/wp-content\/uploads\/2019\/07\/in-chains-acorrentados.jpg\" ><img loading=\"lazy\" decoding=\"async\" class=\"aligncenter wp-image-137460\" src=\"https:\/\/www.transcend.org\/tms\/wp-content\/uploads\/2019\/07\/in-chains-acorrentados.jpg\" alt=\"\" width=\"400\" height=\"225\" srcset=\"https:\/\/www.transcend.org\/tms\/wp-content\/uploads\/2019\/07\/in-chains-acorrentados.jpg 640w, https:\/\/www.transcend.org\/tms\/wp-content\/uploads\/2019\/07\/in-chains-acorrentados-300x169.jpg 300w\" sizes=\"auto, (max-width: 400px) 100vw, 400px\" \/><\/a><\/p>\n<p><em>10 de julio de 2019<\/em> &#8211; Anteriormente he escrito muchos art\u00edculos que describen uno o m\u00e1s aspectos de la naturaleza disfuncional de la mente humana t\u00edpica, junto con una explicaci\u00f3n de c\u00f3mo se produjo esta y qu\u00e9 podemos hacer al respecto. Vea por ejemplo algunos de los art\u00edculos publicados en \u201c<a target=\"_blank\" href=\"https:\/\/feelingsfirstblog.wordpress.com\/key-articles\/\" >Art\u00edculos clave<\/a>\u201d y la fuente documental \u201c<a target=\"_blank\" href=\"http:\/\/dkeenan.com\/RJB-WhyViolence.pdf\" >\u00bfPor qu\u00e9 violencia?<\/a>\u201d y \u201c<a target=\"_blank\" href=\"https:\/\/anitamckone.wordpress.com\/articles-2\/fearless-and-fearful-psychology\/\" >Psicolog\u00eda sin miedo y Psicolog\u00eda temerosa: Principios y pr\u00e1ctica<\/a>\u201c.<\/p>\n<p>Tambi\u00e9n he explicado que <strong>es esta base psicol\u00f3gica disfuncional la que gener\u00f3 los comportamientos<\/strong>, as\u00ed como las<strong> instituciones<\/strong> pol\u00edticas, econ\u00f3micas, legales y sociales (como el capitalismo), las que <strong>impulsan la crisis multifac\u00e9tica<\/strong> y existencial en la que se encuentra la humanidad.<\/p>\n<p>A\u00fan m\u00e1s, sobre esa base, mi propio enfoque ha ido evolucionado significativamente a partir de la investigaci\u00f3n y el activismo no violento que me ocuparon durante varias d\u00e9cadas, para incidir en un esfuerzo continuado en <strong>hacer frente a esta disfunci\u00f3n psicol\u00f3gica como una caracter\u00edstica central de nuestros esfuerzos<\/strong> para comprender y transformar las pol\u00edticas disfuncionales, as\u00ed como las instituciones econ\u00f3micas, legales y sociales, tanto como para comprender y poner fin a las guerras (incluida la amenaza de guerra nuclear), la crisis ambiental (incluida la cat\u00e1strofe clim\u00e1tica) y todos los dem\u00e1s conflictos en curso que acosan a la humanidad.<\/p>\n<p>Usted puede creer que la psicolog\u00eda no es importante para su comprensi\u00f3n sobre conflictos o que es un \u00e1mbito exclusivo de especialistas pero, de hecho, es crucial para una comprensi\u00f3n m\u00e1s profunda y completa del origen y despliegue de nuestra crisis y est\u00e1 lejos de ser complicada, simplemente porque cualquier disfunci\u00f3n psicol\u00f3gica puede explicarse en un lenguaje sencillo que la mayor\u00eda de personas entienden f\u00e1cilmente. Para muestra sugiero \u201c<a target=\"_blank\" href=\"https:\/\/feelingsfirstblog.wordpress.com\/key-articles\/the-disintegrated-mind\/\" >La mente desintegrada: La mayor amenaza para la supervivencia humana en la Tierra<\/a>\u201c.<\/p>\n<p>Pero, debido a que solo raros psic\u00f3logos y psiquiatras comprenden la psicolog\u00eda humana, como expliqu\u00e9 en \u201c<a target=\"_blank\" href=\"https:\/\/feelingsfirstblog.wordpress.com\/key-articles\/defeating-violence-of-psychiatry\/\" >Lucha contra la violencia de la psiquiatr\u00eda<\/a>\u201c, la mayor parte de la literatura sobre psicolog\u00eda y psiquiatr\u00eda es pr\u00e1cticamente incomprensible, por no decir inexacta. Esta falta de comprensi\u00f3n tiene cuatro resultados inmediatos y desastrosos.<\/p>\n<ul>\n<li>Primero, conduce a que grupos de s\u00edntomas psicol\u00f3gicos se vinculan entre s\u00ed y luego se les asigne una etiqueta arbitraria (de modo que campos de la psicolog\u00eda\/ psiquiatr\u00eda pueden parecer que supieran de qu\u00e9 est\u00e1n hablando mientras excluyen a aquellos que no comprenden su jerga).<\/li>\n<li>En segundo lugar, proporciona cobertura a la industria farmac\u00e9utica para obtener ganancias masivas de la producci\u00f3n y venta de medicamentos que, en teor\u00eda, suprimen los s\u00edntomas clave de, en lugar de curar, la disfunci\u00f3n psicol\u00f3gica que ha sido \u201cdiagnosticada\u201d.<\/li>\n<li>En tercer lugar, imposibilita el diagn\u00f3stico y el tratamiento precisos de cualquier disfunci\u00f3n: obviamente, si no se comprende un problema, no se puede responder de manera efectiva a que se resuelva el problema. (Por supuesto, es m\u00e1s rentable para los profesionales y la industria farmac\u00e9utica si alguna disfunci\u00f3n no se resuelve, sino que simplemente se requiere un proceso continuo, es decir, interminable, de \u201cterapia\u201d\/ medicamentos).<\/li>\n<li>Cuarto y m\u00e1s fundamental de todos,<strong> limita el alcance de lo que se considera disfunci\u00f3n psicol\u00f3gica a aquellos diagnosticados con enfermedades mentales \u201cidentificables\u201d<\/strong>. Pero la disfunci\u00f3n psicol\u00f3gica va mucho m\u00e1s all\u00e1 de los que se considera que tienen una enfermedad mental y es simplemente el resultado del hecho de que la salud mental, como la salud f\u00edsica, tiene muchas dimensiones que requieren una atenci\u00f3n adecuada para que el organismo humano funcione de manera \u00f3ptima.<\/li>\n<\/ul>\n<p>Por lo tanto, m\u00e1s all\u00e1 de los muchos ejemplos que ofrec\u00ed anteriormente en los art\u00edculos citados (y otros no citados pero tambi\u00e9n disponibles en el sitio web \u201c<a target=\"_blank\" href=\"https:\/\/feelingsfirstblog.wordpress.com\/\" >Feelings First<\/a>\u201c), me gustar\u00eda describir otros ejemplos comunes de disfuncionalidad psicol\u00f3gica que impiden tanto a activistas como aquellos a quienes est\u00e1n tratando de movilizar en el esfuerzo por salvar la biosfera de la Tierra y evitar la extinci\u00f3n humana, particularmente dado el plazo en el que esto debe ahora suceder. Ver \u201c<a href=\"https:\/\/www.transcend.org\/tms\/2018\/08\/human-extinction-by-2026-a-last-ditch-strategy-to-fight-for-human-survival\/\" >\u00bfExtinci\u00f3n Humana para 2026? Una estrategia de \u00faltima hora para luchar por la supervivencia humana<\/a>\u201c.<\/p>\n<p>Como resultado de la \u201csocializaci\u00f3n\u201d (m\u00e1s precisamente etiquetable como \u201caterrorizaci\u00f3n\u201d) a la que est\u00e1n sometidos todos los ni\u00f1os durante su infancia y los adolescencia (lo que implica infligirles una interminable\u00a0violencia \u201cvisible\u201d, \u201cinvisible\u201d y \u201ccompletamente invisible\u201d durante estos per\u00edodos) \u2013 ver \u201c<a target=\"_blank\" href=\"http:\/\/dkeenan.com\/RJB-WhyViolence.pdf\" >\u00bfPor qu\u00e9 violencia?<\/a>\u201c- el humano joven t\u00edpico obedientemente\u00a0(o, a menudo, inconscientemente) adquiere el conjunto de actitudes, creencias y valores (as\u00ed como las conductas consecuentes) que son aprobados por los adultos relevantes (y predominantes instituciones) de su vida. Estas actitudes, creencias y valores, sin embargo, a menudo est\u00e1n tan profundamente enraizadas por el miedo (inconsciente) que los deja en su lugar en que nunca son sometidos a un serio escrutinio\u00a0por parte del individuo: ya sea funcional o de otro tipo, se aceptan sin cuestionarlos y, en general con el tiempo, adquieren el estado de \u2018hecho incontrovertible\u2019 (tal cual el individuo los percibe).<\/p>\n<p>La consecuencia m\u00e1s obvia (y altamente negativa) de ser aterrorizado para aceptar las actitudes, creencias y valores de los adultos relevantes (y las instituciones preeminentes) de su entorno es que<\/p>\n<ul>\n<li>las capacidades para <strong>analizar<\/strong> un problema o conflicto (a menudo incluyendo sus ra\u00edces en la naturaleza de su sociedad),<\/li>\n<li>para <strong>buscar evidencia<\/strong> significativa (y quiz\u00e1s compleja) para comprender los problemas que surgen de ella,<\/li>\n<li>para <strong>planificar una estrategia<\/strong> de modo que los factores subyacentes del problema o conflicto se aborden en profundidad y luego se comporten estrat\u00e9gicamente (a menudo en cooperaci\u00f3n con otros) para lograr este resultado, simplemente <strong>nunca se desarrollan<\/strong> m\u00e1s all\u00e1 de los niveles m\u00e1s superficiales (suficiente, por ejemplo, para una carrera socialmente aceptada, ya sea comercial o profesional).<\/li>\n<\/ul>\n<p>Como resultado, el ser humano t\u00edpico simplemente est\u00e1 pasando por la rutina de \u201ccrecer\u201d, (lo que tambi\u00e9n implica ser aterrorizado hasta convertirse en un ciudadano sumiso y trabajador \/ soldado en la escuela por una d\u00e9cada o m\u00e1s: ver \u201c<a target=\"_blank\" href=\"https:\/\/feelingsfirstblog.wordpress.com\/school-or-education\/\" >\u00bf<\/a><a target=\"_blank\" href=\"https:\/\/feelingsfirstblog.wordpress.com\/school-or-education\/\" >Queremos Escuela o Educaci\u00f3n? <\/a>\u201c), escogiendo educaci\u00f3n postsecundaria y\/o un trabajo aceptable haciendo lo que otros le digan, y luego haciendo ese trabajo (o un equivalente) durante d\u00e9cadas (generalmente tener una pareja e hijos en el proceso y quiz\u00e1s tambi\u00e9n alg\u00fan pasatiempo).<\/p>\n<p>Fundamentalmente, los humanos son aterrorizados hasta asumir la \u201cidentidad socialmente construida ilusoria\u201d que su sociedad les impone para luego llamarla \u201cyo\u201d. <strong>El destino personal\u00a0de su vida est\u00e1 ahora tan completamente borrado de su conciencia<\/strong> de que la idea de buscar su propio destino \u00fanico nunca se les ocurrir\u00e1. Por supuesto, algunas personas (al menos en las sociedades industrializadas) son compensadas por su sacrificio: salarios, entretenimiento, viajes y otras chucher\u00edas. Pero, para la mayor\u00eda, estas chucher\u00edas se dan en peque\u00f1as cantidades y para muchas otras en todo el mundo (en pa\u00edses \u201csubdesarrollados\u201d deliberadamente), no se dan en absoluto.<\/p>\n<p>Se es aterrorizado para creer que esto es todo lo que la vida tiene para ofrecer, solo los m\u00e1s raros individuos aspiran a m\u00e1s. Consumo infinito de bienes y servicios sin importar la calidad, la belleza o la funcionalidad, (consulte \u201c<a target=\"_blank\" href=\"https:\/\/feelingsfirstblog.wordpress.com\/key-articles\/love-denied\/\" >Amor denegado: la psicolog\u00eda del materialismo, la violencia y la guerra<\/a>\u201c), a expensas de la Tierra, se convierte en la raz\u00f3n de la vida. <strong>Porque la vida misma ya no tiene sentido.<\/strong><\/p>\n<p>As\u00ed que aqu\u00ed estamos, una poblaci\u00f3n humana que est\u00e1 tan desprovista de conciencia, propia y planetaria, que estamos a punto de precipitar nuestra propia extinci\u00f3n.<\/p>\n<p>\u00bfRealmente crees que aqu\u00ed es donde estar\u00edamos si todos fu\u00e9ramos psicol\u00f3gicamente funcionales? Manipulado y controlado por una \u00e9lite mundial ileg\u00edtima que est\u00e1 completamente enloquecida \u2013 ver \u201c<a target=\"_blank\" href=\"https:\/\/feelingsfirstblog.wordpress.com\/key-articles\/global-elite-is-insane-revisited\/\" >La \u00e9lite global est\u00e1 loca Revisado<\/a>\u201c- usando a sus agentes, incluidos los gobiernos, para enga\u00f1arnos f\u00e1cilmente para que consumamos cada vez m\u00e1s en busca del \u2018Dios\u2019 del capitalismo \u2013 crecimiento econ\u00f3mico interminable (es decir, ganancias corporativas, poder y privilegios): la mayor parte de la poblaci\u00f3n humana, sumisamente inconsciente (a excepci\u00f3n del \u00faltimo esc\u00e1ndalo o resultado deportivo) y la mayor\u00eda de los activistas (que pretenden estar tratando de hacer algo con respecto al peligroso estado del mundo) incapaces de pensar, planificar y actuar estrat\u00e9gicamente para luchar por los resultados que se necesitan tan desesperadamente. Ver, por ejemplo, \u201c<a target=\"_blank\" href=\"https:\/\/nonviolentstrategy.wordpress.com\/articles\/why-activists-fail\/\" >Por qu\u00e9 los activistas fallan<\/a>\u201c.<\/p>\n<h3>Entonces, \u00bfqu\u00e9 podemos hacer?<\/h3>\n<p>Bueno, dado que la enorme disfunci\u00f3n psicol\u00f3gica de la mayor\u00eda de los seres humanos es la principal impulsora de nuestra acelerada marcha hacia la extinci\u00f3n, (de nuevo, vea \u201c\u00bfExtinci\u00f3n humana para 2026? Una estrategia de The Last Ditch para luchar por la supervivencia humana \u201c): te invito a considerar seriamente la posibilidad de incorporar estrategias para abordar esta disfuncionalidad en cualquier esfuerzo que hagas para mejorar nuestro mundo.<\/p>\n<p>Para la mayor\u00eda de las personas, esto incluir\u00e1 comenzar con uno mismo. (Ver \u201c<a target=\"_blank\" href=\"https:\/\/feelingsfirstblog.wordpress.com\/putting-feelings-first\/\" >Poner los sentimientos primero<\/a>\u201c).<\/p>\n<p>Para pr\u00e1cticamente todos los adultos, incluir\u00eda revisar su relaci\u00f3n con los ni\u00f1os e, idealmente, hacer \u201c<a target=\"_blank\" href=\"https:\/\/feelingsfirstblog.wordpress.com\/my-promise-to-children\/\" >Mi Promesa a los Ni\u00f1os<\/a>\u201c. Cr\u00edticamente, esto incluir\u00e1 aprender la habilidad de nisteling. Ver \u2018<a target=\"_blank\" href=\"https:\/\/feelingsfirstblog.wordpress.com\/nisteling\/\" >Nisteling: El arte de la escucha profunda<\/a>\u2019.<\/p>\n<p>Para aquellos que se sienten psicol\u00f3gicamente capaces, considere hacer una campa\u00f1a estrat\u00e9gica para lograr los resultados que necesitamos. Ver\u00a0<a target=\"_blank\" href=\"https:\/\/nonviolentstrategy.wordpress.com\/strategywheel\/strategic-aims\/\" >\u201cEstrategia de campa\u00f1a no violenta<\/a>\u201d o <a target=\"_blank\" href=\"https:\/\/nonviolentliberationstrategy.wordpress.com\/strategywheel\/strategic-aims\/\" >\u201cEstrategia de defensa \/ liberaci\u00f3n no violenta<\/a>\u201c.<\/p>\n<p>La \u00e9lite global est\u00e1 profundamente atrincherada (luchando sus guerras, explotando personas, destruyendo la biosfera, invadiendo\/ ocupando pa\u00edses ricos en recursos) y no est\u00e1 dispuesta a ceder sin un esfuerzo concertado por parte de muchos de nosotros haciendo una campa\u00f1a estrat\u00e9gica en varios frentes clave.<\/p>\n<p>Si reconoces la prevalencia de la violencia impulsada por el miedo en nuestro mundo, considera unirte a la red global de personas que nos resistimos a ella firmando la petici\u00f3n online de \u201c<a target=\"_blank\" href=\"https:\/\/thepeoplesnonviolencecharter.wordpress.com\/\" >La Carta del Pueblo para crear un Mundo No Violento<\/a>\u201c.<\/p>\n<p>Pero si no haces nada m\u00e1s a pesar de comprender el simple hecho de que la biosfera de la Tierra no puede sostener a una poblaci\u00f3n humana de esta magnitud, la cual m\u00e1s de la mitad consume en exceso, entonces considera una participaci\u00f3n acelerada en la estrategia descrita en \u2018<a target=\"_blank\" href=\"http:\/\/dkeenan.com\/Flametree.pdf\" >El Proyecto del \u00c1rbol en llamas para Salvar la Vida de la Tierra\u2019<\/a>.<\/p>\n<p>O, si esto parece demasiado complejo, considera comprometerse a:<\/p>\n<blockquote><p><strong><em>La Promesa a la Tierra<\/em><\/strong><\/p>\n<p><strong>Por amor a la Tierra y todas sus criaturas, y mi respeto por sus necesidades, desde este d\u00eda en adelante prometo que:<\/strong><\/p>\n<p><strong>Escuchar\u00e9 profundamente a los ni\u00f1os (ver explicaci\u00f3n m\u00e1s arriba)<\/strong><br \/>\n<strong>No voy a viajar en avi\u00f3n<\/strong><br \/>\n<strong>No voy a viajar en coche<\/strong><br \/>\n<strong>No comer\u00e9 carne y pescado<\/strong><br \/>\n<strong>Solo comer\u00e9 alimentos cultivados de forma org\u00e1nica\/ biodin\u00e1mica.<\/strong><br \/>\n<strong>Minimizar\u00e9 la cantidad de agua dulce que utilizo, incluida la minimizaci\u00f3n de mi propiedad y uso de dispositivos electr\u00f3nicos<\/strong><br \/>\n<strong>No comprar\u00e9 madera de selvas tropicales<\/strong><br \/>\n<strong>No comprar\u00e9 ni usar\u00e9 pl\u00e1stico de un solo uso como bolsas, botellas, recipientes, vasos y pajitas.<\/strong><br \/>\n<strong>No utilizar\u00e9 bancos, fondos de jubilaci\u00f3n (pensiones) o compa\u00f1\u00edas de seguros que brinden servicios a corporaciones involucradas en combustibles f\u00f3siles, energ\u00eda nuclear y\/ o armas [pr\u00e1cticamente todos].<\/strong><br \/>\n<strong>No aceptar\u00e9 empleo ni invertir\u00e9 en ninguna organizaci\u00f3n que apoye o participe en la explotaci\u00f3n de otros seres humanos o en los beneficios del asesinato y \/ o destrucci\u00f3n de la biosfera [pr\u00e1cticamente todos].<\/strong><br \/>\n<strong>No recibir\u00e9 noticias de los medios corporativos (peri\u00f3dicos, televisi\u00f3n, radio, Google, Facebook, Twitter \u2026)[pr\u00e1cticamente todos]<\/strong><br \/>\n<strong>Har\u00e9 el esfuerzo de aprender una habilidad, como el cultivo de alimentos o la costura, que me haga m\u00e1s autosuficiente<\/strong><br \/>\n<strong>Animar\u00e9 poco a poco a mi familia y amigos a que consideren firmar este compromiso.<\/strong><\/p><\/blockquote>\n<h3>Conclusi\u00f3n<\/h3>\n<p>Hay un gran error en nuestra relaci\u00f3n con el mundo, que sigue empeorando cada d\u00eda. Y, como deber\u00eda ser obvio en mi argumento anterior,<strong> si nosotros, como especie, no comenzamos a eliminar el miedo<\/strong> (en gran parte inconsciente) que limita nuestras mentes y gobierna nuestro comportamiento, <strong>continuaremos contribuyendo a este problema<\/strong> en lugar de resolverlo.<\/p>\n<p>Soy muy consciente de que este punto no es desde donde el individuo t\u00edpico quiere comenzar, y eso es asumiendo que el punto es si quiera entendido. Despu\u00e9s de todo, <strong>debido a que la mayor\u00eda del miedo es inconsciente, es f\u00e1cil para las personas no identificar su propio comportamiento disfuncional<\/strong> (o racionalizarlo creyendo en la \u201cimportancia\u201d de lo que hacen). Es por esto que, si bien a una le gustar\u00eda creer que no tenemos que \u201ccomenzar\u201d con este punto, colectivamente hablando, tampoco podemos ignorarlo, si la supervivencia humana es nuestro objetivo.<\/p>\n<p><strong>El tema clave es que para que nuestra estrategia de movilizaci\u00f3n de personas<\/strong> en esta gran lucha para que la supervivencia sea efectiva, tambi\u00e9n debemos movilizar a los padres, maestros, l\u00edderes religiosos y otros adultos para que reconsideren y <strong>revisen profundamente su relaci\u00f3n con los ni\u00f1os. <\/strong>Esto se debe a que <strong>cada ni\u00f1o que no est\u00e1 disfuncionalizado se convierte en un poderoso\u00a0agente para el cambio<\/strong>. Si no lo hacemos, continuaremos socavando la lucha general, incluso si precipitamos algunas victorias provisionales en el camino.<\/p>\n<p>Mi propia preocupaci\u00f3n es poner fin a la violencia, evitar la extinci\u00f3n humana y construir de nuevo y de manera sostenible nuestras relaciones con la Tierra y con los dem\u00e1s. \u00bfT\u00fa que dices?<\/p>\n<p><em>_________________________________________<\/em><\/p>\n<p style=\"padding-left: 40px;\"><em><a href=\"https:\/\/www.transcend.org\/tms\/wp-content\/uploads\/2016\/07\/Robert-J.-Burrowes1-e1543331461304.png\" ><img loading=\"lazy\" decoding=\"async\" class=\"alignleft size-full wp-image-76959\" src=\"https:\/\/www.transcend.org\/tms\/wp-content\/uploads\/2016\/07\/Robert-J.-Burrowes1-e1543331461304.png\" alt=\"\" width=\"100\" height=\"155\" \/><\/a><\/em><em>Robert Burrowes, Ph.D. es miembro de la<\/em> <a href=\"https:\/\/www.transcend.org\/\" >Red TRANSCEND para la Paz, el Desarrollo y el Medio Ambiente<\/a> <em>y tiene un compromiso de vida para entender y poner fin a la violencia humana. Se ha realizado una amplia investigaci\u00f3n desde 1966 en un esfuerzo para entender por qu\u00e9 los seres humanos son violentos y ha sido un activista por la noviolencia desde 1981. <\/em><em>Es autor de<\/em> <a target=\"_blank\" href=\"http:\/\/tinyurl.com\/whyviolence\" >Why Violence?<\/a><em> Websites: (<a target=\"_blank\" href=\"http:\/\/thepeoplesnonviolencecharter.wordpress.com\" >Charter<\/a>)\u00a0 (<a target=\"_blank\" href=\"http:\/\/tinyurl.com\/flametree\" >Flame Tree Project<\/a>)\u00a0 (<a target=\"_blank\" href=\"http:\/\/anitamckone.wordpress.com\" >Songs of Nonviolence<\/a>) (<\/em><a target=\"_blank\" href=\"https:\/\/nonviolentstrategy.wordpress.com\/\" ><em>Nonviolent Campaign Strategy<\/em><\/a>) (<a target=\"_blank\" href=\"https:\/\/nonviolentliberationstrategy.wordpress.com\/\" ><em>Nonviolent Defense\/Liberation Strategy<\/em><\/a>) <em>(<\/em><em><a target=\"_blank\" href=\"https:\/\/robertjburrowes.wordpress.com\" >Robert J. Burrowes<\/a><\/em><em>) (<\/em><a target=\"_blank\" href=\"https:\/\/feelingsfirstblog.wordpress.com\/\" ><em>Feelings First<\/em><\/a>)<em>\u00a0Email: <a href=\"mailto:flametree@riseup.net\">flametree@riseup.net<\/a><\/em><\/p>\n<p><em>Traducci\u00f3n tarcoteca<\/em> \u2013\u00a0<a href=\"https:\/\/www.transcend.org\/tms\/2019\/07\/the-limited-mind-why-fear-is-driving-humanity-to-extinction\/\" >The Limited Mind: Why Fear Is Driving Humanity to Extinction<\/a><\/p>\n<p><a target=\"_blank\" href=\"http:\/\/matrizur.org\/2019\/07\/la-mente-limitada-la-psicologia-como-medio-para-comprender-el-conflicto-socializar-aterrorizando\/\" >Go to Original \u2013 matrizur.org<\/a><\/p>\n","protected":false},"excerpt":{"rendered":"<p>Mi propia preocupaci\u00f3n es poner fin a la violencia, evitar la extinci\u00f3n humana y construir de nuevo y de manera sostenible nuestras relaciones con la Tierra y con los dem\u00e1s. \u00bfT\u00fa que dices? <\/p>\n","protected":false},"author":4,"featured_media":137460,"comment_status":"open","ping_status":"open","sticky":false,"template":"","format":"standard","meta":{"footnotes":""},"categories":[46],"tags":[229,686,120,401,1175,487,504,444,119,172,75],"class_list":["post-137459","post","type-post","status-publish","format-standard","has-post-thumbnail","hentry","category-original-languages","tag-activism","tag-climate-change","tag-conflict","tag-environment","tag-extinction","tag-human-rights","tag-international-relations","tag-nonviolence","tag-peace","tag-west","tag-world"],"_links":{"self":[{"href":"https:\/\/www.transcend.org\/tms\/wp-json\/wp\/v2\/posts\/137459","targetHints":{"allow":["GET"]}}],"collection":[{"href":"https:\/\/www.transcend.org\/tms\/wp-json\/wp\/v2\/posts"}],"about":[{"href":"https:\/\/www.transcend.org\/tms\/wp-json\/wp\/v2\/types\/post"}],"author":[{"embeddable":true,"href":"https:\/\/www.transcend.org\/tms\/wp-json\/wp\/v2\/users\/4"}],"replies":[{"embeddable":true,"href":"https:\/\/www.transcend.org\/tms\/wp-json\/wp\/v2\/comments?post=137459"}],"version-history":[{"count":0,"href":"https:\/\/www.transcend.org\/tms\/wp-json\/wp\/v2\/posts\/137459\/revisions"}],"wp:featuredmedia":[{"embeddable":true,"href":"https:\/\/www.transcend.org\/tms\/wp-json\/wp\/v2\/media\/137460"}],"wp:attachment":[{"href":"https:\/\/www.transcend.org\/tms\/wp-json\/wp\/v2\/media?parent=137459"}],"wp:term":[{"taxonomy":"category","embeddable":true,"href":"https:\/\/www.transcend.org\/tms\/wp-json\/wp\/v2\/categories?post=137459"},{"taxonomy":"post_tag","embeddable":true,"href":"https:\/\/www.transcend.org\/tms\/wp-json\/wp\/v2\/tags?post=137459"}],"curies":[{"name":"wp","href":"https:\/\/api.w.org\/{rel}","templated":true}]}}