{"id":140221,"date":"2019-08-12T12:00:12","date_gmt":"2019-08-12T11:00:12","guid":{"rendered":"https:\/\/www.transcend.org\/tms\/?p=140221"},"modified":"2019-08-10T10:27:36","modified_gmt":"2019-08-10T09:27:36","slug":"italiano-da-monte-sole-a-santanna-di-stazzema-una-camminata-per-la-pace-6-7-12-agosto-2019","status":"publish","type":"post","link":"https:\/\/www.transcend.org\/tms\/2019\/08\/italiano-da-monte-sole-a-santanna-di-stazzema-una-camminata-per-la-pace-6-7-12-agosto-2019\/","title":{"rendered":"(Italiano) Da Monte Sole a Sant\u2019Anna di Stazzema. Una camminata per la pace 6\/7-12 agosto 2019"},"content":{"rendered":"<blockquote><p><em>\u201cLa pace \u00e8 ogni passo.\u201d (Thich Nhat Hanh)<\/em><br \/>\n<em>\u201cNon vi \u00e8 alcuna strada che porta alla pace: la pace \u00e8 la via.\u201d (Gandhi)<\/em><\/p><\/blockquote>\n<p><em>9 Ago 2019 &#8211; <\/em><strong>Camminare<\/strong> come azione nonviolenta.<\/p>\n<p>Come atto agito in consapevolezza: fra storia e memoria.<\/p>\n<p>Anche atto politico.<\/p>\n<p>Atteggiamento a pensiero e impatto anche nonviolento: portatore di Nonviolenza.<\/p>\n<p>Una camminata in cui la pace \u00e8 la cifra di partenza e di arrivo \u2013 mezzo e fine \u2013 per nuove ripartenze. Per un andare interiore permanente, individuale e collettivo, che si autointerpreta e si invera attraverso il NOI in cui il camminare e la riflessione sono forme di <em>empowerment<\/em> collettive, a ricaduta collettiva allargata: dai partecipanti sino a tutte e a tutti coloro che non possono concretamente partecipare alla camminata.<\/p>\n<p><strong>Da Monte Sole e Sant\u2019Anna di Stazzema, \u201c<\/strong><em>piccole capitali morali d\u2019Italia\u201d<\/em>, cos\u00ec le definisce Lorenzo Guadagnucci uno dei camminatori e autore del report quotidiano in onda ogni sera sulla web-radio <strong>Radio Francigena, la voce dei cammini<\/strong> <strong>alle ore 20.00,<\/strong> riascoltabile in podcast, da marted\u00ec 6 agosto a luned\u00ec 12 agosto.<\/p>\n<p><strong>Un percorso che si snoda sui luoghi degli eccidi nazifascisti dell\u2019estate del 1944.<\/strong><\/p>\n<p>Per riflettere, per fare storia e memoria, per elaborare risposte possibili e azioni concrete.<\/p>\n<p>Col rifiuto della violenza che di ogni guerra \u00e8 generatrice, nella visione e in prospettiva di <strong><em>Resistenza, Nonviolenza e Disobbedienza civile<\/em><\/strong> (che si pu\u00f2 assumere, intendere e vivere con valenza e in prospettiva nonviolenta e plurale), titolo del convegno in svolgimento oggi a Campo Tizzoro.<\/p>\n<p>Un andare <strong>necessario<\/strong> sui luoghi della storia che tutti devono conoscere.<\/p>\n<p>Laddove, come ha spiegato <strong>Andrea Marchi <\/strong>\u2013 per due mandati sindaco di Monzuno esperto di storia locale \u2013 nella sua lezione di storia nel bosco nel corso\u00a0della\u00a0tappa Monte Sole\/Molino del Pallone, la storia pu\u00f2 finire.<\/p>\n<p><strong>\u201cQui la vita non \u00e8 pi\u00f9 tornata.<\/strong><\/p>\n<p>Dopo la strage, con i suoi 770 morti accertati, la popolazione non \u00e8 pi\u00f9 tornata a Monte Sole.<\/p>\n<p>Infatti oggi chi viene a visitare Monte Sole vede un bellissimo ambiente naturalistico, qualche resto di abitazione, qualche casa ancora in piedi, ma non vede certo una zona abitata.<\/p>\n<p>Secoli di storia che qui ci sono stati e che sono stati anche ricostruiti dai ricercatori, la vita contadina tipica dell\u2019Appennino bolognese e di una zona non lontana da Bologna, sufficientemente lontana per avere dei ritmi propri e che quindi ha avuto un lungo, lunghissimo, percorso, <strong>in tre giorni \u00e8 stata interrotta per non ritornare mai pi\u00f9.<\/strong><\/p>\n<p>In questo senso la storia pu\u00f2 finire. La storia umana pu\u00f2 finire.<\/p>\n<p>Poi naturalmente ne comincia un\u2019altra.<\/p>\n<p>Ma \u00e8 una storia che non ha pi\u00f9 continuit\u00e0 con quella precedente\u201d<\/p>\n<p>Luoghi, come ricorda Calamandrei, nei quali bisogna andare e ritornare, se vogliamo continuare a fare storia e memoria. E dove \u00e8 nata la Costituzione.<\/p>\n<p>Un andare, anche secondo il modo-motto-stile francescano reinterpretato e attualizzato da Alex Langer, nel suo <em>lentius, profundius, suavius. <\/em><\/p>\n<p>Da amici e persuasi della Nonviolenza che, col portato che essa propone, intendono costruire futuri possibili e vivibili per tutti.<\/p>\n<p>Nessuno escluso.<\/p>\n<p>Continuando in ci\u00f2 che \u00e8 giusto\u00a0 \u2026 consapevoli che<strong> la pace \u00e8 ogni passo.<\/strong><\/p>\n<p>La camminata per la pace \u00e8 organizzata da ANPI Sezione di Monzuno e Club AIpino Italiano Sez. M. Fantin Bologna, la camminata \u00e8 \u201cun\u2019esperienza di viaggio e di memoria che unisce i luoghi simbolo della \u201cguerra nazifascista ai civili\u201d del 1944 con il massacro di pi\u00f9 di mille persone totalmente inermi: anziani, donne, bambini, neonati e la distruzione di ogni segno di vita nei borghi che abitavano o dove si erano rifugiati.<\/p>\n<p>La Camminata, guidata attraverso l\u2019Appennino offre ai camminanti, insieme alla scoperta dei luoghi della Linea Gotica, la bellezza dei paesaggi e i segni della lotta partigiana.<\/p>\n<p>Le pause sono occasioni di scambio e riflessione sulla ricerca di strade di Pace nel mondo di oggi e di domani.\u201d<\/p>\n<p>****************<\/p>\n<p>Questo report \u00e8 il contributo e l\u2019impegno a fare storia e memoria. A cura del progetto culturale Collettivamente Memoria 2019.<\/p>\n<p>In memoria, per storia e memoria, di Monte Sole, Sant\u2019Anna di Stazzema e di tutti i luoghi degli eccidi nazifascisti.<\/p>\n<p>In memoria passata, presente, futura e perenne di tutte le bambine e di tutti i bambini, di tutte le donne e di tutti gli uomini vittime innocenti degli eccidi che questa camminata vuole ricordare.<\/p>\n<p><a href=\"https:\/\/www.transcend.org\/tms\/wp-content\/uploads\/2019\/08\/camminata_della_pace_silvia-berruto.jpg\" ><img loading=\"lazy\" decoding=\"async\" class=\"aligncenter wp-image-140222\" src=\"https:\/\/www.transcend.org\/tms\/wp-content\/uploads\/2019\/08\/camminata_della_pace_silvia-berruto.jpg\" alt=\"\" width=\"400\" height=\"566\" srcset=\"https:\/\/www.transcend.org\/tms\/wp-content\/uploads\/2019\/08\/camminata_della_pace_silvia-berruto.jpg 655w, https:\/\/www.transcend.org\/tms\/wp-content\/uploads\/2019\/08\/camminata_della_pace_silvia-berruto-212x300.jpg 212w\" sizes=\"auto, (max-width: 400px) 100vw, 400px\" \/><\/a><\/p>\n<p><a href=\"https:\/\/www.transcend.org\/tms\/wp-content\/uploads\/2019\/08\/camminata_della_pace_silvia-berruto2.jpg\" ><img loading=\"lazy\" decoding=\"async\" class=\"aligncenter size-full wp-image-140223\" src=\"https:\/\/www.transcend.org\/tms\/wp-content\/uploads\/2019\/08\/camminata_della_pace_silvia-berruto2.jpg\" alt=\"\" width=\"655\" height=\"927\" srcset=\"https:\/\/www.transcend.org\/tms\/wp-content\/uploads\/2019\/08\/camminata_della_pace_silvia-berruto2.jpg 655w, https:\/\/www.transcend.org\/tms\/wp-content\/uploads\/2019\/08\/camminata_della_pace_silvia-berruto2-212x300.jpg 212w\" sizes=\"auto, (max-width: 655px) 100vw, 655px\" \/><\/a><em>________________________________________________<\/em><\/p>\n<p style=\"padding-left: 40px;\"><em><a href=\"https:\/\/www.transcend.org\/tms\/wp-content\/uploads\/2017\/04\/silvia-berruto.jpeg\" ><img loading=\"lazy\" decoding=\"async\" class=\"alignleft size-full wp-image-91570\" src=\"https:\/\/www.transcend.org\/tms\/wp-content\/uploads\/2017\/04\/silvia-berruto.jpeg\" alt=\"\" width=\"64\" height=\"64\" \/><\/a><\/em><em>Silvia Berruto \u00e8 membro della <\/em><em>rete <\/em><em><a href=\"https:\/\/www.transcend.org\/\" >TRANSCEND per la Pace, Sviluppo e Ambiente<\/a><\/em><em>, <\/em><em>giornalista contro il razzismo, antifascista, amica e persuasa della nonviolenza.<\/em><\/p>\n<p><em>\u00ae Riproduzione riservata<\/em><\/p>\n<p><a target=\"_blank\" href=\"https:\/\/silviaberruto.wordpress.com\/2019\/08\/09\/da-monte-sole-a-santanna-di-stazzema-una-camminata-per-la-pace-6-7-12-agosto-2019\/\" >Go to Original \u2013 silviaberruto.wordpress.com<\/a><\/p>\n","protected":false},"excerpt":{"rendered":"<p>Camminare come azione nonviolenta. Come atto agito in consapevolezza: fra storia e memoria. Anche atto politico. Atteggiamento a pensiero e impatto anche nonviolento: portatore di Nonviolenza.<\/p>\n","protected":false},"author":4,"featured_media":140222,"comment_status":"open","ping_status":"open","sticky":false,"template":"","format":"standard","meta":{"footnotes":""},"categories":[46],"tags":[229,1076,444,119,985],"class_list":["post-140221","post","type-post","status-publish","format-standard","has-post-thumbnail","hentry","category-original-languages","tag-activism","tag-italia","tag-nonviolence","tag-peace","tag-social-justice"],"_links":{"self":[{"href":"https:\/\/www.transcend.org\/tms\/wp-json\/wp\/v2\/posts\/140221","targetHints":{"allow":["GET"]}}],"collection":[{"href":"https:\/\/www.transcend.org\/tms\/wp-json\/wp\/v2\/posts"}],"about":[{"href":"https:\/\/www.transcend.org\/tms\/wp-json\/wp\/v2\/types\/post"}],"author":[{"embeddable":true,"href":"https:\/\/www.transcend.org\/tms\/wp-json\/wp\/v2\/users\/4"}],"replies":[{"embeddable":true,"href":"https:\/\/www.transcend.org\/tms\/wp-json\/wp\/v2\/comments?post=140221"}],"version-history":[{"count":0,"href":"https:\/\/www.transcend.org\/tms\/wp-json\/wp\/v2\/posts\/140221\/revisions"}],"wp:featuredmedia":[{"embeddable":true,"href":"https:\/\/www.transcend.org\/tms\/wp-json\/wp\/v2\/media\/140222"}],"wp:attachment":[{"href":"https:\/\/www.transcend.org\/tms\/wp-json\/wp\/v2\/media?parent=140221"}],"wp:term":[{"taxonomy":"category","embeddable":true,"href":"https:\/\/www.transcend.org\/tms\/wp-json\/wp\/v2\/categories?post=140221"},{"taxonomy":"post_tag","embeddable":true,"href":"https:\/\/www.transcend.org\/tms\/wp-json\/wp\/v2\/tags?post=140221"}],"curies":[{"name":"wp","href":"https:\/\/api.w.org\/{rel}","templated":true}]}}