{"id":141232,"date":"2019-08-26T12:00:58","date_gmt":"2019-08-26T11:00:58","guid":{"rendered":"https:\/\/www.transcend.org\/tms\/?p=141232"},"modified":"2019-08-23T07:14:14","modified_gmt":"2019-08-23T06:14:14","slug":"portugues-especialistas-alertam-girafas-enfrentam-uma-extincao-silenciosa","status":"publish","type":"post","link":"https:\/\/www.transcend.org\/tms\/2019\/08\/portugues-especialistas-alertam-girafas-enfrentam-uma-extincao-silenciosa\/","title":{"rendered":"(Portugu\u00eas) Especialistas alertam: girafas enfrentam uma extin\u00e7\u00e3o silenciosa"},"content":{"rendered":"<div id=\"attachment_141233\" style=\"width: 510px\" class=\"wp-caption aligncenter\"><a href=\"https:\/\/www.transcend.org\/tms\/wp-content\/uploads\/2019\/08\/girafa-environ-animal.jpg\" ><img loading=\"lazy\" decoding=\"async\" aria-describedby=\"caption-attachment-141233\" class=\"wp-image-141233\" src=\"https:\/\/www.transcend.org\/tms\/wp-content\/uploads\/2019\/08\/girafa-environ-animal.jpg\" alt=\"\" width=\"500\" height=\"281\" srcset=\"https:\/\/www.transcend.org\/tms\/wp-content\/uploads\/2019\/08\/girafa-environ-animal.jpg 907w, https:\/\/www.transcend.org\/tms\/wp-content\/uploads\/2019\/08\/girafa-environ-animal-300x169.jpg 300w, https:\/\/www.transcend.org\/tms\/wp-content\/uploads\/2019\/08\/girafa-environ-animal-768x432.jpg 768w\" sizes=\"auto, (max-width: 500px) 100vw, 500px\" \/><\/a><p id=\"caption-attachment-141233\" class=\"wp-caption-text\">M\u00e3e e filho vistos juntos nas plan\u00edcies de Laikipia, Kenya.<br \/>\u00a0| Foto: ROBERT MUCKLEY\/GETTY<\/p><\/div>\n<p><em>20 ago 2019 &#8211; <\/em>Conservacionistas est\u00e3o se preparando para lan\u00e7ar uma iniciativa urgente para salvar as girafas da extin\u00e7\u00e3o.<\/p>\n<p>Neste fim de semana, representantes de na\u00e7\u00f5es de todo o mundo se reunir\u00e3o na Conven\u00e7\u00e3o sobre o Com\u00e9rcio Internacional de Esp\u00e9cies Amea\u00e7adas de Fauna e Flora Silvestres (CITES).<\/p>\n<p>Medidas e esfor\u00e7os para proteger girafas, on\u00e7as e lontras asi\u00e1ticas estar\u00e3o na agenda do encontro; os delegados tamb\u00e9m v\u00e3o lan\u00e7ar uma proposta para combater o com\u00e9rcio internacional de animais selvagens.<\/p>\n<p>Infelizmente o com\u00e9rcio internacional de novas esp\u00e9cies de tubar\u00f5es n\u00e3o pode ser completamente parado por\u00e9m medidas de regulamenta\u00e7\u00e3o para melhorar a gest\u00e3o das pescarias que capturam dezenas de milh\u00f5es de tubar\u00f5es por ano para suprir a demanda por barbatanas e carne ser\u00e3o discutidas.<\/p>\n<p>E o com\u00e9rcio de marfim e chifres de rinoceronte tamb\u00e9m estar\u00e1 de volta \u00e0 agenda.<\/p>\n<p>A reuni\u00e3o vem na sequ\u00eancia de uma importante avalia\u00e7\u00e3o global da natureza, apoiada pela ONU, que alertou que cerca de um milh\u00e3o de esp\u00e9cies est\u00e3o em risco de extin\u00e7\u00e3o, com a explora\u00e7\u00e3o excessiva, incluindo ca\u00e7a e com\u00e9rcio, causando parte do problema.<\/p>\n<p>Entre as propostas em discuss\u00e3o est\u00e1 uma proposta da Rep\u00fablica Centro-Africana, Chade, Qu\u00eania, Mali, N\u00edger e Senegal para regulamentar o com\u00e9rcio de produtos de girafas, considerados vulner\u00e1veis \u00e0 extin\u00e7\u00e3o.<\/p>\n<p>No que foi descrito como uma \u201cextin\u00e7\u00e3o silenciosa\u201d, os n\u00fameros de <a target=\"_blank\" href=\"https:\/\/www.anda.jor.br\/2019\/06\/belas-e-unicas-as-girafas-estao-ameacadas-exatamente-por-sua-exuberancia\/\" >girafas<\/a> ca\u00edram em at\u00e9 40% nos \u00faltimos 30 anos devido a amea\u00e7as que incluem o com\u00e9rcio de partes, bem como perda de habitat, ca\u00e7a e guerra civil, disseram os conservacionistas.<\/p>\n<p>Matt Collis, diretor de pol\u00edtica internacional do Fundo Internacional para o Bem-Estar Animal (IFAW, na sigla em ingl\u00eas), disse: \u201c\u00c9 importante que as girafas sejam listadas pela CITES porque atualmente n\u00e3o podemos dizer com certeza \u2018quanto\u2019 do seu enorme decl\u00ednio populacional \u00e9 devido ao com\u00e9rcio de partes do seu corpo\u201d.<\/p>\n<p>\u201cSabemos que esse \u00e9 um fator significativo, j\u00e1 que o \u00fanico pa\u00eds que atualmente coleta dados sobre o com\u00e9rcio de girafas, os EUA, registrou quase 40 mil itens de girafas negociados em uma d\u00e9cada, de 2006 a 2015.\u201d<\/p>\n<p>Ele disse que listar a esp\u00e9cie no ap\u00eandice II. do tratado, regulamentaria o com\u00e9rcio de partes de girafas, e isso seria vital para impedir esse com\u00e9rcio ilegal e insustent\u00e1vel.<\/p>\n<div id=\"attachment_141234\" style=\"width: 510px\" class=\"wp-caption aligncenter\"><a href=\"https:\/\/www.transcend.org\/tms\/wp-content\/uploads\/2019\/08\/girafa-environ-animal2.jpg\" ><img loading=\"lazy\" decoding=\"async\" aria-describedby=\"caption-attachment-141234\" class=\"wp-image-141234\" src=\"https:\/\/www.transcend.org\/tms\/wp-content\/uploads\/2019\/08\/girafa-environ-animal2-1024x605.jpg\" alt=\"\" width=\"500\" height=\"295\" srcset=\"https:\/\/www.transcend.org\/tms\/wp-content\/uploads\/2019\/08\/girafa-environ-animal2.jpg 1024w, https:\/\/www.transcend.org\/tms\/wp-content\/uploads\/2019\/08\/girafa-environ-animal2-300x177.jpg 300w, https:\/\/www.transcend.org\/tms\/wp-content\/uploads\/2019\/08\/girafa-environ-animal2-768x454.jpg 768w\" sizes=\"auto, (max-width: 500px) 100vw, 500px\" \/><\/a><p id=\"caption-attachment-141234\" class=\"wp-caption-text\">Foto: Msu.edu<\/p><\/div>\n<p>Os jaguares j\u00e1 t\u00eam o n\u00edvel mais alto de prote\u00e7\u00e3o que as esp\u00e9cies do ap\u00eandice I que pro\u00edbem a maior parte do com\u00e9rcio internacional, mas h\u00e1 evid\u00eancias de um crescente com\u00e9rcio ilegal da esp\u00e9cie em face da demanda por partes de grandes felinos na medicina tradicional.<\/p>\n<p>E haver\u00e1 um debate renovado sobre os elefantes com v\u00e1rios pa\u00edses africanos que buscam mudan\u00e7as que lhes permitam vender seus estoques de marfim, a fim de apoiar uma maior conserva\u00e7\u00e3o.<\/p>\n<p>No entanto, outras na\u00e7\u00f5es africanas est\u00e3o buscando uma contraproposta que mostre todas as popula\u00e7\u00f5es de elefantes africanos listadas no ap\u00eandice I.<\/p>\n<p>Collis alertou que as vendas antecipadas de marfim (apreendido) estimulam a ca\u00e7a oferecendo cobertura para vendas ilegais, o diretor afirmou ainda que era \u201cn\u00e3o \u00e9 uma maneira vi\u00e1vel de lidar com a crise\u201d.<\/p>\n<p>Ele pediu que os pa\u00edses lidassem com seus pr\u00f3prios mercados dom\u00e9sticos para o marfim e fornecessem os recursos necess\u00e1rios para os principais pa\u00edses protegerem suas popula\u00e7\u00f5es de elefantes no local.<\/p>\n<p>Dois pa\u00edses africanos tamb\u00e9m querem relaxar as regras que protegem os rinocerontes para permitir o com\u00e9rcio de chifres, animais vivos e trof\u00e9us de ca\u00e7a.<\/p>\n<p>____________________________________________<\/p>\n<p style=\"padding-left: 40px;\"><em><a href=\"https:\/\/www.transcend.org\/tms\/wp-content\/uploads\/2017\/05\/logo-anda-novo-e1495624877955.jpg\" ><img loading=\"lazy\" decoding=\"async\" class=\"alignleft size-full wp-image-92901\" src=\"https:\/\/www.transcend.org\/tms\/wp-content\/uploads\/2017\/05\/logo-anda-novo-e1495624877955.jpg\" alt=\"\" width=\"100\" height=\"43\" \/><\/a><\/em><em>A imprensa n\u00e3o apenas informa. Ela forma conceitos. Modifica ideias. Influencia decis\u00f5es. Define valores. Participa das grandes mudan\u00e7as sociais e pol\u00edticas trazendo o mundo para o indiv\u00edduo pensar, agir e ser. \u00c9 justamente este o objetivo da <\/em>ANDA\u00a0\u2013 Ag\u00eancia de Not\u00edcias de Direitos Animais<em>: informar para transformar. A <\/em>ANDA<em>\u00a0difunde na m\u00eddia os valores de uma nova cultura, mais \u00e9tica, mais justa e preocupada com a defesa e a garantia dos direitos animais. \u00c9 o primeiro portal jornal\u00edstico do mundo voltado exclusivamente a fatos e informa\u00e7\u00f5es do universo animal. Com profissionalismo, seriedade e coragem, a <\/em>ANDA<em> abre um importante canal com jornalistas de todas as m\u00eddias e coloca em pauta assuntos que at\u00e9 hoje n\u00e3o tiveram o merecido espa\u00e7o ou foram mal debatidos na imprensa.<\/em><\/p>\n<p><a target=\"_blank\" href=\"https:\/\/www.anda.jor.br\/2019\/08\/especialistas-alertam-que-as-girafas-enfrentam-uma-extincao-silenciosa\/\" >Go to Original \u2013 anda.jor.br<\/a><\/p>\n","protected":false},"excerpt":{"rendered":"<p>20 ago 2019 &#8211; Neste fim de semana, representantes de na\u00e7\u00f5es de todo o mundo se reunir\u00e3o na Conven\u00e7\u00e3o sobre o Com\u00e9rcio Internacional de Esp\u00e9cies Amea\u00e7adas de Fauna e Flora Silvestres. Medidas e esfor\u00e7os para proteger girafas, on\u00e7as e lontras asi\u00e1ticas estar\u00e3o na agenda do encontro; os delegados tamb\u00e9m v\u00e3o lan\u00e7ar uma proposta para combater o com\u00e9rcio internacional de animais selvagens.<\/p>\n","protected":false},"author":4,"featured_media":141234,"comment_status":"open","ping_status":"open","sticky":false,"template":"","format":"standard","meta":{"footnotes":""},"categories":[46],"tags":[229,1208,786,619,570,290,1175,1387,444,380,831,991],"class_list":["post-141232","post","type-post","status-publish","format-standard","has-post-thumbnail","hentry","category-original-languages","tag-activism","tag-animal-cruelty","tag-animal-justice","tag-animal-rights","tag-animals","tag-culture","tag-extinction","tag-fauna","tag-nonviolence","tag-solutions","tag-veganism","tag-vegetarianism"],"_links":{"self":[{"href":"https:\/\/www.transcend.org\/tms\/wp-json\/wp\/v2\/posts\/141232","targetHints":{"allow":["GET"]}}],"collection":[{"href":"https:\/\/www.transcend.org\/tms\/wp-json\/wp\/v2\/posts"}],"about":[{"href":"https:\/\/www.transcend.org\/tms\/wp-json\/wp\/v2\/types\/post"}],"author":[{"embeddable":true,"href":"https:\/\/www.transcend.org\/tms\/wp-json\/wp\/v2\/users\/4"}],"replies":[{"embeddable":true,"href":"https:\/\/www.transcend.org\/tms\/wp-json\/wp\/v2\/comments?post=141232"}],"version-history":[{"count":0,"href":"https:\/\/www.transcend.org\/tms\/wp-json\/wp\/v2\/posts\/141232\/revisions"}],"wp:featuredmedia":[{"embeddable":true,"href":"https:\/\/www.transcend.org\/tms\/wp-json\/wp\/v2\/media\/141234"}],"wp:attachment":[{"href":"https:\/\/www.transcend.org\/tms\/wp-json\/wp\/v2\/media?parent=141232"}],"wp:term":[{"taxonomy":"category","embeddable":true,"href":"https:\/\/www.transcend.org\/tms\/wp-json\/wp\/v2\/categories?post=141232"},{"taxonomy":"post_tag","embeddable":true,"href":"https:\/\/www.transcend.org\/tms\/wp-json\/wp\/v2\/tags?post=141232"}],"curies":[{"name":"wp","href":"https:\/\/api.w.org\/{rel}","templated":true}]}}