{"id":142639,"date":"2019-09-16T12:00:07","date_gmt":"2019-09-16T11:00:07","guid":{"rendered":"https:\/\/www.transcend.org\/tms\/?p=142639"},"modified":"2019-09-09T11:05:17","modified_gmt":"2019-09-09T10:05:17","slug":"portugues-porcos-ong-internacional-registra-em-video-triste-realidade-por-tras-do-bacon","status":"publish","type":"post","link":"https:\/\/www.transcend.org\/tms\/2019\/09\/portugues-porcos-ong-internacional-registra-em-video-triste-realidade-por-tras-do-bacon\/","title":{"rendered":"(Portugu\u00eas) Porcos: ONG internacional registra em v\u00eddeo triste realidade por tr\u00e1s do bacon"},"content":{"rendered":"<blockquote><p><em>\u201cElas revelam inquieta\u00e7\u00e3o, frustra\u00e7\u00e3o e \u2018lutam\u2019 continuamente contra as gaiolas mordendo as barras de metal [que impedem qualquer tentativa de fuga]\u201d.<\/em><\/p><\/blockquote>\n<div id=\"attachment_142640\" style=\"width: 710px\" class=\"wp-caption aligncenter\"><a href=\"https:\/\/www.transcend.org\/tms\/wp-content\/uploads\/2019\/09\/porco-pig-animal-bacon.jpg\" ><img loading=\"lazy\" decoding=\"async\" aria-describedby=\"caption-attachment-142640\" class=\"wp-image-142640\" src=\"https:\/\/www.transcend.org\/tms\/wp-content\/uploads\/2019\/09\/porco-pig-animal-bacon-1024x419.jpg\" alt=\"\" width=\"700\" height=\"286\" srcset=\"https:\/\/www.transcend.org\/tms\/wp-content\/uploads\/2019\/09\/porco-pig-animal-bacon-1024x419.jpg 1024w, https:\/\/www.transcend.org\/tms\/wp-content\/uploads\/2019\/09\/porco-pig-animal-bacon-300x123.jpg 300w, https:\/\/www.transcend.org\/tms\/wp-content\/uploads\/2019\/09\/porco-pig-animal-bacon-768x314.jpg 768w, https:\/\/www.transcend.org\/tms\/wp-content\/uploads\/2019\/09\/porco-pig-animal-bacon.jpg 1068w\" sizes=\"auto, (max-width: 700px) 100vw, 700px\" \/><\/a><p id=\"caption-attachment-142640\" class=\"wp-caption-text\">\u201cComo indiv\u00edduos sencientes e conscientes deste mundo, eles t\u00eam direitos morais \u00e0 vida e \u00e0 liberdade\u201d, defende a organiza\u00e7\u00e3o.\u00a0 (Imagens: Wake\/Divulga\u00e7\u00e3o)<\/p><\/div>\n<p><em>5 set 2019\u00a0 &#8211; <\/em>Gaiolas de gesta\u00e7\u00e3o, express\u00f5es viscerais de descontentamento, gritos que parecem de crian\u00e7as agonizando, incapacidade de se mover e de ter contato \u00edntimo com os pr\u00f3prios filhos; e estresse cr\u00f4nica que culmina em mordidas nas grades de metal.<\/p>\n<p>Este \u00e9 o cen\u00e1rio registrado pela <strong><a target=\"_blank\" href=\"https:\/\/www.wakeactivism.com\/whoweare\" >ONG internacional Wake<\/a><\/strong> em seu novo v\u00eddeo conclu\u00eddo em agosto sobre a triste realidade de porcos criados para consumo na Irlanda, assim como ocorre em diversos outros pa\u00edses. Enquanto alguns porquinhos mamam desesperadamente, os natimortos s\u00e3o deixados ao lado, como se fossem carca\u00e7as que jamais tivessem representado vidas; como se n\u00e3o significassem nada.<\/p>\n<p>Incapazes de deixar o espa\u00e7o reduzido em que est\u00e3o confinadas, as porcas acabam por urinar e defecar onde comem e dormem, e at\u00e9 mesmo sobre os filhos j\u00e1 falecidos. O v\u00eddeo tamb\u00e9m revela como os pequenos su\u00ednos lutam pela vida, mesmo em um cen\u00e1rio extremamente desolador que inspira morte por todos os lados.<\/p>\n<p>Aqueles que nascem com alguma doen\u00e7a ou malforma\u00e7\u00e3o frequentemente s\u00e3o mortos. Na Irlanda, por exemplo, a legisla\u00e7\u00e3o n\u00e3o impede que porquinhos nessas condi\u00e7\u00f5es sejam agarrados pelas patas traseiras e tenham suas cabe\u00e7as esmagadas contra uma superf\u00edcie bem dura, segundo a organiza\u00e7\u00e3o Wake.<\/p>\n<p>A prova disso \u00e9 confirmada por meio de cenas que mostram ainda beb\u00eas su\u00ednos arremessados em latas de lixo, depois de mortos. \u00a0Al\u00e9m disso, o confinamento tem um grande impacto psicol\u00f3gico nas porcas.<\/p>\n<p>\u201cElas revelam inquieta\u00e7\u00e3o, frustra\u00e7\u00e3o e \u2018lutam\u2019 continuamente contra as gaiolas mordendo as barras de metal [que impedem qualquer tentativa de fuga]\u201d, informa. Muitos su\u00ednos tamb\u00e9m s\u00e3o mantidos no escuro por longos per\u00edodos e, quando se sentem muito incomodados, se debatem dentro das gaiolas. A luta contra o confinamento gera ferimentos, \u00falceras e infec\u00e7\u00f5es.<\/p>\n<p>De acordo com a Wake, a inten\u00e7\u00e3o \u00e9 mostrar ao p\u00fablico as viola\u00e7\u00f5es cotidianas enfrentadas pelos animais criados para consumo, e que isso \u00e9 um retrato do que a ind\u00fastria da carne n\u00e3o aborda em suas propagandas. \u201cComo indiv\u00edduos sencientes e conscientes deste mundo, eles t\u00eam direitos morais \u00e0 vida e \u00e0 liberdade\u201d, defende a organiza\u00e7\u00e3o.<\/p>\n<p><strong>Saiba Mais: <\/strong><strong>O v\u00eddeo \u00e9 resultado de investiga\u00e7\u00f5es realizadas em 2018\/2019.<\/strong><\/p>\n<p>httpv:\/\/www.youtube.com\/watch?v=235rTAZcEJg<\/p>\n<p><em>_____________________________________________<\/em><\/p>\n<p style=\"padding-left: 40px;\"><em><a href=\"https:\/\/www.transcend.org\/tms\/wp-content\/uploads\/2018\/08\/david-arioch.jpeg\" ><img loading=\"lazy\" decoding=\"async\" class=\"size-full wp-image-116472 alignleft\" src=\"https:\/\/www.transcend.org\/tms\/wp-content\/uploads\/2018\/08\/david-arioch.jpeg\" alt=\"\" width=\"96\" height=\"96\" \/><\/a><\/em><\/p>\n<p>&nbsp;<\/p>\n<p style=\"padding-left: 40px;\"><em>David Arioch \u00e9 jornalista profissional, historiador e especialista em jornalismo cultural, hist\u00f3rico e liter\u00e1rio<\/em>.<\/p>\n<p>&nbsp;<\/p>\n<p><a target=\"_blank\" href=\"https:\/\/vegazeta.com.br\/ong-registra-em-video-realidade-por-tras-do-bacon\/\" >Go to Original \u2013 vegazeta.com.br<\/a><\/p>\n","protected":false},"excerpt":{"rendered":"<p>5 set 2019  &#8211; Gaiolas de gesta\u00e7\u00e3o, express\u00f5es viscerais de descontentamento, gritos que parecem de crian\u00e7as agonizando, incapacidade de se mover e de ter contato \u00edntimo com os pr\u00f3prios filhos; e estresse cr\u00f4nica que culmina em mordidas nas grades de metal. Este \u00e9 o cen\u00e1rio registrado pela ONG internacional Wake em seu novo v\u00eddeo sobre a triste realidade de porcos criados para consumo.<\/p>\n","protected":false},"author":4,"featured_media":142640,"comment_status":"open","ping_status":"open","sticky":false,"template":"","format":"standard","meta":{"footnotes":""},"categories":[46],"tags":[229,1208,619,840,126,75],"class_list":["post-142639","post","type-post","status-publish","format-standard","has-post-thumbnail","hentry","category-original-languages","tag-activism","tag-animal-cruelty","tag-animal-rights","tag-cruelty","tag-violence","tag-world"],"_links":{"self":[{"href":"https:\/\/www.transcend.org\/tms\/wp-json\/wp\/v2\/posts\/142639","targetHints":{"allow":["GET"]}}],"collection":[{"href":"https:\/\/www.transcend.org\/tms\/wp-json\/wp\/v2\/posts"}],"about":[{"href":"https:\/\/www.transcend.org\/tms\/wp-json\/wp\/v2\/types\/post"}],"author":[{"embeddable":true,"href":"https:\/\/www.transcend.org\/tms\/wp-json\/wp\/v2\/users\/4"}],"replies":[{"embeddable":true,"href":"https:\/\/www.transcend.org\/tms\/wp-json\/wp\/v2\/comments?post=142639"}],"version-history":[{"count":0,"href":"https:\/\/www.transcend.org\/tms\/wp-json\/wp\/v2\/posts\/142639\/revisions"}],"wp:featuredmedia":[{"embeddable":true,"href":"https:\/\/www.transcend.org\/tms\/wp-json\/wp\/v2\/media\/142640"}],"wp:attachment":[{"href":"https:\/\/www.transcend.org\/tms\/wp-json\/wp\/v2\/media?parent=142639"}],"wp:term":[{"taxonomy":"category","embeddable":true,"href":"https:\/\/www.transcend.org\/tms\/wp-json\/wp\/v2\/categories?post=142639"},{"taxonomy":"post_tag","embeddable":true,"href":"https:\/\/www.transcend.org\/tms\/wp-json\/wp\/v2\/tags?post=142639"}],"curies":[{"name":"wp","href":"https:\/\/api.w.org\/{rel}","templated":true}]}}