{"id":146499,"date":"2019-11-04T12:00:16","date_gmt":"2019-11-04T12:00:16","guid":{"rendered":"https:\/\/www.transcend.org\/tms\/?p=146499"},"modified":"2019-11-11T11:36:10","modified_gmt":"2019-11-11T11:36:10","slug":"portugues-70-anos-da-declaracao-universal-de-direitos-humanos-1948-2018","status":"publish","type":"post","link":"https:\/\/www.transcend.org\/tms\/2019\/11\/portugues-70-anos-da-declaracao-universal-de-direitos-humanos-1948-2018\/","title":{"rendered":"(Portugu\u00eas) 70 Anos da Declara\u00e7\u00e3o Universal de Direitos Humanos 1948-2018"},"content":{"rendered":"<blockquote><p><em>Lista incompleta&#8230; adicione \u00edtens.<\/em><\/p><\/blockquote>\n<p><a href=\"https:\/\/www.transcend.org\/tms\/wp-content\/uploads\/2019\/10\/Declara\u00e7\u00e3o_70-anos_Direitos-Humanos.jpg\" ><img loading=\"lazy\" decoding=\"async\" class=\"aligncenter wp-image-146501\" src=\"https:\/\/www.transcend.org\/tms\/wp-content\/uploads\/2019\/10\/Declara\u00e7\u00e3o_70-anos_Direitos-Humanos.jpg\" alt=\"\" width=\"700\" height=\"990\" srcset=\"https:\/\/www.transcend.org\/tms\/wp-content\/uploads\/2019\/10\/Declara\u00e7\u00e3o_70-anos_Direitos-Humanos.jpg 827w, https:\/\/www.transcend.org\/tms\/wp-content\/uploads\/2019\/10\/Declara\u00e7\u00e3o_70-anos_Direitos-Humanos-212x300.jpg 212w, https:\/\/www.transcend.org\/tms\/wp-content\/uploads\/2019\/10\/Declara\u00e7\u00e3o_70-anos_Direitos-Humanos-768x1087.jpg 768w, https:\/\/www.transcend.org\/tms\/wp-content\/uploads\/2019\/10\/Declara\u00e7\u00e3o_70-anos_Direitos-Humanos-724x1024.jpg 724w\" sizes=\"auto, (max-width: 700px) 100vw, 700px\" \/><\/a><\/p>\n<p><em>__________________________________________________<\/em><\/p>\n<p style=\"padding-left: 40px;\"><em><a href=\"https:\/\/www.transcend.org\/tms\/wp-content\/uploads\/2016\/12\/francisco-gomes-de-matos.jpeg\" ><img loading=\"lazy\" decoding=\"async\" class=\"alignleft size-full wp-image-84401\" src=\"https:\/\/www.transcend.org\/tms\/wp-content\/uploads\/2016\/12\/francisco-gomes-de-matos.jpeg\" alt=\"\" width=\"64\" height=\"64\" \/><\/a><\/em><em>Francisco Gomes de Matos, Professor Em\u00e9rito de Lingu\u00edstica, Universidade Federal de Pernambuco, Brasil, \u00e9 um linguista de paz e educador de direitos humanos. Ele \u00e9 autor, entre outros livros, de <\/em>Nurturing Nonkilling: A Poetic Plantation<em>, 2010, Center for Global Nonkilling, Honolulu-Hawai\u2019i (<\/em><em><a target=\"_blank\" href=\"http:\/\/www.nonkilling.org\" >www.nonkilling.org<\/a><\/em><em>), e de <\/em>Dignity-A Multidimensional View<em>. <\/em><em>Dignity Press, 2013 (<a target=\"_blank\" href=\"http:\/\/www.dignitypress.org\" >www.dignitypress.org<\/a>). <a href=\"fcardosogomesdematos@gmail.com\">fcardosogomesdematos@gmail.com<\/a>.<\/em><\/p>\n","protected":false},"excerpt":{"rendered":"<p>Lista incompleta&#8230; adicione \u00edtens.<\/p>\n","protected":false},"author":4,"featured_media":103290,"comment_status":"open","ping_status":"open","sticky":false,"template":"","format":"standard","meta":{"footnotes":""},"categories":[82,182,46],"tags":[260,487,866,504,651,444,985,380,292],"class_list":["post-146499","post","type-post","status-publish","format-standard","has-post-thumbnail","hentry","category-united-nations","category-poetry-format","category-original-languages","tag-history","tag-human-rights","tag-indigenous-rights","tag-international-relations","tag-justice","tag-nonviolence","tag-social-justice","tag-solutions","tag-un"],"_links":{"self":[{"href":"https:\/\/www.transcend.org\/tms\/wp-json\/wp\/v2\/posts\/146499","targetHints":{"allow":["GET"]}}],"collection":[{"href":"https:\/\/www.transcend.org\/tms\/wp-json\/wp\/v2\/posts"}],"about":[{"href":"https:\/\/www.transcend.org\/tms\/wp-json\/wp\/v2\/types\/post"}],"author":[{"embeddable":true,"href":"https:\/\/www.transcend.org\/tms\/wp-json\/wp\/v2\/users\/4"}],"replies":[{"embeddable":true,"href":"https:\/\/www.transcend.org\/tms\/wp-json\/wp\/v2\/comments?post=146499"}],"version-history":[{"count":0,"href":"https:\/\/www.transcend.org\/tms\/wp-json\/wp\/v2\/posts\/146499\/revisions"}],"wp:featuredmedia":[{"embeddable":true,"href":"https:\/\/www.transcend.org\/tms\/wp-json\/wp\/v2\/media\/103290"}],"wp:attachment":[{"href":"https:\/\/www.transcend.org\/tms\/wp-json\/wp\/v2\/media?parent=146499"}],"wp:term":[{"taxonomy":"category","embeddable":true,"href":"https:\/\/www.transcend.org\/tms\/wp-json\/wp\/v2\/categories?post=146499"},{"taxonomy":"post_tag","embeddable":true,"href":"https:\/\/www.transcend.org\/tms\/wp-json\/wp\/v2\/tags?post=146499"}],"curies":[{"name":"wp","href":"https:\/\/api.w.org\/{rel}","templated":true}]}}