{"id":146738,"date":"2019-11-11T12:01:16","date_gmt":"2019-11-11T12:01:16","guid":{"rendered":"https:\/\/www.transcend.org\/tms\/?p=146738"},"modified":"2019-11-04T14:11:46","modified_gmt":"2019-11-04T14:11:46","slug":"portugues-em-paralelo-a-cupula-dos-brics-brasil-recebera-o-brics-dos-povos-em-novembro-2","status":"publish","type":"post","link":"https:\/\/www.transcend.org\/tms\/2019\/11\/portugues-em-paralelo-a-cupula-dos-brics-brasil-recebera-o-brics-dos-povos-em-novembro-2\/","title":{"rendered":"(Portugu\u00eas) Em paralelo \u00e0 C\u00fapula dos BRICS, Brasil receber\u00e1 o \u201cBRICS dos Povos\u201d em novembro"},"content":{"rendered":"<blockquote><p><em>Movimentos populares, sindicatos e partidos debatem quest\u00f5es comuns entre Brasil, R\u00fassia, \u00cdndia, China e \u00c1frica do Sul.<\/em><\/p><\/blockquote>\n<div id=\"attachment_146670\" style=\"width: 410px\" class=\"wp-caption aligncenter\"><a href=\"https:\/\/www.transcend.org\/tms\/wp-content\/uploads\/2019\/10\/brics-logo-povos.jpg\" ><img loading=\"lazy\" decoding=\"async\" aria-describedby=\"caption-attachment-146670\" class=\"wp-image-146670\" src=\"https:\/\/www.transcend.org\/tms\/wp-content\/uploads\/2019\/10\/brics-logo-povos.jpg\" alt=\"\" width=\"400\" height=\"264\" srcset=\"https:\/\/www.transcend.org\/tms\/wp-content\/uploads\/2019\/10\/brics-logo-povos.jpg 640w, https:\/\/www.transcend.org\/tms\/wp-content\/uploads\/2019\/10\/brics-logo-povos-300x198.jpg 300w\" sizes=\"auto, (max-width: 400px) 100vw, 400px\" \/><\/a><p id=\"caption-attachment-146670\" class=\"wp-caption-text\">Pesquisadores e militantes dos cinco pa\u00edses debater\u00e3o temas como imperialismo, crise econ\u00f4mica e pol\u00edtica, solidariedade e integra\u00e7\u00e3o \/ Divulga\u00e7\u00e3o<\/p><\/div>\n<p><em>\u00a0<\/em><em>26 Out 2019 &#8211; <\/em>Movimentos populares, sindicatos e partidos pol\u00edticos dos pa\u00edses que formam\u00a0o Brics \u2013 grupo que re\u00fane Brasil, R\u00fassia, \u00cdndia, China e \u00c1frica do Sul \u2013 se reunir\u00e3o em Bras\u00edlia (DF) nos dias 11 e 12 de novembro para o \u201cBrics dos Povos\u201d. A data, o local e o nome do evento foram escolhidos para fazer <a target=\"_blank\" href=\"https:\/\/www.brasildefato.com.br\/2018\/04\/20\/opiniao-sociedade-civil-precisa-construir-bases-solidas-entre-brics\/\" >um paralelo<\/a>\u00a0\u00e0 c\u00fapula que reunir\u00e1 representantes de governos, a qual ser\u00e1 realizada dois dias depois, tamb\u00e9m na capital federal.<\/p>\n<p>Pesquisadores e militantes dos cinco pa\u00edses debater\u00e3o temas como imperialismo, crise econ\u00f4mica e pol\u00edtica, solidariedade internacional e integra\u00e7\u00e3o dos povos. A expectativa \u00e9 que o evento re\u00fana cerca de 300 pessoas. Entre os confirmados, est\u00e3o representantes das organiza\u00e7\u00f5es\u00a0<a target=\"_blank\" href=\"https:\/\/www.brasildefato.com.br\/2016\/12\/15\/sindicato-de-metalurgicos-da-africa-do-sul-realiza-seu-10o-congresso\/\" >Numsa<\/a>, sindicato de metal\u00fargicos da\u00a0\u00c1frica do Sul; <em>Safai Karmachari Andolan<\/em>, movimento que re\u00fane dalits (n\u00edvel mais inferior pelo sistema de casta da\u00a0\u00cdndia); e da Academia de Ci\u00eancia Russa.<\/p>\n<p>Jo\u00e3o Pedro Stedile, da\u00a0dire\u00e7\u00e3o nacional do Movimento dos Trabalhadores Rurais Sem Terra (MST), uma das entidades organizadoras do Brics dos Povos, alerta\u00a0para a superficialidade da reuni\u00e3o oficial entre governos que ser\u00e1 realizada nos dias 13 e 14. \u201cA C\u00fapula dos Brics vai reunir os governos e os presidentes. Tememos que suas pautas ser\u00e3o apenas meros acordos comerciais e de articula\u00e7\u00e3o financeira de projetos a serem financiados pelo Banco dos Brics\u201d, explica.<\/p>\n<p>\u201cOs Brics s\u00e3o uma proposta de articula\u00e7\u00e3o regional que visa justamente denunciar o imperialismo dos Estados Unidos, pela domina\u00e7\u00e3o econ\u00f4mica, pelo d\u00f3lar e pela manipula\u00e7\u00e3o de outros organismos internacionais, como FMI [Fundo Monet\u00e1rio Internacional], Banco Mundial e OMC [Organiza\u00e7\u00e3o Mundial do Com\u00e9rcio]\u201d, completa, ressaltando o objetivo de cria\u00e7\u00e3o do Brics.<\/p>\n<p>Outro tema que preocupa os organizadores do \u201cBrics dos Povos\u201d \u00e9 o avan\u00e7o das for\u00e7as ultraconservadoras em pa\u00edses como Brasil e \u00cdndia, o que imp\u00f5e novos desafios em comum \u2013 inclusive do ponto de vista dos meios de comunica\u00e7\u00e3o e das redes sociais, para impedir que interesses externos sigam impactando os processos eleitorais.<\/p>\n<p>\u201cO Brasil e a \u00cdndia t\u00eam governos de direita, caracterizados como neofascistas. O do Brasil \u00e9 totalmente <a target=\"_blank\" href=\"https:\/\/www.brasildefato.com.br\/2019\/09\/25\/brasil-e-grande-demais-pra-ser-quintal-analisa-o-economista-paulo-nogueira-batista\/\" >subserviente aos interesses do governo dos Estados Unidos<\/a>. J\u00e1 a \u00cdndia tem contradi\u00e7\u00f5es com o governo estadunidense, apesar de ser de direita a n\u00edvel interno\u201d, analisa Stedile. \u201cO governo da \u00c1frica do Sul \u00e9 um governo neodesenvolvimentista, mas em condi\u00e7\u00f5es em que o <a target=\"_blank\" href=\"https:\/\/www.brasildefato.com.br\/2019\/04\/29\/africa-do-sul-ha-25-anos-eleicao-marcava-fim-do-apartheid-mas-nao-da-desigualdade\/\" ><em>apartheid <\/em><\/a>econ\u00f4mico e social continua. Ao lado do Brasil, s\u00e3o os dois pa\u00edses de maior desigualdade social e de concentra\u00e7\u00e3o de riqueza do mundo\u201d.<\/p>\n<p>Nalu Faria, da dire\u00e7\u00e3o nacional da Marcha Mundial das Mulheres, aponta que um dos maiores desafios \u00e9 buscar a unidade internacional diante das derrotas sofridas pela classe trabalhadora nos cinco pa\u00edses. \u201cHouve uma mudan\u00e7a na disputa geopol\u00edtica no mundo. E n\u00f3s, como povos, precisamos estar muito articulados para que as nossas demandas e a nossa soberania sejam colocadas em primeiro lugar\u201d, afirma.<\/p>\n<p>\u201c\u00c9 a nossa for\u00e7a como povo organizado que vai, nessa disputa geopol\u00edtica, garantir ou construir esse sentido de uma transforma\u00e7\u00e3o que seja capaz de desmantelar todo esse sistema de opress\u00e3o, explora\u00e7\u00e3o, discrimina\u00e7\u00e3o. N\u00f3s queremos construir a luta desde uma perspectiva anticapitalista, entendendo que o capitalismo \u00e9 um modelo patriarcal, racista, LGBTf\u00f3bico e depredador da natureza\u201d, acrescenta a militante.<\/p>\n<h3>Confira a\u00a0programa\u00e7\u00e3o pr\u00e9via:<\/h3>\n<ul>\n<li><strong>11\/11\/2019 \u2013 segunda-feira<\/strong>\n<ul>\n<li>Mesa 1: Imperialismo, geopol\u00edtica internacional, o papel dos Brics e dos povos<\/li>\n<li>Mesa 2: Crise econ\u00f4mica, social e ambiental e as alternativas populares de desenvolvimento<\/li>\n<\/ul>\n<\/li>\n<li><strong>12\/11\/2019 &#8211; ter\u00e7a-feira<\/strong>\n<ul>\n<li>Mesa 3: Crise Pol\u00edtica Internacional e a luta popular<\/li>\n<li>Mesa 4: Desafios do internacionalismo, da solidariedade e da integra\u00e7\u00e3o dos povos<\/li>\n<\/ul>\n<\/li>\n<\/ul>\n<p>________________________________________________<\/p>\n<p><a href=\"https:\/\/www.transcend.org\/tms\/2019\/11\/peoples-brics-to-be-held-concurrently-with-brics-summit-in-november\/\" ><em>Read in English<\/em><\/a><em> | <\/em><em><a target=\"_blank\" href=\"https:\/\/bit.ly\/2NqxhTA\" >Leer en espa\u00f1ol<\/a><\/em><\/p>\n<p><em>Edi\u00e7\u00e3o: Camila Maciel<\/em><\/p>\n<p><a target=\"_blank\" href=\"https:\/\/www.brasildefato.com.br\/2019\/10\/26\/em-contraponto-a-cupula-dos-brics-brasil-recebera-o-brics-dos-povos-em-novembro\/\" >Go to Original \u2013 brasildefato.com.br<\/a><\/p>\n","protected":false},"excerpt":{"rendered":"<p>Movimentos populares, sindicatos e partidos pol\u00edticos dos pa\u00edses que formam o Brics \u2013 Brasil, R\u00fassia, \u00cdndia, China e \u00c1frica do Sul \u2013 se reunir\u00e3o em Bras\u00edlia nos dias 11 e 12 de novembro para o \u201cBRICS dos Povos\u201d. A data, o local e o nome do evento foram escolhidos para fazer um paralelo \u00e0 c\u00fapula que reunir\u00e1 representantes de governos, a qual ser\u00e1 realizada dois dias depois, tamb\u00e9m na capital federal.<\/p>\n","protected":false},"author":4,"featured_media":146622,"comment_status":"open","ping_status":"open","sticky":false,"template":"","format":"standard","meta":{"footnotes":""},"categories":[46],"tags":[229,239,232,276,331,354,401,267,487,866,504,651,541,234,91,444,119,109,287,985,380,126,118,172,921,75],"class_list":["post-146738","post","type-post","status-publish","format-standard","has-post-thumbnail","hentry","category-original-languages","tag-activism","tag-brics","tag-capitalism","tag-democracy","tag-development","tag-economics","tag-environment","tag-geopolitics","tag-human-rights","tag-indigenous-rights","tag-international-relations","tag-justice","tag-latin-america-caribbean","tag-media","tag-nato","tag-nonviolence","tag-peace","tag-politics","tag-power","tag-social-justice","tag-solutions","tag-violence","tag-war","tag-west","tag-whistleblowing","tag-world"],"_links":{"self":[{"href":"https:\/\/www.transcend.org\/tms\/wp-json\/wp\/v2\/posts\/146738","targetHints":{"allow":["GET"]}}],"collection":[{"href":"https:\/\/www.transcend.org\/tms\/wp-json\/wp\/v2\/posts"}],"about":[{"href":"https:\/\/www.transcend.org\/tms\/wp-json\/wp\/v2\/types\/post"}],"author":[{"embeddable":true,"href":"https:\/\/www.transcend.org\/tms\/wp-json\/wp\/v2\/users\/4"}],"replies":[{"embeddable":true,"href":"https:\/\/www.transcend.org\/tms\/wp-json\/wp\/v2\/comments?post=146738"}],"version-history":[{"count":0,"href":"https:\/\/www.transcend.org\/tms\/wp-json\/wp\/v2\/posts\/146738\/revisions"}],"wp:featuredmedia":[{"embeddable":true,"href":"https:\/\/www.transcend.org\/tms\/wp-json\/wp\/v2\/media\/146622"}],"wp:attachment":[{"href":"https:\/\/www.transcend.org\/tms\/wp-json\/wp\/v2\/media?parent=146738"}],"wp:term":[{"taxonomy":"category","embeddable":true,"href":"https:\/\/www.transcend.org\/tms\/wp-json\/wp\/v2\/categories?post=146738"},{"taxonomy":"post_tag","embeddable":true,"href":"https:\/\/www.transcend.org\/tms\/wp-json\/wp\/v2\/tags?post=146738"}],"curies":[{"name":"wp","href":"https:\/\/api.w.org\/{rel}","templated":true}]}}