{"id":149523,"date":"2019-12-16T12:00:05","date_gmt":"2019-12-16T12:00:05","guid":{"rendered":"https:\/\/www.transcend.org\/tms\/?p=149523"},"modified":"2019-12-11T11:11:29","modified_gmt":"2019-12-11T11:11:29","slug":"italiano-anna-bravo-storica-del-sangue-risparmiato","status":"publish","type":"post","link":"https:\/\/www.transcend.org\/tms\/2019\/12\/italiano-anna-bravo-storica-del-sangue-risparmiato\/","title":{"rendered":"(Italiano) Anna Bravo, storica del sangue risparmiato"},"content":{"rendered":"<p style=\"text-align: center;\"><em>\u00a0\u00a0\u00a0\u00a0\u00a0\u00a0\u00a0 <\/em><a href=\"https:\/\/www.transcend.org\/tms\/wp-content\/uploads\/2019\/12\/Anna-Bravo-sereno-regis.jpg\" ><img loading=\"lazy\" decoding=\"async\" class=\"wp-image-149525 aligncenter\" src=\"https:\/\/www.transcend.org\/tms\/wp-content\/uploads\/2019\/12\/Anna-Bravo-sereno-regis.jpg\" alt=\"\" width=\"400\" height=\"267\" srcset=\"https:\/\/www.transcend.org\/tms\/wp-content\/uploads\/2019\/12\/Anna-Bravo-sereno-regis.jpg 600w, https:\/\/www.transcend.org\/tms\/wp-content\/uploads\/2019\/12\/Anna-Bravo-sereno-regis-300x200.jpg 300w\" sizes=\"auto, (max-width: 400px) 100vw, 400px\" \/><\/a>Anna Bravo<\/p>\n<p><em>9 Dicembre 2019 &#8211; <\/em>Nel rimpiangere di vivo cuore Anna Bravo, morta improvvisamente l&#8217;8 dicembre, trovo una delle sue parole che riassume bene la sua passione e la sua intelligente ricerca storica delle azioni di vita invece che di morte organizzata dalla guerra: \u00ab\u00c8 un&#8217;idea malsana che quando c&#8217;\u00e8 guerra c&#8217;\u00e8 storia, quando c&#8217;\u00e8 pace no. Il sangue risparmiato fa storia come il sangue versato\u00bb (p. 14 e 17 di <em>La conta dei salvati<\/em>).<\/p>\n<p>Anna \u00e8 la benemerita storica torinese che ha scritto sulla Resistenza, sulle donne, sul Sessantotto, valorizzando l&#8217;altra faccia della storia, quella pi\u00f9 umana, pi\u00f9 promettente . Chi non letto e amato i suoi libri, li cerchi, e trover\u00e0 lo sguardo &#8220;diverso&#8221; che occorre sempre per aprire vie nuove rispetto alla passiva registrazione dei fatti che si impongono con clamore o violenza.<\/p>\n<p>Cinque giorni prima di morire, come nessuno avrebbe immaginato, al convegno internazionale &#8220;Gandhi after Gandhi&#8221;, nel CLE, era stanca ma sempre gioiosa di lavorare con gli amici. Per fortuna, ho preso qualche scarno appunto dal suo intervento. Li riporto qui come mi \u00e8 possibile.<a href=\"https:\/\/www.transcend.org\/tms\/wp-content\/uploads\/2019\/12\/anna-bravo-la-conta-dei-salvati-cover.jpg\" ><img loading=\"lazy\" decoding=\"async\" class=\"alignright size-medium wp-image-149524\" src=\"https:\/\/www.transcend.org\/tms\/wp-content\/uploads\/2019\/12\/anna-bravo-la-conta-dei-salvati-cover-200x300.jpg\" alt=\"\" width=\"200\" height=\"300\" srcset=\"https:\/\/www.transcend.org\/tms\/wp-content\/uploads\/2019\/12\/anna-bravo-la-conta-dei-salvati-cover-200x300.jpg 200w, https:\/\/www.transcend.org\/tms\/wp-content\/uploads\/2019\/12\/anna-bravo-la-conta-dei-salvati-cover.jpg 266w\" sizes=\"auto, (max-width: 200px) 100vw, 200px\" \/><\/a><\/p>\n<p>Gandhi appartiene alla biopolitica, alla politica per la vita. L&#8217;ingiustizia genera nelle vittime avvilimento, senso di inferiorit\u00e0. Gandhi ha trasmesso fierezza umana, per esempio vestendo come il pi\u00f9 povero del suo popolo, e questo anche davanti all&#8217;impero. Sul piano simbolico questa \u00e8 un&#8217;azione di vera forza.<\/p>\n<p>Ogni imperialismo induce ad opporsi con gli stessi suoi metodi, violenti. Nell&#8217;inventare forti modi alternativi, sempre con aderenza precisa ai casi concreti, Gandhi ha saputo comunicare perfettamente con la gente semplice, facendo educazione e non demagogia: questa \u00e8 capacit\u00e0 rara nelle guide politiche.<\/p>\n<p>Nelle lotte nonviolente che ha guidato &#8211; p. es. in difesa dei contadini, dei coltivatori di indaco, danneggiati dalla produzione inglese \u2013 Gandhi ha saputo agire con la capacit\u00e0 di attendere il momento giusto, preparando con cura l&#8217;azione, senza esporre il popolo a gravi pericoli, senza umiliare la controparte, e non volendo stravincere.<\/p>\n<p>La cultura torinese e il pi\u00f9 ampio movimento per la pace giusta e nonviolenta, per la cittadinanza inclusiva e paritaria, per la memoria della storia pi\u00f9 umana, deve tanta gratitudine ad Anna Bravo.<\/p>\n<p><a target=\"_blank\" href=\"https:\/\/it.wikipedia.org\/wiki\/Anna_Bravo\" >https:\/\/it.wikipedia.org\/wiki\/Anna_Bravo<\/a><\/p>\n<p><em>__________________________________________<\/em><\/p>\n<p style=\"padding-left: 40px;\"><em><a href=\"https:\/\/www.transcend.org\/tms\/wp-content\/uploads\/2017\/05\/enrico-peyretti.jpeg\" ><img loading=\"lazy\" decoding=\"async\" class=\"alignleft wp-image-92303\" src=\"https:\/\/www.transcend.org\/tms\/wp-content\/uploads\/2017\/05\/enrico-peyretti.jpeg\" alt=\"\" width=\"100\" height=\"100\" \/><\/a><\/em><em>Enrico Peyretti<\/em> <em>\u00e8 membro della <\/em><em><a href=\"https:\/\/www.transcend.org\/\" >Rete TRANSCEND per la Pace, Sviluppo e Ambiente<\/a><\/em><em>.<\/em><\/p>\n","protected":false},"excerpt":{"rendered":"<p>9 Dicembre 2019 &#8211; Nel rimpiangere di vivo cuore Anna Bravo, morta improvvisamente l&#8217;8 dicembre, trovo una delle sue parole che riassume bene la sua passione e la sua intelligente ricerca storica delle azioni di vita invece che di morte organizzata dalla guerra: \u00ab\u00c8 un&#8217;idea malsana che quando c&#8217;\u00e8 guerra c&#8217;\u00e8 storia, quando c&#8217;\u00e8 pace no. Il sangue risparmiato fa storia come il sangue versato\u00bb.<\/p>\n","protected":false},"author":4,"featured_media":149524,"comment_status":"open","ping_status":"open","sticky":false,"template":"","format":"standard","meta":{"footnotes":""},"categories":[46],"tags":[1191,1142],"class_list":["post-149523","post","type-post","status-publish","format-standard","has-post-thumbnail","hentry","category-original-languages","tag-centro-studi-sereno-regis","tag-obituary"],"_links":{"self":[{"href":"https:\/\/www.transcend.org\/tms\/wp-json\/wp\/v2\/posts\/149523","targetHints":{"allow":["GET"]}}],"collection":[{"href":"https:\/\/www.transcend.org\/tms\/wp-json\/wp\/v2\/posts"}],"about":[{"href":"https:\/\/www.transcend.org\/tms\/wp-json\/wp\/v2\/types\/post"}],"author":[{"embeddable":true,"href":"https:\/\/www.transcend.org\/tms\/wp-json\/wp\/v2\/users\/4"}],"replies":[{"embeddable":true,"href":"https:\/\/www.transcend.org\/tms\/wp-json\/wp\/v2\/comments?post=149523"}],"version-history":[{"count":0,"href":"https:\/\/www.transcend.org\/tms\/wp-json\/wp\/v2\/posts\/149523\/revisions"}],"wp:featuredmedia":[{"embeddable":true,"href":"https:\/\/www.transcend.org\/tms\/wp-json\/wp\/v2\/media\/149524"}],"wp:attachment":[{"href":"https:\/\/www.transcend.org\/tms\/wp-json\/wp\/v2\/media?parent=149523"}],"wp:term":[{"taxonomy":"category","embeddable":true,"href":"https:\/\/www.transcend.org\/tms\/wp-json\/wp\/v2\/categories?post=149523"},{"taxonomy":"post_tag","embeddable":true,"href":"https:\/\/www.transcend.org\/tms\/wp-json\/wp\/v2\/tags?post=149523"}],"curies":[{"name":"wp","href":"https:\/\/api.w.org\/{rel}","templated":true}]}}