{"id":156888,"date":"2020-03-30T12:00:07","date_gmt":"2020-03-30T11:00:07","guid":{"rendered":"https:\/\/www.transcend.org\/tms\/?p=156888"},"modified":"2020-03-25T11:37:50","modified_gmt":"2020-03-25T11:37:50","slug":"portugues-campanha-pede-que-as-pessoas-divulguem-que-os-animais-domesticos-nao-transmitem-covid-19","status":"publish","type":"post","link":"https:\/\/www.transcend.org\/tms\/2020\/03\/portugues-campanha-pede-que-as-pessoas-divulguem-que-os-animais-domesticos-nao-transmitem-covid-19\/","title":{"rendered":"(Portugu\u00eas) Campanha pede que as pessoas divulguem que os animais dom\u00e9sticos n\u00e3o transmitem Covid-19"},"content":{"rendered":"<blockquote><p>25 Mar 2020 &#8211; <em>O Partido pelos Animais portugu\u00eas quer ainda que o governo autorize a circula\u00e7\u00e3o de pessoas que alimentam animais de col\u00f4nias ou que s\u00e3o volunt\u00e1rios de abrigos.<\/em><\/p><\/blockquote>\n<figure id=\"attachment_784080\" class=\"wp-caption aligncenter\" aria-describedby=\"caption-attachment-784080\"><figcaption id=\"caption-attachment-784080\" class=\"wp-caption-text\">\n<div id=\"attachment_156889\" style=\"width: 569px\" class=\"wp-caption aligncenter\"><a href=\"https:\/\/www.transcend.org\/tms\/wp-content\/uploads\/2020\/03\/covid-19-animals.jpg\" ><img loading=\"lazy\" decoding=\"async\" aria-describedby=\"caption-attachment-156889\" class=\"wp-image-156889\" src=\"https:\/\/www.transcend.org\/tms\/wp-content\/uploads\/2020\/03\/covid-19-animals.jpg\" alt=\"\" width=\"559\" height=\"311\" srcset=\"https:\/\/www.transcend.org\/tms\/wp-content\/uploads\/2020\/03\/covid-19-animals.jpg 1024w, https:\/\/www.transcend.org\/tms\/wp-content\/uploads\/2020\/03\/covid-19-animals-300x167.jpg 300w, https:\/\/www.transcend.org\/tms\/wp-content\/uploads\/2020\/03\/covid-19-animals-768x427.jpg 768w\" sizes=\"auto, (max-width: 559px) 100vw, 559px\" \/><\/a><p id=\"caption-attachment-156889\" class=\"wp-caption-text\">Um dos posts criados para conscientizar as pessoas de que c\u00e3es e gatos n\u00e3o transmitem covid-19. Foto PAN \u2013 Partidos pelas Pessoas, Animais e Natureza<\/p><\/div>\n<\/figcaption><\/figure>\n<p>O <a target=\"_blank\" href=\"https:\/\/www.pan.com.pt\/\" >PAN \u2013 Partido pelas Pessoas, Animais e Natureza<\/a> de Portugal criou uma campanha com posts para as pessoas usarem em suas redes sociais a fim de conscientizar a popula\u00e7\u00e3o de que animais dom\u00e9sticos n\u00e3o s\u00e3o infectados e nem transmitem a covid-19. Embora boas iniciativas j\u00e1 estejam ocorrendo no pa\u00eds, como os canis municipais acolhendo animais de tutores com a doen\u00e7a, o abandono tamb\u00e9m cresce em in\u00fameras cidades portuguesas.<\/p>\n<p>O PAN teme tamb\u00e9m pelos c\u00e3es que vivem nas ruas e pelas col\u00f4nias de gatos: \u201cEsperamos que o governo garanta o bem-estar dos animais em situa\u00e7\u00e3o de rua em face do surto da covid-19. No entender do PAN, no conjunto de medidas implementadas durante o per\u00edodo de estado de emerg\u00eancia \u00e9 importante que sejam protegidas as pessoas respons\u00e1veis pela presta\u00e7\u00e3o de cuidados a col\u00f4nias de animais\u201d.<\/p>\n<p><img loading=\"lazy\" decoding=\"async\" class=\"aligncenter wp-image-784081 jetpack-lazy-image jetpack-lazy-image--handled\" src=\"https:\/\/www.anda.jor.br\/wp-content\/uploads\/2020\/03\/pan3.png\" alt=\"\" width=\"640\" height=\"640\" data-lazy-loaded=\"1\" \/><\/p>\n<p>O partido pede que dentro das desloca\u00e7\u00f5es necess\u00e1rias, como no caso da compra de alimentos e rem\u00e9dios, seja autorizada a circula\u00e7\u00e3o de pessoas que cuidam da alimenta\u00e7\u00e3o de col\u00f4nias de animais, que colaboram com Centros de Recolha Oficial (canis municipais), associa\u00e7\u00f5es de assist\u00eancia a animais ou ajudando tutores que se encontrem doentes em quarentena em casa ou hospitalizados.<\/p>\n<p>\u201cA Espanha, face ao estado de calamidade provocado pela covid-19, j\u00e1 implementou medidas neste sentido, permitindo passeios de animais com a dura\u00e7\u00e3o estritamente necess\u00e1ria e feitos apenas por um tutor, alimenta\u00e7\u00e3o de col\u00f4nias de gatos e presta\u00e7\u00e3o de cuidados em abrigos que dever\u00e3o ser feitas em hor\u00e1rios de menor circula\u00e7\u00e3o de pessoas\u201d, diz o PAN em seu <a target=\"_blank\" href=\"https:\/\/www.pan.com.pt\/\" >site.<\/a><\/p>\n<p>\u201cEstas medidas poder\u00e3o evitar situa\u00e7\u00f5es de abandono ou de ang\u00fastia por parte dos pr\u00f3prios tutores, principalmente aqueles que n\u00e3o consigam sair \u00e0 rua para passear com seus animais neste momento dif\u00edcil que todos atravessamos\u201c, diz o comunicado<em>.<\/em><\/p>\n<p>____________________________________________<\/p>\n<p style=\"padding-left: 40px;\"><em><a href=\"https:\/\/www.transcend.org\/tms\/wp-content\/uploads\/2019\/09\/logo-anda-novo.jpg\" ><img loading=\"lazy\" decoding=\"async\" class=\"alignleft size-full wp-image-143717\" src=\"https:\/\/www.transcend.org\/tms\/wp-content\/uploads\/2019\/09\/logo-anda-novo.jpg\" alt=\"\" width=\"206\" height=\"88\" \/><\/a><\/em>ANDA\u2013Ag\u00eancia de Not\u00edcias de Direitos Animais<em>: informar para transformar. A <\/em>ANDA<em> difunde na m\u00eddia os valores de uma nova cultura, mais \u00e9tica, mais justa e preocupada com a defesa e a garantia dos direitos animais. \u00c9 o primeiro portal jornal\u00edstico do mundo que combate a viol\u00eancia social e a destrui\u00e7\u00e3o do meio ambiente a partir da defesa dos direitos dos animais. <\/em><em>Contato: <a href=\"mailto:faleconosco@anda.jor.br\">faleconosco@anda.jor.br<\/a><\/em><\/p>\n<p><a target=\"_blank\" href=\"https:\/\/www.anda.jor.br\/2020\/03\/campanha-pede-que-as-pessoas-divulguem-que-os-animais-domesticos-nao-transmitem-covid-19\/\" >Go to Original \u2013 anda.jor.br<\/a><\/p>\n","protected":false},"excerpt":{"rendered":"<p>25 Mar 2020 &#8211; O Partido pelos Animais portugu\u00eas quer ainda que o governo autorize a circula\u00e7\u00e3o de pessoas que alimentam animais de col\u00f4nias ou que s\u00e3o volunt\u00e1rios de abrigos.<\/p>\n","protected":false},"author":4,"featured_media":156889,"comment_status":"open","ping_status":"open","sticky":false,"template":"","format":"standard","meta":{"footnotes":""},"categories":[46],"tags":[271,1879,1829,289,744,1698,710,1864,1102,304,1447,1880,339,124,1836,75],"class_list":["post-156888","post","type-post","status-publish","format-standard","has-post-thumbnail","hentry","category-original-languages","tag-community","tag-compassion","tag-coronavirus","tag-economy","tag-empathy","tag-epidemics","tag-health","tag-pandemic","tag-public-health","tag-science","tag-science-and-medicine","tag-sharing","tag-trade","tag-united-nations","tag-who","tag-world"],"_links":{"self":[{"href":"https:\/\/www.transcend.org\/tms\/wp-json\/wp\/v2\/posts\/156888","targetHints":{"allow":["GET"]}}],"collection":[{"href":"https:\/\/www.transcend.org\/tms\/wp-json\/wp\/v2\/posts"}],"about":[{"href":"https:\/\/www.transcend.org\/tms\/wp-json\/wp\/v2\/types\/post"}],"author":[{"embeddable":true,"href":"https:\/\/www.transcend.org\/tms\/wp-json\/wp\/v2\/users\/4"}],"replies":[{"embeddable":true,"href":"https:\/\/www.transcend.org\/tms\/wp-json\/wp\/v2\/comments?post=156888"}],"version-history":[{"count":0,"href":"https:\/\/www.transcend.org\/tms\/wp-json\/wp\/v2\/posts\/156888\/revisions"}],"wp:featuredmedia":[{"embeddable":true,"href":"https:\/\/www.transcend.org\/tms\/wp-json\/wp\/v2\/media\/156889"}],"wp:attachment":[{"href":"https:\/\/www.transcend.org\/tms\/wp-json\/wp\/v2\/media?parent=156888"}],"wp:term":[{"taxonomy":"category","embeddable":true,"href":"https:\/\/www.transcend.org\/tms\/wp-json\/wp\/v2\/categories?post=156888"},{"taxonomy":"post_tag","embeddable":true,"href":"https:\/\/www.transcend.org\/tms\/wp-json\/wp\/v2\/tags?post=156888"}],"curies":[{"name":"wp","href":"https:\/\/api.w.org\/{rel}","templated":true}]}}