{"id":161153,"date":"2020-05-18T12:00:57","date_gmt":"2020-05-18T11:00:57","guid":{"rendered":"https:\/\/www.transcend.org\/tms\/?p=161153"},"modified":"2020-05-18T07:34:15","modified_gmt":"2020-05-18T06:34:15","slug":"portugues-o-covid-19-ou-cooperamos-ou-nao-teremos-futuro-nenhum","status":"publish","type":"post","link":"https:\/\/www.transcend.org\/tms\/2020\/05\/portugues-o-covid-19-ou-cooperamos-ou-nao-teremos-futuro-nenhum\/","title":{"rendered":"(Portugu\u00eas) O COVID-19: Ou Cooperamos ou N\u00e3o Teremos Futuro Nenhum"},"content":{"rendered":"<p><em><img loading=\"lazy\" decoding=\"async\" class=\"wp-image-7567 aligncenter\" src=\"https:\/\/leonardoboff.files.wordpress.com\/2020\/05\/maos-entrelac-.jpg?w=424&amp;h=222\" sizes=\"auto, (max-width: 424px) 100vw, 424px\" srcset=\"https:\/\/leonardoboff.files.wordpress.com\/2020\/05\/maos-entrelac-.jpg?w=424&amp;h=222 424w, https:\/\/leonardoboff.files.wordpress.com\/2020\/05\/maos-entrelac-.jpg?w=150&amp;h=79 150w, https:\/\/leonardoboff.files.wordpress.com\/2020\/05\/maos-entrelac-.jpg?w=300&amp;h=157 300w, https:\/\/leonardoboff.files.wordpress.com\/2020\/05\/maos-entrelac-.jpg 600w\" alt=\"\" width=\"424\" height=\"222\" data-attachment-id=\"7567\" data-permalink=\"https:\/\/leonardoboff.org\/2020\/05\/17\/o-covid-19-ou-cooperamos-ou-nao-teremos-futuro-nenhum\/maos-entrelac\/\" data-orig-file=\"https:\/\/leonardoboff.files.wordpress.com\/2020\/05\/maos-entrelac-.jpg\" data-orig-size=\"600,314\" data-comments-opened=\"1\" data-image-meta=\"{&quot;aperture&quot;:&quot;0&quot;,&quot;credit&quot;:&quot;&quot;,&quot;camera&quot;:&quot;&quot;,&quot;caption&quot;:&quot;&quot;,&quot;created_timestamp&quot;:&quot;0&quot;,&quot;copyright&quot;:&quot;&quot;,&quot;focal_length&quot;:&quot;0&quot;,&quot;iso&quot;:&quot;0&quot;,&quot;shutter_speed&quot;:&quot;0&quot;,&quot;title&quot;:&quot;&quot;,&quot;orientation&quot;:&quot;0&quot;}\" data-image-title=\"maos entrelac-\" data-image-description=\"\" data-medium-file=\"https:\/\/leonardoboff.files.wordpress.com\/2020\/05\/maos-entrelac-.jpg?w=300\" data-large-file=\"https:\/\/leonardoboff.files.wordpress.com\/2020\/05\/maos-entrelac-.jpg?w=600\" \/><\/em><\/p>\n<p><em>17 maio 2020 &#8211; <\/em>Uma pergunta sempre esteve presente nas buscas humanas: qual \u00e9 a nossa ess\u00eancia espec\u00edfica? A hist\u00f3ria conhece inumer\u00e1veis respostas. Mas a mais contundente, converg\u00eancia de v\u00e1rias ci\u00eancias contempor\u00e2neas como a nova biologia evolucion\u00e1ria, a gen\u00e9tica, as neuroci\u00eancias, a psicologia evolutiva, a cosmologia, a ecologia, a femenologia e outras \u00e9 essa: a <em>coopera\u00e7\u00e3o<\/em>.<\/p>\n<p>Michael Tomasello, considerado genial na \u00e1rea da psicologia do desenvolvimento de crian\u00e7as de 1-3 anos, sem interven\u00e7\u00e3o invasiva, reuniu num volume as melhores pesquisas na \u00e1rea sob o t\u00edtulo :\u201d<em>Por que n\u00f3s cooperamos<\/em>\u201d (<em>Warum wir kooperieren, <\/em>Berlim, Suhrkamp 2010). Em seu ensaio de abertura afirma que a ess\u00eancia do humano est\u00e1 no \u201c<em>altruismo<\/em>\u201d e na \u201c<em>coopera\u00e7\u00e3o<\/em>\u201d. \u201cNo altruismo um se sacrifica pelo outro. Na coopera\u00e7\u00e3o muitos se unem em vista de um bem comum\u201d (p.14).<\/p>\n<p>Uma das maiores especialistas em psicologia e evolu\u00e7\u00e3o da Universidade de Stanford, Carol S. Dweck, afirma: \u201cmais que a grandeza excepcional de nosso c\u00e9rebro e de nossa imensa capacidade de pensar, a nossa natureza essencial \u00e9 esta: a aptid\u00e3o de sermos seres de <em>coopera\u00e7\u00e3o e de rela\u00e7\u00e3o<\/em> (<em>Por que cooperamos<\/em>, op.cit 95).<\/p>\n<p>Outra, da mesma ci\u00eancia, famosa por suas pesquisas emp\u00edricas, Elizabeth S. Spelke, de Harvard, assevera: nossa marca, <em>por natureza<\/em>, diferencial de qualquer outra esp\u00e9cie superior como a dos primatas (dos quais somos um bifurca\u00e7\u00e3o) \u00e9 \u201c<em>a nossa intencionalidade compartida<\/em>\u201d que propicia todas as formas de coopera\u00e7\u00e3o, de comunica\u00e7\u00e3o e de participa\u00e7\u00e3o de tarefas e de objetivos comuns\u201d(op.cit. 112). Ela caminha junto com a linguagem que \u00e9, essencialmente, social e cooperativa, tra\u00e7o espec\u00edfico dos humanos, como o entenderam os bi\u00f3logos chilenos H.Maturana e F. Varela.<\/p>\n<p>Outro, este neurobi\u00f3logo do conhecido Instituto Max Plank, Joachim Bauer, em seu livro \u201c<em>O gen cooperativo<\/em>\u201d(<em>Das kooperative Gen<\/em>, Hoffman und Campe,Hamburgo 2008) e especialmente no livro \u201c<em>Princ\u00edpio humanidade: por que n\u00f3s, por natureza, cooperamos<\/em>\u201d(2006) sustenta a mesma tese: o ser humano \u00e9 essencialmente um ser de coopera\u00e7\u00e3o. Refuta com veem\u00eancia o zo\u00f3logo ingl\u00eas Richard Dawkins, autor do livro muito difundido: \u201c<em>O gene ego\u00edsta<\/em>\u201d(1976\/2004). Afirma \u201cque sua tese n\u00e3o possui nenhuma base emp\u00edrica; ao contr\u00e1rio, representa o correlato do capitalismo dominante que assim parece legitim\u00e1-lo\u201d (Op.cit.153). Critica tamb\u00e9m a superficialidade de outro livro \u201cDeus, uma ilus\u00e3o\u201d(2007).<\/p>\n<p>No entanto, diz Bauer, \u00e9 cientificamente verificado, que \u201cos genes n\u00e3o s\u00e3o aut\u00f4nomos e de modo algum \u2018ego\u00edstas\u2019mas se agregam com outros nas c\u00e9lulas da totalidade do organismo\u201d(<em>O gene cooperativo<\/em>,184). Afirma mais ainda:\u201dTodos os sistemas vivos se caracterizam pela permanente coopera\u00e7\u00e3o e comunica\u00e7\u00e3o molecular para dentro e para fora\u201d(Op.cit.183).<\/p>\n<p>\u00c9 not\u00f3rio pela bio-antropologia que a esp\u00e9cie humana deixou para tr\u00e1s os primatas e virou ser humano, quando come\u00e7ou,de forma cooperativa, a recoletar e a comer o que recolhia.<\/p>\n<p>Uma das teses axiais da f\u00edsica qu\u00e2ntica (W.Heisenberg) e da cosmog\u00eanese (B.Swimme) consiste em afirmar a coopera\u00e7\u00e3o e a rela\u00e7\u00e3o de todos com todos. Tudo \u00e9 relacionado e nada existe fora da rela\u00e7\u00e3o. Todos cooperam uns com os outros para coevoluirem. Talvez a formula\u00e7\u00e3o mais bela foi encontrada pelo Papa Francisco em sua enc\u00edclica <em>Laudato S\u00ec: sobre o cuidado da Casa Comum:<\/em> \u201cTudo est\u00e1 relacionado, e todos n\u00f3s, seres humanos, caminhamos juntos como irm\u00e3os e irm\u00e3s, numa peregrina\u00e7\u00e3o maravilhosa\u2026que nos une tamb\u00e9m, com terna afei\u00e7\u00e3o, ao irm\u00e3o sol, \u00e0 irm\u00e3 lua, ao irm\u00e3o rio e \u00e0 m\u00e3e Terra\u201d(n.92).<\/p>\n<p>Um brasileiro, professor de filosofia da ci\u00eancia na UFES em Vit\u00f3ria, Maur\u00edcio Abdala, escreveu um convincente livro sobre \u201c<em>O princ\u00edpio coopera\u00e7\u00e3o\u201d <\/em>na linha das reflex\u00f5es acima referidas,especialmenet baseado na biologia.<\/p>\n<p>Por que dizemos tudo isso? Para mostrar qu\u00e3o anti-natural e perverso \u00e9 o sistema imperante do capital com seu individualismo e sua competi\u00e7\u00e3o sem nenhuma coopera\u00e7\u00e3o.\u00c9 ele que est\u00e1 conduzindo a humanidade a um impasse fatal. Por essa l\u00f3gica, o coronav\u00edrus nos teria contaminado e exterminado a todos. Foi a coopera\u00e7\u00e3o e a solidariedade de todos com todos que nos est\u00e3o salvando.<\/p>\n<p>De aqui por diante devemos decidir: Ou obedecemos \u00e0 nossa natureza essencial, a coopera\u00e7\u00e3o, no n\u00edvel pessoal, local, regional, nacional e mundial, mudando a forma de habitar a Casa Comum ou comecemos a nos preparar para o pior, num caminho sem retorno.<\/p>\n<p>Se n\u00e3o ouvirmos esta li\u00e7\u00e3o que o covid-19 nos est\u00e1 dando e voltarmos, com mais f\u00faria ainda, ao que era antes, para recuperar o atraso, podemos estar na contagem regressiva de uma cat\u00e1strofe ainda mais letal. Quem nos garante que n\u00e3o poder\u00e1 ser o temido <em>NBO<\/em> (<em>Next Big One<\/em>), aquele pr\u00f3ximo e derradeiro v\u00edrus avassalador e inatac\u00e1vel que por\u00e1 fim \u00e0 nossa esp\u00e9cie? Grandes nomes da ci\u00eancia como Jacquard, de Duve, Rees, Lovelock e Chomsky entre outros nos advertem sobre esta emerg\u00eancia tr\u00e1gica.<\/p>\n<p>Lembro apenas as derradeiras palavras do velho Martin Heidegger em sua \u00faltima entrevista ao <em>Der Spiegel<\/em> a ser publicada 15 anos ap\u00f3s a sua morte<em>, <\/em>referindo-se \u00e0 l\u00f3gica suicida de nosso projeto tecnico-cient\u00edfico: \u201c<em>Nur noch ein Gott kann uns retten\u201d = \u201cSomente um Deus nos poder\u00e1 salvar\u201d.<\/em><\/p>\n<p>\u00c9 o que espero e creio, pois, Deus se revelou como \u201co apaixonado amante da vida\u201d(Sabedoria 11,24).<\/p>\n<p>_________________________________________________<\/p>\n<p style=\"padding-left: 40px;\"><em><a href=\"https:\/\/www.transcend.org\/tms\/wp-content\/uploads\/2014\/05\/Leonardo_Boff_Wilson-Dias_Abr_0-e1507211118491.gif\" ><img loading=\"lazy\" decoding=\"async\" class=\"alignleft wp-image-43416\" src=\"https:\/\/www.transcend.org\/tms\/wp-content\/uploads\/2014\/05\/Leonardo_Boff_Wilson-Dias_Abr_0-300x177.gif\" alt=\"\" width=\"200\" height=\"118\" \/><\/a><\/em><em>Leonardo Boff \u00e9 um escritor, te\u00f3logo e fil\u00f3sofo brasileiro, professor em\u00e9rito de \u00e9tica e filosofia da religi\u00e3o da Universidade do Estado do Rio de Janeiro, recebedor do <\/em><strong><em>Pr\u00eamio Nobel Alternativo da Paz<\/em><\/strong><em> do Parlamento sueco [<\/em><strong><em>Right Livelihood Award<\/em><\/strong><em>]em 2001, membro da Iniciativa Internacional da Carta da Terra, e professor visitante em v\u00e1rias universidades estrangeiras como Basel, Heidelberg, Harvard, Lisboa e Salamanca. Expoente da <\/em><em><a target=\"_blank\" href=\"http:\/\/pt.wikipedia.org\/wiki\/Teologia_da_Liberta%C3%A7%C3%A3o\" >Teologia da Liberta\u00e7\u00e3o<\/a><\/em><em> no Brasil, foi membro da Ordem dos Frades Menores, mais conhecidos como Franciscanos. \u00c9 respeitado pela sua hist\u00f3ria de defesa pelas causas sociais e atualmente debate tamb\u00e9m quest\u00f5es ambientais. Colunista do <\/em>Jornal do Brasil<em>, escreveu os livros<\/em> Francisco de Assis: Ternura e Vigor, <em>Vozes 2000; <\/em>\u00a0A Terra na palma da m\u00e3o: uma nova vis\u00e3o do planeta e da humanidade<em>,Vozes 2016;\u00a0 <\/em>Cuidar da Terra \u2013 proteger a vida: como escapar do fim do mundo<em>, Record 2010; <\/em>\u00a0<em>A <\/em>hospitalidade: Direito e dever de todos, <em>Vozes 2005<\/em>; Paix\u00e3o de Cristo, Paix\u00e3o do Mundo<em>, Vozes 2001<\/em>; Brasil: Concluir a refunda\u00e7\u00e3o ou prolongar a depend\u00eancia, <em>Vozes 2018; <\/em><em>\u201cDestino e Desatino da Globaliza\u00e7\u00e3o\u201d em<\/em><em>: Do iceberg \u00e0 Arca de No\u00e9,<\/em><em> Mar de Ideias, Rio 2010 pp. 41-63.<\/em><\/p>\n<p><a target=\"_blank\" href=\"https:\/\/leonardoboff.org\/2020\/05\/17\/o-covid-19-ou-cooperamos-ou-nao-teremos-futuro-nenhum\/\" >Go to Original \u2013 leonardoboff.wordpress.com<\/a><\/p>\n","protected":false},"excerpt":{"rendered":"<p>17 maio 2020 &#8211; De aqui por diante devemos decidir: Ou obedecemos \u00e0 nossa natureza essencial, a coopera\u00e7\u00e3o, no n\u00edvel pessoal, local, regional, nacional e mundial, mudando a forma de habitar a Casa Comum ou comecemos a nos preparar para o pior, num caminho sem retorno.<\/p>\n","protected":false},"author":4,"featured_media":43416,"comment_status":"open","ping_status":"open","sticky":false,"template":"","format":"standard","meta":{"footnotes":""},"categories":[46],"tags":[272,1829,1868,1354,520,1495,307,613,75],"class_list":["post-161153","post","type-post","status-publish","format-standard","has-post-thumbnail","hentry","category-original-languages","tag-cooperation","tag-coronavirus","tag-covid-19","tag-earth","tag-human-behaviors","tag-human-needs","tag-humanity","tag-new-world-order","tag-world"],"_links":{"self":[{"href":"https:\/\/www.transcend.org\/tms\/wp-json\/wp\/v2\/posts\/161153","targetHints":{"allow":["GET"]}}],"collection":[{"href":"https:\/\/www.transcend.org\/tms\/wp-json\/wp\/v2\/posts"}],"about":[{"href":"https:\/\/www.transcend.org\/tms\/wp-json\/wp\/v2\/types\/post"}],"author":[{"embeddable":true,"href":"https:\/\/www.transcend.org\/tms\/wp-json\/wp\/v2\/users\/4"}],"replies":[{"embeddable":true,"href":"https:\/\/www.transcend.org\/tms\/wp-json\/wp\/v2\/comments?post=161153"}],"version-history":[{"count":0,"href":"https:\/\/www.transcend.org\/tms\/wp-json\/wp\/v2\/posts\/161153\/revisions"}],"wp:featuredmedia":[{"embeddable":true,"href":"https:\/\/www.transcend.org\/tms\/wp-json\/wp\/v2\/media\/43416"}],"wp:attachment":[{"href":"https:\/\/www.transcend.org\/tms\/wp-json\/wp\/v2\/media?parent=161153"}],"wp:term":[{"taxonomy":"category","embeddable":true,"href":"https:\/\/www.transcend.org\/tms\/wp-json\/wp\/v2\/categories?post=161153"},{"taxonomy":"post_tag","embeddable":true,"href":"https:\/\/www.transcend.org\/tms\/wp-json\/wp\/v2\/tags?post=161153"}],"curies":[{"name":"wp","href":"https:\/\/api.w.org\/{rel}","templated":true}]}}