{"id":175035,"date":"2020-12-14T12:00:52","date_gmt":"2020-12-14T12:00:52","guid":{"rendered":"https:\/\/www.transcend.org\/tms\/?p=175035"},"modified":"2020-12-13T09:40:56","modified_gmt":"2020-12-13T09:40:56","slug":"portugues-o-que-e-ser-de-fato-pro-vida","status":"publish","type":"post","link":"https:\/\/www.transcend.org\/tms\/2020\/12\/portugues-o-que-e-ser-de-fato-pro-vida\/","title":{"rendered":"(Portugu\u00eas) O que \u00e9 ser, de fato, pr\u00f3-vida?"},"content":{"rendered":"<p><em>10 dez 2020 &#8211; <\/em>Magali Cunha \u00e9 jornalista e professora universit\u00e1ria e escreve com paix\u00e3o e com-paix\u00e3o pelas v\u00edtimas das continuadas viol\u00eancia aos direitos humanos, especialmente, de inocentes crian\u00e7as das periferias de nossas cidades. Neste dia 10 celebramos 72 da proclama\u00e7\u00e3o solene da Declara\u00e7\u00e3o dos Direitos Humanos da ONU. Magali descreve como esta Carta \u00e9 rasgada no Brasil, nosso pa\u00eds, marcado pela viol\u00eancia real, causando mortes e pela viol\u00eancia simb\u00f3lica nas redes digitais que difundem \u00f3dio, maledic\u00eancias, mentiras e fake news. Estas ferem o esp\u00edrito e tornam menos humanas as rela\u00e7\u00f5es sociais.<\/p>\n<p>N\u00e3o pode ser s\u00f3 pelas vidas dos que lucram com o governo, escreve Magali Cunha<\/p>\n<p>Emily Victoria, de 4 anos, e Rebeca Beatriz, de 7, tiveram a vida interrompida por mais uma violenta interven\u00e7\u00e3o policial em \u00e1reas perif\u00e9ricas do Rio de Janeiro. Trata-se daquela que \u201csempre chega atirando\u201d, como relatam os sofridos moradores. S\u00e3o mais duas fam\u00edlias destru\u00eddas pela dor e pela revolta, que choram a perda de filhas queridas e que se juntam \u00e0s de outras dez crian\u00e7as assinadas a tiros na regi\u00e3o metropolitana do Rio, em 2020, quase todas durante a\u00e7\u00f5es da pol\u00edcia.<\/p>\n<p>Vida interrompida brutalmente tamb\u00e9m \u00e9 drama recorrente nas fam\u00edlias de policiais militares. Nesta semana, o mesmo Rio de Janeiro ficou chocado com o assassinato do Cabo Derinaldo Cardoso, de 34 anos, surpreendido com tiro na cabe\u00e7a, quando tentava impedir um assalto em uma loja de departamentos. No primeiro semestre de 2020, foram 103 os policiais mortos no Brasil, 23 em servi\u00e7o. Essas fam\u00edlias enlutadas sofrem com a pol\u00edtica de guerra e n\u00e3o de seguran\u00e7a \u2013 \u201ca mesma pol\u00edcia que mata \u00e9 a pol\u00edcia que morre\u201d, como disse um coronel da reserva de S\u00e3o Paulo. Estes profissionais sofrem ainda com as p\u00e9ssimas condi\u00e7\u00f5es de trabalho a que s\u00e3o submetidos.<\/p>\n<p>A essas trag\u00e9dias se soma \u00e0 da fam\u00edlia de Jo\u00e3o Alberto Silveira Freitas, homem negro morto, em novembro passado, de forma est\u00fapida, por seguran\u00e7as do supermercado Carrefour, em Porto Alegre. Mais uma entre as in\u00fameras v\u00edtimas do racismo de todo dia praticado no Brasil, que, quando sobrevivem, carregam esta marca em suas trajet\u00f3rias.<\/p>\n<p>Ao mesmo tempo, outras vidas s\u00e3o interrompidas de forma dr\u00e1stica: chega a quase 178 mil o n\u00famero de mortos por Covid-19 no Brasil (n\u00fameros oficiais subnotificados), com milhares de sobreviventes da doen\u00e7a sofrendo sequelas, sem que o pa\u00eds tenha not\u00edcia de pol\u00edtica governamental que traga esperan\u00e7a de supera\u00e7\u00e3o desta situa\u00e7\u00e3o.<\/p>\n<p>Pelo contr\u00e1rio, as pol\u00edticas anunciadas s\u00e3o desesperadoras: soubemos esta semana que o governo do Brasil escolheu pela menor cobertura poss\u00edvel na alian\u00e7a mundial de vacinas, a Covax. Esta iniciativa foi lan\u00e7ada como uma forma de garantir que os pa\u00edses em desenvolvimento pudessem ter acesso \u00e0s vacinas e que elas n\u00e3o ficassem apenas nas m\u00e3os dos pa\u00edses ricos. Esta alian\u00e7a ofereceu a possibilidade para que governos fizessem uma solicita\u00e7\u00e3o de vacinas que poderia atender de 10% a 50% da popula\u00e7\u00e3o dos pa\u00edses. Pois o Brasil optou por solicitar a menor taxa de cobertura permitida, para apenas 10% dos brasileiros.<\/p>\n<p>Ainda na \u00e1rea da sa\u00fade, tamb\u00e9m soubemos que o governo do Brasil planeja a extin\u00e7\u00e3o dos programas que atendem a popula\u00e7\u00e3o com transtornos mentais pelo Sistema \u00danico de Sa\u00fade (SUS). Cerca de 100 portarias, editadas por governos, entre 1991 e 2014, devem ser revogadas e o SUS vai sendo desmontado aos poucos. O plano \u00e9 t\u00e3o s\u00f3rdido que pode acontecer no per\u00edodo em que o Supremo Tribunal Federal (STF) entrar\u00e1 em recesso, o que dificultaria a\u00e7\u00f5es contr\u00e1rias ao desmonte.<\/p>\n<p>O governo do Brasil tamb\u00e9m suspendeu os exames de genotipagem pelo SUS em pessoas com HIV, com Aids e hepatites virais. O exame \u00e9 essencial para definir o tratamento adequado para pacientes que desenvolvem resist\u00eancia a medicamentos. O Minist\u00e9rio da Sa\u00fade informou que oferecer\u00e1 o exame apenas para crian\u00e7as e gestantes com HIV ou Aids. Em fevereiro, o Presidente da Rep\u00fablica havia dito: \u201cUma pessoa com HIV, al\u00e9m de ter um problema s\u00e9rio para ela, \u00e9 uma despesa para todos aqui no Brasil\u201d. De fato, ele cumpre o que diz.<\/p>\n<p>Tamb\u00e9m somos informados de que no \u00faltimo ano e meio cresceu em demasia o n\u00famero de crimes no campo, com foco maior na regi\u00e3o da Amaz\u00f4nia, provocados, especialmente, por garimpeiros e por agropecuaristas. S\u00e3o milhares de casos de pistolagem e invas\u00e3o de terras, com fam\u00edlias e tribos ind\u00edgenas sendo for\u00e7adas a deixar seus locais de moradia e trabalho para se manterem vivas. Somente em 2019 foram 32 assassinatos, sendo nove de ind\u00edgenas.<\/p>\n<p>A terra, por sinal, e toda vida em torno dela, tem sofrido horrivelmente no Brasil atual. O Pantanal continua queimando, a Amaz\u00f4nia tem desmatamento recorde, n\u00e3o h\u00e1 recupera\u00e7\u00e3o para a destrui\u00e7\u00e3o causada pelos crimes ambientais de Mariana e Brumadinho. O Minist\u00e9rio do Meio Ambiente planeja privatizar parques nacionais e liberar pesca e explora\u00e7\u00e3o de \u00e1reas preservadas.<\/p>\n<p>Vida que se perde, vida que \u00e9 colocada em risco. Direito \u00e0 vida que \u00e9 negado, especialmente daquelas pessoas que s\u00e3o pobres. No Brasil, historicamente, pobres s\u00e3o desconsiderados e descart\u00e1veis. N\u00e3o importa a idade, o sexo, a cor, a etnia, a escolaridade, se \u00e9 \u201cgente de bem\u201d; se \u00e9 pobre, n\u00e3o conta. Considerando a atual pol\u00edtica econ\u00f4mica, n\u00e3o precisa ter presente nem futuro. Por isso, as pessoas de fam\u00edlias pobres podem ser facilmente mortas na porta ou mesmo dentro de suas casas, em escolas, em supermercados, em delegacias e pris\u00f5es, em enfermarias lotadas.<\/p>\n<p>Enquanto isto lemos publica\u00e7\u00e3o da ministra da Mulher, Fam\u00edlia e Direitos Humanos no Twitter: \u201cPara quem ainda finge surpresa, vou reiterar o que j\u00e1 disse \u00e0 imprensa, ao Brasil e at\u00e9 na ONU: este \u00e9 um governo conservador, pr\u00f3-vida, pr\u00f3-fam\u00edlia e que n\u00e3o mede esfor\u00e7os para combater a viol\u00eancia. Sim, nomeamos pessoas pr\u00f3-vida para o governo. E assim continuar\u00e1 sendo\u201d.<\/p>\n<p>\u201cPr\u00f3-vida\u201d de quem? vida para quem? Pelos discursos e a\u00e7\u00f5es do atual governo, dos que lucram com ele e de seus apoiadores, n\u00e3o \u00e9 pela vida das crian\u00e7as assassinadas pelas balas de fuzis da pol\u00edcia ou dos policiais colocados em uma guerra, nem das pessoas negras espancadas ou humilhadas por seguran\u00e7as, nem de contaminados por covid ou das portadoras de doen\u00e7as mentais e do HIV-Aids, nem ainda dos trabalhadores rurais e dos povos ind\u00edgenas, muito menos das florestas, dos rios, dos mares e dos animais.<\/p>\n<p>O direito \u00e0 vida \u00e9 elemento fundamental para qualquer ser humano, sem distin\u00e7\u00e3o, sem diferencia\u00e7\u00e3o, segundo a Declara\u00e7\u00e3o Universal dos Direitos Humanos (DUDH), celebrada neste 10 de dezembro, em seus 72 anos.<\/p>\n<p>Os 30 artigos da declara\u00e7\u00e3o representam um grande passo da humanidade ao afirmarem que todos os seres humanos t\u00eam os mesmos direitos, independentemente de cor, sexo, credo, nacionalidade ou qualquer outra distin\u00e7\u00e3o. Por isso, a declara\u00e7\u00e3o \u00e9 \u201cuniversal\u201d, ou seja, diz respeito a quem habita qualquer pa\u00eds, sob qualquer tipo de governo, de qualquer condi\u00e7\u00e3o social, g\u00eanero, idade, religi\u00e3o ou cor da pele.<\/p>\n<p>Nesse sentido, por exemplo, quando o artigo 3\u00ba estabelece que todos t\u00eam direito \u00e0 vida, \u00e0 liberdade e \u00e0 seguran\u00e7a pessoal, isto diz respeito tanto a quem vive em mans\u00f5es ou condom\u00ednios, e deseja circular livremente pelas cidades, como tamb\u00e9m \u00e0s popula\u00e7\u00f5es das periferias que almejam, de igual modo, viver em paz e ter acesso livre a todos os lugares.<\/p>\n<p>A declara\u00e7\u00e3o tenha servido de inspira\u00e7\u00e3o para Constitui\u00e7\u00f5es Nacionais, par\u00e2metro para a\u00e7\u00f5es da comunidade internacional frente a conflitos localizados e gerou associa\u00e7\u00f5es de defesa de direitos espalhadas pelo mundo. No entanto, vis\u00f5es e posturas extremistas mundo afora, alimentadas por lideran\u00e7as pol\u00edticas, t\u00eam reduzido a declara\u00e7\u00e3o a algo ideol\u00f3gico, como se fosse apenas bandeira das esquerdas pol\u00edticas.<\/p>\n<p>Tudo isto reflete o ressentimento de segmentos conservadores, exclusivistas, machistas, racistas, exploradores da popula\u00e7\u00e3o tornada pobre, de quem quer manter privil\u00e9gios e sustentar a desigualdade entre os humanos. Neste \u201cquem\u201d est\u00e3o empres\u00e1rios, ruralistas, banqueiros, donos e profissionais de m\u00eddias, que d\u00e3o suporte a este discurso. Ele acaba acolhido por muitas pessoas que simplesmente ignoram os artigos da declara\u00e7\u00e3o.<\/p>\n<p>O desconhecimento do documento e sua aplica\u00e7\u00e3o na Constitui\u00e7\u00e3o Brasileira, por exemplo, reflete-se na incompreens\u00e3o de que direitos humanos v\u00e3o desde a seguran\u00e7a alimentar, ao direito ao voto, \u00e0s condi\u00e7\u00f5es justas de trabalho, ao direito \u00e0 propriedade, \u00e0 participa\u00e7\u00e3o na vida cultural e no progresso cient\u00edfico de uma sociedade, e aos deveres que cada humano tem com sua comunidade. Esta lista \u00e9 apenas para citar alguns artigos ignorados por quem nunca leu a Declara\u00e7\u00e3o Universal dos Direitos Humanos e a critica somente de ouvir falar.<\/p>\n<p>Vale recordar que as igrejas crist\u00e3s contribu\u00edram significativamente com a aprova\u00e7\u00e3o da declara\u00e7\u00e3o por meio do movimento ecum\u00eanico, que atua pela unidade das igrejas em di\u00e1logo e coopera\u00e7\u00e3o com as demais religi\u00f5es na busca da paz com justi\u00e7a.<\/p>\n<p>Muitas destas igrejas em di\u00e1logo e coopera\u00e7\u00e3o permanecem comprometidas e ativas na defesa da aplica\u00e7\u00e3o dos princ\u00edpios da declara\u00e7\u00e3o. Isto \u00e9 resultado da compreens\u00e3o de f\u00e9 de que direitos e garantias de dignidade para os seres humanos correspondem \u00e0 vontade do Deus Criador, que \u201cama o mundo e os que nele habitam\u201d, de \u201cque todos tenham vida e a tenham em abund\u00e2ncia\u201d (Evangelho de Jo\u00e3o).<\/p>\n<p>Nestes tempos t\u00e3o duros, vale renovar a esperan\u00e7a de que a ignor\u00e2ncia plantada pela maldade dos agenciadores dos privil\u00e9gios desumanos, lamentavelmente apoiada pelas lideran\u00e7as religiosas, pode ser superada pr\u00f3-vida, vida de verdade, vida plena.<\/p>\n<blockquote><p><a target=\"_blank\" href=\"https:\/\/www.cartacapital.com.br\/blogs\/dialogos-da-fe\/o-que-e-ser-de-fato-pro-vida\/\" >O que \u00e9 ser, de fato, pr\u00f3-vida?<\/a><\/p><\/blockquote>\n<p>_________________________________________________<\/p>\n<p style=\"padding-left: 40px;\"><em><a href=\"https:\/\/www.transcend.org\/tms\/wp-content\/uploads\/2017\/08\/leonardo-boff-e1504357428786.jpg\" ><img loading=\"lazy\" decoding=\"async\" class=\"alignleft size-full wp-image-96488\" src=\"https:\/\/www.transcend.org\/tms\/wp-content\/uploads\/2017\/08\/leonardo-boff-e1504357428786.jpg\" alt=\"\" width=\"100\" height=\"118\" \/><\/a><\/em><em>Leonardo Boff \u00e9 um escritor, te\u00f3logo e fil\u00f3sofo brasileiro, professor em\u00e9rito de \u00e9tica e filosofia da religi\u00e3o da Universidade do Estado do Rio de Janeiro, recebedor do <\/em><strong><em>Pr\u00eamio Nobel Alternativo da Paz<\/em><\/strong><em> do Parlamento sueco [<\/em><strong><em>Right Livelihood Award<\/em><\/strong><em>]em 2001, membro da Iniciativa Internacional da Carta da Terra, e professor visitante em v\u00e1rias universidades estrangeiras como Basel, Heidelberg, Harvard, Lisboa e Salamanca. Expoente da <\/em><em><a target=\"_blank\" href=\"http:\/\/pt.wikipedia.org\/wiki\/Teologia_da_Liberta%C3%A7%C3%A3o\" >Teologia da Liberta\u00e7\u00e3o<\/a><\/em><em> no Brasil, foi membro da Ordem dos Frades Menores, mais conhecidos como Franciscanos. \u00c9 respeitado pela sua hist\u00f3ria de defesa pelas causas sociais e atualmente debate tamb\u00e9m quest\u00f5es ambientais. Colunista do <\/em>Jornal do Brasil<em>, escreveu os livros<\/em> Francisco de Assis: Ternura e Vigor, <em>Vozes 2000; <\/em>\u00a0A Terra na palma da m\u00e3o: uma nova vis\u00e3o do planeta e da humanidade<em>,Vozes 2016;\u00a0 <\/em>Cuidar da Terra \u2013 proteger a vida: como escapar do fim do mundo<em>, Record 2010; <\/em>\u00a0<em>A <\/em>hospitalidade: Direito e dever de todos, <em>Vozes 2005<\/em>; Paix\u00e3o de Cristo, Paix\u00e3o do Mundo<em>, Vozes 2001<\/em>; Brasil: Concluir a refunda\u00e7\u00e3o ou prolongar a depend\u00eancia, <em>Vozes 2018; <\/em><em>\u201cDestino e Desatino da Globaliza\u00e7\u00e3o\u201d em<\/em><em>: Do iceberg \u00e0 Arca de No\u00e9,<\/em><em> Mar de Ideias, Rio 2010 pp. 41-63.<\/em><\/p>\n<p><a target=\"_blank\" href=\"https:\/\/leonardoboff.org\/2020\/12\/10\/o-que-e-ser-de-fato-pro-vida\/\" >Go to Original \u2013 leonardoboff.org<\/a><\/p>\n","protected":false},"excerpt":{"rendered":"<p>10 dez 2020 &#8211; Magali Cunha \u00e9 jornalista e professora universit\u00e1ria e escreve com paix\u00e3o e com-paix\u00e3o pelas v\u00edtimas das continuadas viol\u00eancia aos direitos humanos, especialmente, de inocentes crian\u00e7as das periferias de nossas cidades. Neste dia 10 celebramos 72 da proclama\u00e7\u00e3o solene da Declara\u00e7\u00e3o dos Direitos Humanos da ONU<\/p>\n","protected":false},"author":4,"featured_media":96488,"comment_status":"open","ping_status":"open","sticky":false,"template":"","format":"standard","meta":{"footnotes":""},"categories":[46],"tags":[],"class_list":["post-175035","post","type-post","status-publish","format-standard","has-post-thumbnail","hentry","category-original-languages"],"_links":{"self":[{"href":"https:\/\/www.transcend.org\/tms\/wp-json\/wp\/v2\/posts\/175035","targetHints":{"allow":["GET"]}}],"collection":[{"href":"https:\/\/www.transcend.org\/tms\/wp-json\/wp\/v2\/posts"}],"about":[{"href":"https:\/\/www.transcend.org\/tms\/wp-json\/wp\/v2\/types\/post"}],"author":[{"embeddable":true,"href":"https:\/\/www.transcend.org\/tms\/wp-json\/wp\/v2\/users\/4"}],"replies":[{"embeddable":true,"href":"https:\/\/www.transcend.org\/tms\/wp-json\/wp\/v2\/comments?post=175035"}],"version-history":[{"count":0,"href":"https:\/\/www.transcend.org\/tms\/wp-json\/wp\/v2\/posts\/175035\/revisions"}],"wp:featuredmedia":[{"embeddable":true,"href":"https:\/\/www.transcend.org\/tms\/wp-json\/wp\/v2\/media\/96488"}],"wp:attachment":[{"href":"https:\/\/www.transcend.org\/tms\/wp-json\/wp\/v2\/media?parent=175035"}],"wp:term":[{"taxonomy":"category","embeddable":true,"href":"https:\/\/www.transcend.org\/tms\/wp-json\/wp\/v2\/categories?post=175035"},{"taxonomy":"post_tag","embeddable":true,"href":"https:\/\/www.transcend.org\/tms\/wp-json\/wp\/v2\/tags?post=175035"}],"curies":[{"name":"wp","href":"https:\/\/api.w.org\/{rel}","templated":true}]}}