{"id":186502,"date":"2021-06-07T12:00:42","date_gmt":"2021-06-07T11:00:42","guid":{"rendered":"https:\/\/www.transcend.org\/tms\/?p=186502"},"modified":"2021-06-06T03:44:02","modified_gmt":"2021-06-06T02:44:02","slug":"italiano-siamo-testimoni-non-perche-ceravamo-ma-perche-continuiamo-a-esserci","status":"publish","type":"post","link":"https:\/\/www.transcend.org\/tms\/2021\/06\/italiano-siamo-testimoni-non-perche-ceravamo-ma-perche-continuiamo-a-esserci\/","title":{"rendered":"(Italiano) \u201cSiamo testimoni non perch\u00e9 c\u2019eravamo ma perch\u00e9 continuiamo a esserci\u201d"},"content":{"rendered":"<blockquote><p>5 Giu 2021<em> &#8211; <\/em><em>Italy, Lombardia, 28 maggio 2021 &#8211; 47.mo anniversario della Strage di Piazza della Loggia<\/em><\/p><\/blockquote>\n<p><strong>Il 28 maggio a Brescia <\/strong>\u00e8 sempre una data attorno alla quale la citt\u00e0 si ritrova e sa raccogliersi.<\/p>\n<p><strong>\u00c8 ormai una data che appartiene a tutti.<\/strong> Appartiene davvero in senso proprio ampio.<\/p>\n<p>Il TEMA fondamentale per le varie associazioni e ma anche per i singoli cittadini, \u00e8 proprio quello di ritrovarsi.<\/p>\n<p>Un\u2019occasione per ritrovarci per sentire, rivivere quei giorni e vedere in che termini e in che modo ci parlano ancora nel nostro presente.<\/p>\n<p class=\"has-vivid-red-color has-text-color\">Il tema del manifesto <strong><em>Siamo testimoni non perch\u00e9 c\u2019eravamo ma perch\u00e9 continuiamo ad esserci<\/em><\/strong><\/p>\n<p>\u00e8 stato suggerito da un cittadino.<\/p>\n<p>Questo testimonia come questa volont\u00e0 di esserci diventi trasversale dal punto di vista generazionale.<\/p>\n<p>E non soltanto quindi \u2018chi c\u2019era\u2019. Questo \u2018continuiamo ad esserci\u2019 vuol dire continuiamo non soltanto a ricordare quel fatto ma anche farlo vivere nelle sue finalit\u00e0, nei suoi valori, nelle ragioni per cui eravamo in piazza.<\/p>\n<p>Credo che questo sia stato il valore di questo 28 maggio.<\/p>\n<p class=\"has-luminous-vivid-orange-color has-text-color\">Cos\u00ec <strong>Manlio Milani, Presidente della Casa della Memoria di Brescia.<\/strong><\/p>\n<div class=\"wp-block-image\">\n<figure class=\"aligncenter size-large\"><a target=\"_blank\" href=\"https:\/\/silviaberruto.files.wordpress.com\/2021\/06\/manif.jpg\" ><img decoding=\"async\" class=\"wp-image-8273 aligncenter\" src=\"https:\/\/silviaberruto.files.wordpress.com\/2021\/06\/manif.jpg?w=348\" sizes=\"(max-width: 348px) 100vw, 348px\" srcset=\"https:\/\/silviaberruto.files.wordpress.com\/2021\/06\/manif.jpg 348w, https:\/\/silviaberruto.files.wordpress.com\/2021\/06\/manif.jpg?w=74 74w, https:\/\/silviaberruto.files.wordpress.com\/2021\/06\/manif.jpg?w=148 148w\" alt=\"\" data-attachment-id=\"8273\" data-permalink=\"https:\/\/silviaberruto.wordpress.com\/2021\/06\/05\/siamo-testimoni-non-perche-ceravamo-ma-perche-continuiamo-a-esserci\/manif\/\" data-orig-file=\"https:\/\/silviaberruto.files.wordpress.com\/2021\/06\/manif.jpg\" data-orig-size=\"348,704\" data-comments-opened=\"1\" data-image-meta=\"{&quot;aperture&quot;:&quot;0&quot;,&quot;credit&quot;:&quot;&quot;,&quot;camera&quot;:&quot;&quot;,&quot;caption&quot;:&quot;&quot;,&quot;created_timestamp&quot;:&quot;0&quot;,&quot;copyright&quot;:&quot;&quot;,&quot;focal_length&quot;:&quot;0&quot;,&quot;iso&quot;:&quot;0&quot;,&quot;shutter_speed&quot;:&quot;0&quot;,&quot;title&quot;:&quot;&quot;,&quot;orientation&quot;:&quot;1&quot;}\" data-image-title=\"MANIF\" data-image-description=\"\" data-medium-file=\"https:\/\/silviaberruto.files.wordpress.com\/2021\/06\/manif.jpg?w=148\" data-large-file=\"https:\/\/silviaberruto.files.wordpress.com\/2021\/06\/manif.jpg?w=348\" \/><\/a><\/figure>\n<\/div>\n<p>\u00abLa presenza della Ministra della Giustizia Marta Cartabia ha rappresentato un momento importante e, al contempo, un messaggio.(Presenza online, ndr).<\/p>\n<p>\u00abUn messaggio importante, il fatto di esserci\u00bb a dire \u00abche <strong>LA RICERCA DELLA VERITA\u2019<\/strong> non si \u00e8 chiusa con la sentenza o la prima condanna ma che \u00e8 un percorso ancora da esplorare, da portare avanti.<\/p>\n<p>Peraltro pensiamo che, entro la fine dell\u2019anno, ci debba essere la chiusura di due nuove istruttorie che sono aperte a Brescia.<\/p>\n<p><strong>La ricerca della verit\u00e0 su questa strage lo sappiamo riguarda anche altre stragi\u00bb.<\/strong><\/p>\n<p><strong>La piazza c\u2019\u00e8 stata tutto il giorno.<\/strong><\/p>\n<p>\u00abLa commemorazione \u00e8 iniziata, come \u00e8 tradizione, la mattina con l\u2019omaggio cattolico \u2013 la Messa \u2013 al cimitero Vantiniano.<\/p>\n<p>Poi \u00e8 cominciata la sfilata delle delegazioni che entrano in piazza per l\u2019omaggio floreale alla stele.<\/p>\n<p>Anche questa \u00e8 ormai una splendida tradizione: <strong>il portare i fiori.\u00a0<\/strong><\/p>\n<p><strong>Questa piet\u00e0 laica, iniziata sin da subito 47 anni fa, si \u00e8 ripetuta ancora.<\/strong><\/p>\n<p><strong>Alle ore 10,12<\/strong> (ora dello scoppio della bomba il 28 maggio 1974,ndr) otto rintocchi della campana dei Macc de le \u00f9re sulla Torre dell\u2019Orologio, in ricordo delle vittime di Piazza della Loggia:<\/p>\n<p class=\"has-text-align-center has-luminous-vivid-orange-color has-text-color\" style=\"text-align: center;\"><strong>Giulietta Banzi Bazoli\u00a0<\/strong><\/p>\n<p class=\"has-text-align-center has-luminous-vivid-orange-color has-text-color\" style=\"text-align: center;\"><strong>Livia Bottardi Milani\u00a0<\/strong><\/p>\n<p class=\"has-text-align-center has-luminous-vivid-orange-color has-text-color\" style=\"text-align: center;\"><strong>Euplo Natali<\/strong><\/p>\n<p class=\"has-text-align-center has-luminous-vivid-orange-color has-text-color\" style=\"text-align: center;\"><strong>\u00a0Luigi Pinto<\/strong><\/p>\n<p class=\"has-text-align-center has-luminous-vivid-orange-color has-text-color\" style=\"text-align: center;\"><strong>Bartolomeo Talenti\u00a0<\/strong><\/p>\n<p class=\"has-text-align-center has-luminous-vivid-orange-color has-text-color\" style=\"text-align: center;\"><strong>Alberto Trebeschi<\/strong><\/p>\n<p class=\"has-text-align-center has-luminous-vivid-orange-color has-text-color\" style=\"text-align: center;\"><strong>Clementina Calzari Trebeschi<\/strong><\/p>\n<p class=\"has-text-align-center has-luminous-vivid-orange-color has-text-color\" style=\"text-align: center;\"><strong>Vittorio Zambard<\/strong>a<\/p>\n<p>\u00abIn mattinata \u00e8 stato inaugurato un altro tratto del percorso del <strong>Memoriale delle vittime del terrorismo.<\/strong><\/p>\n<p>\u00abQuel percorso che, partendo da Piazza della Loggia, vengono collocate in terra sui marciapiede dove la gente cammina: una sorta di pietre di inciampo insomma.<\/p>\n<p>Delle singole formelle in serizzo. Su ciascuna di esse viene collocato il nome di una vittima del terrorismo, la data e il luogo dove la vittima \u00e8 stata uccisa e la professione esercitata.<\/p>\n<p>Per dimostrare come il terrorismo in Italia non abbia risparmiato nessun tipo di professione: dalla casalinga, al magistrato, allo studente, al cuoco.<\/p>\n<p>Tutta la societ\u00e0 coinvolta, investita \u2013 diciamo cos\u00ec \u2013 dal terrorismo.<\/p>\n<p>Queste formelle, alla fine, saranno oltre 430.<\/p>\n<p>Partendo da Piazza della Loggia incrociano nel percorso di avvicinamento al punto finale che sar\u00e0 il Castello,<\/p>\n<p>intanto incontrano la storia bresciana: Tito Speri e quindi il Risorgimento che per Brescia vuol dire le famose X giornate (23 marzo-1 aprile 1849, ndr) di resistenza contro gli Austriaci.<\/p>\n<p>Per concludersi in Castello dove furono torturati, imprigionati e uccisi i Partigiani nel corsi della lotta resistenziale.<\/p>\n<p>Il punto di partenza \u2013 Piazza della Loggia \u2013 intesa come luogo di difesa della democrazia conquistata con la lotta antifascista\u00bb.<\/p>\n<p>Chiedo a Milani: <strong>Qual \u00e8 Il valore politico di Piazza della Loggia?<\/strong><\/p>\n<p><strong>Milani.<\/strong> Credo che stia soprattutto in una dimensione unitaria della vicenda e da come la citt\u00e0 ha colto e ha curato, diciamo cos\u00ec, questa ferita.<\/p>\n<p>Ci sono dei valori e dei momenti che riguardano tutti, che sono trasversali a tutti e che, proprio per questo, devono vedere le priorit\u00e0 perch\u00e9 costituiscono i punti di riferimento del convivere civilmente.<\/p>\n<p>Credo che quest\u2019anno abbia davvero recuperato, o meglio esaltato nuovamente, questo momento.<\/p>\n<p>Di fronte a fatti di estrema gravit\u00e0 la risposta non pu\u00f2 che essere <strong>l\u2019unit\u00e0 della citt\u00e0 in questo caso <\/strong>ma potrebbe essere anche l\u2019unit\u00e0 del paese che affronti la grave situazione del momento per poi ovviamente ripristinare tutta la dialettica politica e il conflitto politico nel pieno rispetto della Carta Costituzionale.<\/p>\n<p class=\"has-luminous-vivid-orange-color has-text-color\"><strong>Questa credo sia la lezione politica che viene da Brescia.<\/strong><\/p>\n<p><strong>SB_ La dimensione unitaria da subito!<\/strong><\/p>\n<p><strong>MM<\/strong>_ Fu la caratteristica della risposta.<\/p>\n<p>Certo.<\/p>\n<p>Non solo.<\/p>\n<p>Ma la caratteristica della risposta bresciana fu che la difesa, in quel momento, delle istituzioni \u2013 pensiamo alla gestione della Piazza, pensiamo al giorno del funerali- la risposta fu appunto quella di dire \u2018se l\u2019obiettivo \u00e8 colpire le istituzioni camere ad ogni cittadino difenderle.<\/p>\n<p>Il servizio d\u2019ordine, e l\u2019autogestione della Piazza in quelle giornate, fu composto <strong>SOLO ED ESCLUSIVAMENTE DA CITTADINI.<\/strong><\/p>\n<p>Le forze dell\u2019ordine vennero estromesse, allontanate.<\/p>\n<p>Certo c\u2019era anche un atteggiamento di sfiducia in quel momento perch\u00e9 non posiamo dimenticare che Piazza Loggia avviene dopo Piazza Fontana, la Questura di Milano, Peteano.<\/p>\n<p>Ma il punto centrale dell\u2019autogestione della Piazza fu appunto quello di dire: \u00ab<strong>NOI SIAMO LE ISTITUZIONI\u00bb.<\/strong><\/p>\n<p><a href=\"https:\/\/www.gnewsonline.it\/strage-di-brescia-cartabia-la-costituzione-ha-prevalso-su-tutto\/\"  target=\"_blank\" rel=\"noreferrer noopener\">Intervento Ministra della Giustizia Marta Cartabia<\/a><\/p>\n<p><a target=\"_blank\" href=\"https:\/\/ne-np.facebook.com\/manifestocostituentebrescia\/videos\/diretta-da-piazza-della-loggia-28-maggio-2021\/158342596305985\/\" >Manifesto Costituente_Brescia_ 28 maggio 2021<\/a><\/p>\n<p>L\u2019Osservatorio democratico sulle nuove destre-Azione antifascista Brescia ha invitato Saverio Ferrari in Piazza Loggia a Brescia-28 maggio 2021<\/p>\n<p><a target=\"_blank\" href=\"https:\/\/silviaberruto.wordpress.com\/2021\/05\/30\/losservatorio-democratico-sulle-nuove-destre-azione-antifascista-brescia-ha-invitato-saverio-ferrari-in-piazza-loggia-a-brescia-28-maggio-2021\/\" >l\u2019osservatorio democratico sulle nuove destre-azione antifascista brescia ha invitato saverio ferrari in piazza loggia a brescia \u2013 28 maggio\u00a02021<\/a><\/p>\n<p>e<\/p>\n<p><a href=\"https:\/\/www.transcend.org\/tms\/2021\/05\/italiano-losservatorio-democratico-sulle-nuove-destre\/\" >(Italiano) L\u2019Osservatorio democratico sulle nuove destre<\/a><\/p>\n<p>Silvia Berruto \u2013 TRANSCEND Media Service<\/p>\n<p>(Estratto dall\u2019articolo originale)<\/p>\n<p><em>________________________________________________<\/em><\/p>\n<p style=\"padding-left: 40px;\"><em><a href=\"https:\/\/www.transcend.org\/tms\/wp-content\/uploads\/2017\/04\/silvia-berruto.jpeg\" ><img loading=\"lazy\" decoding=\"async\" class=\"alignleft size-full wp-image-91570\" src=\"https:\/\/www.transcend.org\/tms\/wp-content\/uploads\/2017\/04\/silvia-berruto.jpeg\" alt=\"\" width=\"64\" height=\"64\" \/><\/a><\/em><em>Silvia Berruto \u00e8 membro della <\/em><em>rete <\/em><em><a href=\"https:\/\/www.transcend.org\/\" >TRANSCEND per la Pace, Sviluppo e Ambiente<\/a><\/em><em>, <\/em><em>giornalista contro il razzismo, antifascista, amica e persuasa della nonviolenza.<\/em><\/p>\n<p><em>\u00ae Riproduzione riservata<\/em><\/p>\n<p><a target=\"_blank\" href=\"https:\/\/silviaberruto.wordpress.com\/2021\/06\/05\/siamo-testimoni-non-perche-ceravamo-ma-perche-continuiamo-a-esserci\/\" >Go to Original \u2013 silviaberruto.wordpress.com<\/a><\/p>\n","protected":false},"excerpt":{"rendered":"<p>5 Giu 2021 &#8211; Italy, Lombardia, 28 maggio 2021 &#8211; 47.mo anniversario della Strage di Piazza della Loggia &#8211;  Il 28 maggio a Brescia \u00e8 sempre una data attorno alla quale la citt\u00e0 si ritrova e sa raccogliersi. \u00c8 ormai una data che appartiene a tutti. Appartiene davvero in senso proprio ampio.<\/p>\n","protected":false},"author":4,"featured_media":91570,"comment_status":"open","ping_status":"closed","sticky":false,"template":"","format":"standard","meta":{"footnotes":""},"categories":[46],"tags":[1076,2010],"class_list":["post-186502","post","type-post","status-publish","format-standard","has-post-thumbnail","hentry","category-original-languages","tag-italia","tag-italy"],"_links":{"self":[{"href":"https:\/\/www.transcend.org\/tms\/wp-json\/wp\/v2\/posts\/186502","targetHints":{"allow":["GET"]}}],"collection":[{"href":"https:\/\/www.transcend.org\/tms\/wp-json\/wp\/v2\/posts"}],"about":[{"href":"https:\/\/www.transcend.org\/tms\/wp-json\/wp\/v2\/types\/post"}],"author":[{"embeddable":true,"href":"https:\/\/www.transcend.org\/tms\/wp-json\/wp\/v2\/users\/4"}],"replies":[{"embeddable":true,"href":"https:\/\/www.transcend.org\/tms\/wp-json\/wp\/v2\/comments?post=186502"}],"version-history":[{"count":0,"href":"https:\/\/www.transcend.org\/tms\/wp-json\/wp\/v2\/posts\/186502\/revisions"}],"wp:featuredmedia":[{"embeddable":true,"href":"https:\/\/www.transcend.org\/tms\/wp-json\/wp\/v2\/media\/91570"}],"wp:attachment":[{"href":"https:\/\/www.transcend.org\/tms\/wp-json\/wp\/v2\/media?parent=186502"}],"wp:term":[{"taxonomy":"category","embeddable":true,"href":"https:\/\/www.transcend.org\/tms\/wp-json\/wp\/v2\/categories?post=186502"},{"taxonomy":"post_tag","embeddable":true,"href":"https:\/\/www.transcend.org\/tms\/wp-json\/wp\/v2\/tags?post=186502"}],"curies":[{"name":"wp","href":"https:\/\/api.w.org\/{rel}","templated":true}]}}