{"id":187850,"date":"2021-06-28T12:00:05","date_gmt":"2021-06-28T11:00:05","guid":{"rendered":"https:\/\/www.transcend.org\/tms\/?p=187850"},"modified":"2024-07-01T08:20:16","modified_gmt":"2024-07-01T07:20:16","slug":"italiano-25-giugno-1946-25-giugno-2021-75-anni-e-viva-la-costituzione","status":"publish","type":"post","link":"https:\/\/www.transcend.org\/tms\/2021\/06\/italiano-25-giugno-1946-25-giugno-2021-75-anni-e-viva-la-costituzione\/","title":{"rendered":"(Italiano) 25 giugno 1946 \u2013 25 giugno 2021. 75 anni. E\u2019 viva la Costituzione"},"content":{"rendered":"<p>Italy, Lombardia, <strong>Brescia 25 giugno 2021<\/strong>, Piazza Vittoria<\/p>\n<p><strong>Estratto dall\u2019articolo originale<\/strong><\/p>\n<p>Nel 75mo anniversario della prima seduta dell\u2019Assemblea Costituente, si \u00e8 svolta a Brescia, venerd\u00ec 25 giugno 2021, la manifestazione denominata <strong>E\u2019 viva la Costituzione<\/strong>. A coronamento di un percorso realizzato da <strong>Manifesto Costituente \u2013 <\/strong>gruppo informale di circa 50 associazioni del territorio bresciano \u2013 ri-unitesi attorno alla Costituzione della Repubblica Italiana. Nel segno dell\u2019antifascismo, per ribadirne l\u2019attualit\u00e0, sollecitarne l\u2019attuazione completa e, il 25 giugno, per celebrarne il portato culturale, politico e sociale.<\/p>\n<p>Infatti c\u2019\u00e8 distanza fra quanto proposto dal dettato costituzionale e la realt\u00e0 in termini di diritti, lavoro, libert\u00e0 e cittadinanza, come si legge sulla locandina di invito alla manifestazione a cura di Manifesto Costituente.<\/p>\n<div class=\"wp-block-image\">\n<figure class=\"aligncenter size-large\"><a target=\"_blank\" href=\"https:\/\/silviaberruto.files.wordpress.com\/2021\/06\/1_la-costituzione-e-viva.jpg\" ><img decoding=\"async\" class=\"wp-image-8290 aligncenter\" src=\"https:\/\/silviaberruto.files.wordpress.com\/2021\/06\/1_la-costituzione-e-viva.jpg?w=298\" sizes=\"(max-width: 298px) 100vw, 298px\" srcset=\"https:\/\/silviaberruto.files.wordpress.com\/2021\/06\/1_la-costituzione-e-viva.jpg 298w, https:\/\/silviaberruto.files.wordpress.com\/2021\/06\/1_la-costituzione-e-viva.jpg?w=82 82w\" alt=\"\" data-attachment-id=\"8290\" data-permalink=\"https:\/\/silviaberruto.wordpress.com\/2021\/06\/27\/25-giugno-1946-25-giugno-2021-75-anni-e-viva-la-costituzione\/1_la-costituzione-e-viva\/\" data-orig-file=\"https:\/\/silviaberruto.files.wordpress.com\/2021\/06\/1_la-costituzione-e-viva.jpg\" data-orig-size=\"298,548\" data-comments-opened=\"1\" data-image-meta=\"{&quot;aperture&quot;:&quot;0&quot;,&quot;credit&quot;:&quot;&quot;,&quot;camera&quot;:&quot;&quot;,&quot;caption&quot;:&quot;&quot;,&quot;created_timestamp&quot;:&quot;0&quot;,&quot;copyright&quot;:&quot;&quot;,&quot;focal_length&quot;:&quot;0&quot;,&quot;iso&quot;:&quot;0&quot;,&quot;shutter_speed&quot;:&quot;0&quot;,&quot;title&quot;:&quot;&quot;,&quot;orientation&quot;:&quot;1&quot;}\" data-image-title=\"1_la Costituzione e\u2019 viva\" data-image-description=\"\" data-medium-file=\"https:\/\/silviaberruto.files.wordpress.com\/2021\/06\/1_la-costituzione-e-viva.jpg?w=163\" data-large-file=\"https:\/\/silviaberruto.files.wordpress.com\/2021\/06\/1_la-costituzione-e-viva.jpg?w=298\" \/><\/a><\/figure>\n<\/div>\n<p>L\u2019idea di Manifesto Costituente \u00e8 di <strong>Laura Forcella, <\/strong>attiva nella <strong>Commissione Scuola ANPI Dolores Abbiati di Brescia<\/strong>, supportata inizialmente dal suo Presidente il <strong>Professore Romano Colombin<\/strong>i e da tutta la Commissione Scuola.<\/p>\n<p>Forcella ha lanciato con grande energia, professionalit\u00e0 e capacit\u00e0 di promuovere aggregazione, un lavoro di rete durato 8 mesi culminato nella mani<strong>festa<\/strong>zione del 25 giugno.<\/p>\n<p>\u00ab L\u2019idea \u00e8 nata in Commissione Scuola nel momento pi\u00f9 nero della pandemia, quando si pensava, da una parte, che tutto dovesse cambiare e, dall\u2019altra, si temeva che, in realt\u00e0, questa necessit\u00e0 di cambiamento non fosse colta e che si potesse pericolosamente continuare come prima \u2026 quello che sta succedendo \u2026<\/p>\n<p>L\u2019idea \u00e8 stata di ricominciare a parlare di politica, proprio <strong>dal basso<\/strong>, per ritrovare il gusto del confronto, per immaginare un futuro che forse non \u00e8 cos\u00ec lontano da quello che i padri e le madri costituenti avevano scritto nella Costituzione.<\/p>\n<p>L\u2019idea \u00e8 che nella Costituzione \u00e8 gi\u00e0 scritto un modello di Italia che, purtroppo, non c\u2019\u00e8 ancora.<\/p>\n<p>E quindi possiamo pensare di trasformarci, a partire da questo testo che non \u00e8 per nulla un testo del passato ma \u00e8 un testo che ci indica il futuro\u00bb.<\/p>\n<p>Laura ricordala facilit\u00e0 dell\u2019operazione: ovvero quando la commissione scuola ha inviato la lettera in cui chiedeva l\u2019adesione al progetto, tantissime associazioni hanno aderito subito.<\/p>\n<p>\u00abPerch\u00e9 probabilmente c\u2019erano due bisogni.<\/p>\n<p>Uno: quello di aggregarsi, per superare la solitudine e l\u2019isolamento \u2026 e quindi la rete: quindi costruire rete.<\/p>\n<p>Due: quello di trovare un punto di aggregazione che era la Costituzione.<\/p>\n<p>\u2026<\/p>\n<p>Qualcosa che gi\u00e0 c\u2019\u00e8 e che non \u00e8 abbastanza raccontato.<\/p>\n<p>[\u2026 ]<\/p>\n<p><strong>Noi abbiamo una storia d\u2019orgoglio \u2026 che ci raccontiamo poco<\/strong>\u00bb conclude Laura Forcella.<\/p>\n<figure class=\"wp-block-image size-large\"><a target=\"_blank\" href=\"https:\/\/silviaberruto.files.wordpress.com\/2021\/06\/2_img-20210626-wa0014-1.jpg\" ><img decoding=\"async\" class=\"wp-image-8302 aligncenter\" src=\"https:\/\/silviaberruto.files.wordpress.com\/2021\/06\/2_img-20210626-wa0014-1.jpg?w=1024\" sizes=\"(max-width: 1024px) 100vw, 1024px\" srcset=\"https:\/\/silviaberruto.files.wordpress.com\/2021\/06\/2_img-20210626-wa0014-1.jpg?w=1024 1024w, https:\/\/silviaberruto.files.wordpress.com\/2021\/06\/2_img-20210626-wa0014-1.jpg?w=150 150w, https:\/\/silviaberruto.files.wordpress.com\/2021\/06\/2_img-20210626-wa0014-1.jpg?w=300 300w, https:\/\/silviaberruto.files.wordpress.com\/2021\/06\/2_img-20210626-wa0014-1.jpg?w=768 768w, https:\/\/silviaberruto.files.wordpress.com\/2021\/06\/2_img-20210626-wa0014-1.jpg 1600w\" alt=\"\" data-attachment-id=\"8302\" data-permalink=\"https:\/\/silviaberruto.wordpress.com\/2021\/06\/27\/25-giugno-1946-25-giugno-2021-75-anni-e-viva-la-costituzione\/2_img-20210626-wa0014-2\/\" data-orig-file=\"https:\/\/silviaberruto.files.wordpress.com\/2021\/06\/2_img-20210626-wa0014-1.jpg\" data-orig-size=\"1600,1200\" data-comments-opened=\"1\" data-image-meta=\"{&quot;aperture&quot;:&quot;0&quot;,&quot;credit&quot;:&quot;Picasa&quot;,&quot;camera&quot;:&quot;&quot;,&quot;caption&quot;:&quot;&quot;,&quot;created_timestamp&quot;:&quot;1624783354&quot;,&quot;copyright&quot;:&quot;&quot;,&quot;focal_length&quot;:&quot;0&quot;,&quot;iso&quot;:&quot;0&quot;,&quot;shutter_speed&quot;:&quot;0&quot;,&quot;title&quot;:&quot;&quot;,&quot;orientation&quot;:&quot;0&quot;}\" data-image-title=\"2_IMG-20210626-WA0014\" data-image-description=\"\" data-medium-file=\"https:\/\/silviaberruto.files.wordpress.com\/2021\/06\/2_img-20210626-wa0014-1.jpg?w=300\" data-large-file=\"https:\/\/silviaberruto.files.wordpress.com\/2021\/06\/2_img-20210626-wa0014-1.jpg?w=655\" \/><\/a><\/figure>\n<p>Ospite d\u2019eccezione della manifestazione \u00e8 stata Luciana Castellina, politica, giornalista, scrittrice, una delle fondatrici de \u00abIl Manifesto\u00bb parlamentare comunista e eurodeputata, classe 1929.<\/p>\n<div class=\"wp-block-image\">\n<figure class=\"aligncenter size-large\"><a target=\"_blank\" href=\"https:\/\/silviaberruto.files.wordpress.com\/2021\/06\/img-20210626-wa0019.jpg\" ><img decoding=\"async\" class=\"wp-image-8294 aligncenter\" src=\"https:\/\/silviaberruto.files.wordpress.com\/2021\/06\/img-20210626-wa0019.jpg?w=768\" sizes=\"(max-width: 768px) 100vw, 768px\" srcset=\"https:\/\/silviaberruto.files.wordpress.com\/2021\/06\/img-20210626-wa0019.jpg?w=768 768w, https:\/\/silviaberruto.files.wordpress.com\/2021\/06\/img-20210626-wa0019.jpg?w=113 113w, https:\/\/silviaberruto.files.wordpress.com\/2021\/06\/img-20210626-wa0019.jpg?w=225 225w, https:\/\/silviaberruto.files.wordpress.com\/2021\/06\/img-20210626-wa0019.jpg 1200w\" alt=\"\" data-attachment-id=\"8294\" data-permalink=\"https:\/\/silviaberruto.wordpress.com\/2021\/06\/27\/25-giugno-1946-25-giugno-2021-75-anni-e-viva-la-costituzione\/img-20210626-wa0019\/\" data-orig-file=\"https:\/\/silviaberruto.files.wordpress.com\/2021\/06\/img-20210626-wa0019.jpg\" data-orig-size=\"1200,1600\" data-comments-opened=\"1\" data-image-meta=\"{&quot;aperture&quot;:&quot;0&quot;,&quot;credit&quot;:&quot;Picasa&quot;,&quot;camera&quot;:&quot;&quot;,&quot;caption&quot;:&quot;&quot;,&quot;created_timestamp&quot;:&quot;1624783448&quot;,&quot;copyright&quot;:&quot;&quot;,&quot;focal_length&quot;:&quot;0&quot;,&quot;iso&quot;:&quot;0&quot;,&quot;shutter_speed&quot;:&quot;0&quot;,&quot;title&quot;:&quot;&quot;,&quot;orientation&quot;:&quot;0&quot;}\" data-image-title=\"IMG-20210626-WA0019\" data-image-description=\"\" data-medium-file=\"https:\/\/silviaberruto.files.wordpress.com\/2021\/06\/img-20210626-wa0019.jpg?w=225\" data-large-file=\"https:\/\/silviaberruto.files.wordpress.com\/2021\/06\/img-20210626-wa0019.jpg?w=655\" \/><\/a><\/figure>\n<\/div>\n<p><strong>Castellina <\/strong>ha tenuto una splendida <em>lectio magistralis <\/em>sulla Costituzione della Repubblica Italiana: sul suo significato storico, politico, culturale e sociale.<\/p>\n<p>Un contributo tutto da ascoltare che \u00e8 riduttivo sintetizzare.<\/p>\n<p>\u00ab<strong>La nostra Costituzione<\/strong> del resto \u00e8 cos\u00ec speciale perch\u00e9 nata da una battaglia.<\/p>\n<p>Non tutte le costituzioni sono nate da una lotta cos\u00ec vicina come \u00e8 stata quella che ha portato alla stesura della nostra Costituzione.<\/p>\n<p>\u00c8 stata una battaglia molto anomala.<\/p>\n<p>in Italia c\u2019\u00e8 stata una cosa molto diversa rispetto agli altri paesi. Negli altri paesi come la Francia, la Danimarca, il Belgio, l\u2019Olanda si trattava di reinsediare uno stato legittimo democratico che era stato spodestato.<\/p>\n<p>Da noi non c\u2019era questo \u2026<\/p>\n<p><strong>Il nostro stesso stato aveva prodotto il fascismo.<\/strong><\/p>\n<p>I volontari per la Resistenza \u2013 talvolta ci penso e ancora non ci credo \u2013 sono stati dei ragazzi che uscivano dalla guerra, o che dovevano scappare da un reclutamento forzato, di nuovo nella guerra, che sono andati in montagna senza avere alle spalle nessuna legittimazione, nessuno che li coprisse, nessuno che li garantisse che, con il loro prendere le armi, e rivoltarsi e ribellarsi, avrebbero, in qualche modo, trovato un appoggio, una legittimazione.<\/p>\n<p><strong>\u00c8 stato un vero assalto al cielo!<\/strong><\/p>\n<p>Quei ragazzi che sono andati in montagna non sapevano neanche che cosa potesse essere uno stato democratico perch\u00e9 non l\u2019avevano mai visto.<\/p>\n<p>Molti di loro uscivano dalle organizzazioni giovanili fasciste e avevano maturato un\u2019opposizione soltanto durante la guerra e per via della guerra \u2026<\/p>\n<p><strong>Ci vuole un bel coraggio a fare quello che hanno fatto!<\/strong><\/p>\n<p>Questo dato specifico dell\u2019Italia tendiamo a diminuirlo.<\/p>\n<p>E un\u2019altra cosa che non sottolineiamo abbastanza \u00e8 che la Resistenza \u00e8 stata certo l\u2019elemento militare importantissimo e decisivo. Ma c\u2019\u00e8 stato un altro fattore molto particolare e molto importante, soprattuto se pensiamo poi a quello che ha partorito, cio\u00e8 la Costituzione\u00bb.<\/p>\n<p><strong>Castellina<\/strong> cita allora lo storico Roberto Battaglia e la sua definizione di <strong>societ\u00e0 partigiana.<\/strong><\/p>\n<p><strong>\u00abPer societ\u00e0 partigiana <\/strong>voleva indicare una pezzo della societ\u00e0 civile, molto largo, che ha partecipato non con le armi alla Resistenza ma che ha costruito, via via nella Resistenza, una nuova immagine di come doveva essere fatto uno stato.<\/p>\n<p>Attraverso la pratica della solidariet\u00e0, della ricostituzione della comunit\u00e0 che \u00e8 solidale, del riconoscimento dell\u2019altro, dell\u2019aiuto reciproco. Attraverso, come li defin\u00ec Clamandrei, con una bella frase, questi piccoli gesti della vita quotidiana hanno ricostruito le basi della democrazia. E l\u2019hanno fatto con una partecipazione delle donne, dei vecchi dei bambini ognuno ha fatto qualche cosa.<\/p>\n<p>Aprendo le proprie case a chi scappava, a chi aveva bisogno di mangiare, a chi doveva nascondersi, spartendo il proprio pane con chi ne aveva bisogno.<\/p>\n<p>\u00c8 in quegli anni che si \u00e8 pensata la Costituzione che si \u00e8 fatta poi nel 1948.<\/p>\n<p>\u00c8 stata costruita dall\u2019esperienza, non da un disegno astratto o teorico, ideologico. \u00c8 nata dall\u2019esperienza.<\/p>\n<p>E una delle cose pi\u00f9 straordinarie \u00e8 <strong>la partecipazione delle donne.<\/strong><\/p>\n<p><strong>[\u2026]<\/strong><\/p>\n<p><strong>Le donne <\/strong>hanno<strong> un ruolo fondamentale, <\/strong>non solo come staffette. Moltissimo lo hanno avuto \u2013 erano comunque un pezzo dell\u2019azione militare \u2013\u00a0 ma nella vita quotidiana.<\/p>\n<p>Ed \u00e8 per questo, badate, che la nostra Costituzione \u00e8 stata cos\u00ec.<\/p>\n<p>La Costituzione \u00e8 stata cos\u00ec perch\u00e9 nasceva da un\u2019esperienza collettiva da quella che Battaglia ha definito societ\u00e0 partigiana.<\/p>\n<p>Per questo la Costituzione \u00e8 cos\u00ec avanzata.<\/p>\n<p><strong>[\u2026]<\/strong><\/p>\n<p>Sappiamo che la Costituzione non \u00e8 ancora messa al riparo di assalto continui di cui \u00e8 vittima nel tentativo di stravolgerne il significato.<\/p>\n<p>Gli assalti sono continui.<\/p>\n<p>Siamo sempre alle prese con un referendum che ha l\u2019obiettivo di svuotare un pezzo del suo significato.<\/p>\n<p>Con la scusa peggiore che c\u2019\u00e8 che \u00e8 quella di dire che si \u00e8 pi\u00f9 efficienti se si discute meno\u00bb.<\/p>\n<p><strong>[\u2026]<\/strong><\/p>\n<p>\u00abOggi siamo alle prese, credo, con qualche cosa che \u00e8 pi\u00f9 grave: <strong>l\u2019erosione della democrazia\u00bb.<\/strong><\/p>\n<p>Il m\u00f2nito di Castellina a tutti noi \u00e8 di stare attenti allo svuotamento della democrazia.<\/p>\n<p>\u00abSe non ci sono le forme organizzate di partecipazione e deliberazione dei cittadini, se non c\u2019\u00e8 la soggettivit\u00e0 che rende i cittadini soggetti anzich\u00e9 sudditi \u2026 non ce ne facciamo niente!<\/p>\n<p><strong>Il nostro problema oggi \u00e8<\/strong> come cerchiamo di <strong>dare contenuti a questa democrazia s<\/strong>enn\u00f2 non riusciremo a mantenere, a difendere, la Costituzione.<\/p>\n<p><strong>Oggi siamo di fronte dunque anche noi ad una necessit\u00e0 d\u2019un assalto al cielo.<\/strong><\/p>\n<p>D<strong>obbiamo reinventarci<\/strong> <strong>il modo di essere della democrazia<\/strong>. Non certo per ridurre quella rappresentativa della nostra Costituzione.<\/p>\n<p>Dobbiamo reinventarci nuove forme di democrazia organizzata che riportino la gente <strong>a partecipare.<\/strong><\/p>\n<p>Siamo di fronte a una reinvenzione necessaria, ad avere <strong>la FORZA e la FANTASIA di reinventarci il modo in cui noi viviamo.<\/strong><\/p>\n<p><strong>[\u2026]<\/strong><\/p>\n<p><strong>Dobbiamo ritornare ad una situazione in cui ognuno di noi si sente responsabile!<\/strong>\u00bb.\u00a0 \u00a0 \u00a0 \u00a0 <em>________________________________________________<\/em><\/p>\n<p style=\"padding-left: 40px;\"><em><a href=\"https:\/\/www.transcend.org\/tms\/wp-content\/uploads\/2017\/04\/silvia-berruto.jpeg\" ><img loading=\"lazy\" decoding=\"async\" class=\"alignleft size-full wp-image-91570\" src=\"https:\/\/www.transcend.org\/tms\/wp-content\/uploads\/2017\/04\/silvia-berruto.jpeg\" alt=\"\" width=\"64\" height=\"64\" \/><\/a><\/em><em>Silvia Berruto \u00e8 membro della <\/em><em>rete <\/em><em><a href=\"https:\/\/www.transcend.org\/\" >TRANSCEND per la Pace, Sviluppo e Ambiente<\/a><\/em><em>, <\/em><em>giornalista contro il razzismo, antifascista, amica e persuasa della nonviolenza.<\/em><\/p>\n<p>\u00a0<em>\u00ae Riproduzione riservata<\/em><\/p>\n<p><a target=\"_blank\" href=\"https:\/\/silviaberruto.wordpress.com\/2021\/06\/27\/25-giugno-1946-25-giugno-2021-75-anni-e-viva-la-costituzione\/\" >Go to Original \u2013 silviaberruto.wordpress.com<\/a><\/p>\n","protected":false},"excerpt":{"rendered":"<p>Nel 75mo anniversario della prima seduta dell\u2019Assemblea Costituente, si \u00e8 svolta a Brescia, venerd\u00ec 25 giugno 2021, la manifestazione denominata E\u2019 viva la Costituzione. A coronamento di un percorso realizzato da Manifesto Costituente \u2013 gruppo informale di circa 50 associazioni del territorio bresciano \u2013 ri-unitesi attorno alla Costituzione della Repubblica Italiana. Nel segno dell\u2019antifascismo, per ribadirne l\u2019attualit\u00e0, sollecitarne l\u2019attuazione completa e, il 25 giugno, per celebrarne il portato culturale, politico e sociale.\u00a0<\/p>\n","protected":false},"author":4,"featured_media":91570,"comment_status":"open","ping_status":"closed","sticky":false,"template":"","format":"standard","meta":{"footnotes":""},"categories":[46],"tags":[1268,1076,2010],"class_list":["post-187850","post","type-post","status-publish","format-standard","has-post-thumbnail","hentry","category-original-languages","tag-european-union","tag-italia","tag-italy"],"_links":{"self":[{"href":"https:\/\/www.transcend.org\/tms\/wp-json\/wp\/v2\/posts\/187850","targetHints":{"allow":["GET"]}}],"collection":[{"href":"https:\/\/www.transcend.org\/tms\/wp-json\/wp\/v2\/posts"}],"about":[{"href":"https:\/\/www.transcend.org\/tms\/wp-json\/wp\/v2\/types\/post"}],"author":[{"embeddable":true,"href":"https:\/\/www.transcend.org\/tms\/wp-json\/wp\/v2\/users\/4"}],"replies":[{"embeddable":true,"href":"https:\/\/www.transcend.org\/tms\/wp-json\/wp\/v2\/comments?post=187850"}],"version-history":[{"count":1,"href":"https:\/\/www.transcend.org\/tms\/wp-json\/wp\/v2\/posts\/187850\/revisions"}],"predecessor-version":[{"id":265859,"href":"https:\/\/www.transcend.org\/tms\/wp-json\/wp\/v2\/posts\/187850\/revisions\/265859"}],"wp:featuredmedia":[{"embeddable":true,"href":"https:\/\/www.transcend.org\/tms\/wp-json\/wp\/v2\/media\/91570"}],"wp:attachment":[{"href":"https:\/\/www.transcend.org\/tms\/wp-json\/wp\/v2\/media?parent=187850"}],"wp:term":[{"taxonomy":"category","embeddable":true,"href":"https:\/\/www.transcend.org\/tms\/wp-json\/wp\/v2\/categories?post=187850"},{"taxonomy":"post_tag","embeddable":true,"href":"https:\/\/www.transcend.org\/tms\/wp-json\/wp\/v2\/tags?post=187850"}],"curies":[{"name":"wp","href":"https:\/\/api.w.org\/{rel}","templated":true}]}}