{"id":193874,"date":"2021-09-13T12:00:39","date_gmt":"2021-09-13T11:00:39","guid":{"rendered":"https:\/\/www.transcend.org\/tms\/?p=193874"},"modified":"2021-09-01T04:06:34","modified_gmt":"2021-09-01T03:06:34","slug":"italiano-la-guerra-e-fallita-come-sempre-abbiamo-una-opportunita","status":"publish","type":"post","link":"https:\/\/www.transcend.org\/tms\/2021\/09\/italiano-la-guerra-e-fallita-come-sempre-abbiamo-una-opportunita\/","title":{"rendered":"(Italiano) La guerra \u00e8 fallita, come sempre&#8211;abbiamo una opportunit\u00e0"},"content":{"rendered":"<p><em>13 Sep 2021 &#8211; <\/em>Eh, gi\u00e0! questa cultura politica (Ezio Mauro, &#8220;Le democrazie nell&#8217;interregno&#8221;, <em>Repubblica<\/em> 30 agosto) ora si piange addosso, ma nel &#8217;91 e nel 2001, giustificava le guerre Usa che coinvolgevano anche noi, per &#8220;esportare la democrazia&#8221;. Questa cultura politica del sistema non ha mai rinnegato la guerra.<\/p>\n<p>Noi possiamo rinnegarla oggi che \u00e8 fallita, perch\u00e9 l&#8217;abbiamo rinnegata fino da Gandhi, fino dal 1940, quando scrive: \u00ab<em>Voi volete eliminare il nazismo, ma non riuscirete mai ad eliminarlo adottando i suoi stessi metodi<\/em>\u00bb (cio\u00e8 con la guerra).\u00ab<em>La guerra non pu\u00f2 essere vinta in altro modo<\/em>\u00bb (&#8220;Appello agli Inglesi per la resistenza nonviolenta al nazismo&#8221;, in <em>Harijan<\/em>, 7 luglio 1940; in &#8220;Teoria e pratica della nonviolenza&#8221;, Einaudi 1973, pp. 250-251).<\/p>\n<p>La guerra contro la violenza \u00e8 competizione imitativa: perci\u00f2 fallisce. Perci\u00f2 \u00e8 sconfitta in partenza. Nel 1945 la vittoria militare ha sostituito il nazismo con la minaccia bellica nucleare sul mondo. Un vanto italiano: il terrorismo non \u00e8 stato vinto con la violenza, ma soprattutto con la resistenza della coscienza popolare. La democrazia dei diritti umani o diventa pacifica, e rinuncia-supera la guerra, oppure fallisce.<\/p>\n<p>La guerra \u00e8 la maggiore contraddizione dei diritti umani. La violazione dei diritti umani \u00e8 inseparabile, nella guerra, tra una parte e l&#8217;altra: ogni arma offende tutta l&#8217;umanit\u00e0, anche di chi la usa. Chi di spada ferisce di spada perisce. Al terrorista suicida non c&#8217;\u00e8 minaccia di morte che lo possa fermare, perch\u00e9 la propria morte \u00e8 il suo strumento: l&#8217;unica difesa \u00e8 sia la giustizia universale, che gli tolga motivi di rivendicazioni, sia il dialogo amico tra le culture e religioni, che smonti l&#8217;ideologia di superiorit\u00e0 religiosa-culturale (questo peccato \u00e8 stato ed \u00e8 ancora tipico dell&#8217;Occidente, dalle crociate alle colonie, al capital-imperialismo).<\/p>\n<p>Viviamo oggi una svolta pericolosa: fallito l&#8217;impero Usa, come l&#8217;impero URSS nel 1989, viene il governo delle armi? No! Viene l&#8217;ora di una costituzione mondiale pluralistica del rispetto pieno dei diritti umani di tutti, la fine del sistema che crea &#8220;gli scarti&#8221; e le immense diseguaglianze.<\/p>\n<p>La violenza strutturale-economica e la violenza culturale-superba stimolano la violenza ribelle e poi la risposta della violenza repressiva: una catena di fallimenti e di dolori. Ma l&#8217;umanit\u00e0 potr\u00e0 uscirne: tocca a noi tutti pensare, ritrovare e volere le vie della pace nella giustizia per tutti gli umani e tutta la terra.<\/p>\n<p><em>__________________________________________<\/em><\/p>\n<p style=\"padding-left: 40px;\"><em><a href=\"https:\/\/www.transcend.org\/tms\/wp-content\/uploads\/2019\/08\/Enrico-Peyretti-e1611129786995.jpg\" ><img loading=\"lazy\" decoding=\"async\" class=\"alignleft size-full wp-image-139768\" src=\"https:\/\/www.transcend.org\/tms\/wp-content\/uploads\/2019\/08\/Enrico-Peyretti-e1611129786995.jpg\" alt=\"\" width=\"100\" height=\"65\" \/><\/a>Enrico Peyretti<\/em> <em>\u00e8 membro della <\/em><em><a href=\"https:\/\/www.transcend.org\/\" >Rete TRANSCEND per la Pace, Sviluppo e Ambiente<\/a><\/em><em>.<\/em><\/p>\n","protected":false},"excerpt":{"rendered":"<p>Eh, gi\u00e0! questa cultura politica (Ezio Mauro, &#8220;Le democrazie nell&#8217;interregno&#8221;, Repubblica 30 agosto) ora si piange addosso, ma nel &#8217;91 e nel 2001, giustificava le guerre Usa che coinvolgevano anche noi, per &#8220;esportare la democrazia&#8221;. Questa cultura politica del sistema non ha mai rinnegato la guerra. <\/p>\n","protected":false},"author":4,"featured_media":139768,"comment_status":"open","ping_status":"closed","sticky":false,"template":"","format":"standard","meta":{"footnotes":""},"categories":[46],"tags":[2642,101,276,100,524,99,95,70,481],"class_list":["post-193874","post","type-post","status-publish","format-standard","has-post-thumbnail","hentry","category-original-languages","tag-anti-imperialism","tag-cultural-violence","tag-democracy","tag-direct-violence","tag-gandhi","tag-structural-violence","tag-us-military","tag-usa","tag-warfare"],"_links":{"self":[{"href":"https:\/\/www.transcend.org\/tms\/wp-json\/wp\/v2\/posts\/193874","targetHints":{"allow":["GET"]}}],"collection":[{"href":"https:\/\/www.transcend.org\/tms\/wp-json\/wp\/v2\/posts"}],"about":[{"href":"https:\/\/www.transcend.org\/tms\/wp-json\/wp\/v2\/types\/post"}],"author":[{"embeddable":true,"href":"https:\/\/www.transcend.org\/tms\/wp-json\/wp\/v2\/users\/4"}],"replies":[{"embeddable":true,"href":"https:\/\/www.transcend.org\/tms\/wp-json\/wp\/v2\/comments?post=193874"}],"version-history":[{"count":0,"href":"https:\/\/www.transcend.org\/tms\/wp-json\/wp\/v2\/posts\/193874\/revisions"}],"wp:featuredmedia":[{"embeddable":true,"href":"https:\/\/www.transcend.org\/tms\/wp-json\/wp\/v2\/media\/139768"}],"wp:attachment":[{"href":"https:\/\/www.transcend.org\/tms\/wp-json\/wp\/v2\/media?parent=193874"}],"wp:term":[{"taxonomy":"category","embeddable":true,"href":"https:\/\/www.transcend.org\/tms\/wp-json\/wp\/v2\/categories?post=193874"},{"taxonomy":"post_tag","embeddable":true,"href":"https:\/\/www.transcend.org\/tms\/wp-json\/wp\/v2\/tags?post=193874"}],"curies":[{"name":"wp","href":"https:\/\/api.w.org\/{rel}","templated":true}]}}