{"id":194427,"date":"2021-09-13T12:00:58","date_gmt":"2021-09-13T11:00:58","guid":{"rendered":"https:\/\/www.transcend.org\/tms\/?p=194427"},"modified":"2021-09-07T09:47:18","modified_gmt":"2021-09-07T08:47:18","slug":"castellano-evangelicos-el-nuevo-reino-terrenal-de-la-ultraderecha-en-america-latina","status":"publish","type":"post","link":"https:\/\/www.transcend.org\/tms\/2021\/09\/castellano-evangelicos-el-nuevo-reino-terrenal-de-la-ultraderecha-en-america-latina\/","title":{"rendered":"(Castellano) Evang\u00e9licos: El nuevo reino terrenal de la ultraderecha en Am\u00e9rica Latina"},"content":{"rendered":"<blockquote><p>31 ago 2021<em> -La derecha latinoamericana ha visto en el auge evang\u00e9lico una oportunidad para captar votantes en un nicho social que nunca han conseguido : los pobres. Los cat\u00f3licos siguen siendo mayor\u00eda con el 70%, aunque su declive es evidente, ya que en los a\u00f1os 60 eran cat\u00f3licos el 94%, pese al esfuerzo del Vaticano por evitarlo.<\/em><\/p><\/blockquote>\n<div id=\"attachment_194428\" style=\"width: 410px\" class=\"wp-caption aligncenter\"><a href=\"https:\/\/www.transcend.org\/tms\/wp-content\/uploads\/2021\/09\/bolsonaro-malafaia-iurd-evangelicos-brasil.jpg\" ><img loading=\"lazy\" decoding=\"async\" aria-describedby=\"caption-attachment-194428\" class=\"wp-image-194428\" src=\"https:\/\/www.transcend.org\/tms\/wp-content\/uploads\/2021\/09\/bolsonaro-malafaia-iurd-evangelicos-brasil.jpg\" alt=\"\" width=\"400\" height=\"266\" srcset=\"https:\/\/www.transcend.org\/tms\/wp-content\/uploads\/2021\/09\/bolsonaro-malafaia-iurd-evangelicos-brasil.jpg 850w, https:\/\/www.transcend.org\/tms\/wp-content\/uploads\/2021\/09\/bolsonaro-malafaia-iurd-evangelicos-brasil-300x200.jpg 300w, https:\/\/www.transcend.org\/tms\/wp-content\/uploads\/2021\/09\/bolsonaro-malafaia-iurd-evangelicos-brasil-768x511.jpg 768w\" sizes=\"auto, (max-width: 400px) 100vw, 400px\" \/><\/a><p id=\"caption-attachment-194428\" class=\"wp-caption-text\">Reuni\u00f3n con el pastor Silas Malafaia, presidente del Consejo Interdenominacional de Ministros Evang\u00e9licos de Brasil (CIMEB), 20 de junio de 2020. Foto : Isac N\u00f3brega, Flickr CC<\/p><\/div>\n<div class=\"crayon article-texte-5718 \">\n<div>\n<p>Edir Macedo, fundador de la Iglesia Universal del Reino de Dios, vio cumplida su profec\u00eda de la \u2018naci\u00f3n divina\u2019 cuando su amigo Jair Bolsonaro toc\u00f3 el cielo (del Palacio del Planalto) en 2018. Macedo es el arquetipo de los l\u00edderes religiosos que han ido acumulando riqueza y poder pol\u00edtico en Am\u00e9rica Latina. Las iglesias evang\u00e9licas avanzan sin freno en una regi\u00f3n que era el semillero de la Iglesia cat\u00f3lica hasta hace poco. Cien millones de fieles llenan sus templos y escuchan las soflamas antiabortistas de los pastores pentecostales. Pero su discurso no se circunscribe al \u00e1mbito religioso.<\/p>\n<p>Gracias a imperios medi\u00e1ticos como el que ha levantado Macedo en Brasil, los evang\u00e9licos son hoy un influyente lobby pol\u00edtico. A Dilma Rousseff casi le cuesta la presidencia en 2010 su idea de despenalizar el aborto. En plena campa\u00f1a electoral y ante la presi\u00f3n de los evang\u00e9licos, tuvo que matizar su propuesta. Leviat\u00e1n para todas las iglesias, el aborto ha servido ahora de excusa a los evang\u00e9licos argentinos para denostar a la escritora argentina Claudia Pi\u00f1eiro, guionista de El Reino, una serie de televisi\u00f3n que refleja las promiscuas relaciones entre el poder pol\u00edtico y algunos l\u00edderes espirituales.<\/p>\n<p>Estrenada recientemente en ese averno audiovisual llamado Netflix, la serie ha batido r\u00e9cords de audiencia en Argentina. A la Alianza Cristiana de Iglesias Evang\u00e9licas de la Rep\u00fablica Argentina le ha debido sentar a cuerno quemado que la ficci\u00f3n se inspire en las veleidades terrenales de algunos pastores.<\/p>\n<p>Y se han cebado con Pi\u00f1eiro, autora de \u00e9xito editorial y defensora de los derechos de las mujeres\u00a0: \u00ab\u00a0Es sabido el encono que ha expresado la escritora y guionista de esta obra desde su militancia feminista durante el debate de la ley del aborto hacia el colectivo evang\u00e9lico de la Argentina, representado por millones de ciudadanos que no coincid\u00edan en su posici\u00f3n respecto del tema\u00a0\u00bb, rezaba su poco beat\u00edfico comunicado.<\/p>\n<p>La influencia de los evang\u00e9licos en la pol\u00edtica argentina es todav\u00eda limitada y su implantaci\u00f3n social es menor que en otros pa\u00edses de la regi\u00f3n (alrededor del 15%). Distinto es el caso de Brasil, donde los evang\u00e9licos representan ya el 30% de la poblaci\u00f3n y sus l\u00edderes tienen una notable presencia en el Parlamento y en los gobiernos locales desde hace a\u00f1os. Marcelo Crivella, obispo de la Iglesia Universal del Reino de Dios, fue senador, gobernador del estado de R\u00edo de Janeiro y alcalde de su capital entre 2017 y 2020. Pertenece al Partido Republicano Brasile\u00f1o, muy ligado a los neopentecostales.<\/p>\n<p>Antes de acabar su mandato como alcalde, cay\u00f3 preso por corrupci\u00f3n. En prisi\u00f3n tal vez escuchara la letan\u00eda proveniente de alguna de las miles de congregaciones evang\u00e9licas de Brasil\u00a0: \u00ab\u00a0Para de sufrir\u00a0\u00bb. Su t\u00edo Edir Macedo hace tiempo que no sufre. Con su poderoso arsenal medi\u00e1tico (posee la cadena de televisi\u00f3n R\u00e9cord, varias emisoras de radio y dos peri\u00f3dicos), hace y deshace a su antojo. Ha amasado una fortuna y ahora tiene un aliado de lujo en Brasilia, el ultraderechista Bolsonaro, a quien ayud\u00f3 a ganar las elecciones en 2018. Los congresistas evang\u00e9licos fueron ya decisivos en el impeachment que sac\u00f3 a Rousseff de la presidencia en 2016. A la hora de votar, la mayor\u00eda invoc\u00f3 a Dios.<\/p>\n<p>La doctrina pentecostal (relevancia del Esp\u00edritu Santo, relaci\u00f3n directa con Dios, prosperidad terrenal, etc.) fue implant\u00e1ndose en Am\u00e9rica Latina desde mediados del siglo XX. Antes ya hab\u00eda echado ra\u00edces en Estados Unidos, cuya influencia en las iglesias latinoamericanas ha sido notoria. Ante las experiencias progresistas de la cat\u00f3lica teolog\u00eda de la liberaci\u00f3n (con la que confraternizaron los movimientos insurgentes latinoamericanos), a partir de los a\u00f1os 80 los sectores conservadores norteamericanos apostaron por la \u00ab\u00a0teolog\u00eda de la prosperidad\u00a0\u00bb que predicaban los carism\u00e1ticos y elocuentes pastores evang\u00e9licos.<\/p>\n<p>Seg\u00fan un estudio del Pew Research Center realizado en 2014, cerca del 20% de los latinoamericanos se declaraban evang\u00e9licos. Los cat\u00f3licos contin\u00faan siendo mayor\u00eda (alrededor del 70%) pero su declive es constante (representaban el 94% hasta los a\u00f1os 60) pese a los esfuerzos del Vaticano por frenar la sangr\u00eda. Las continuas giras de los papas por la regi\u00f3n eran parte de esa estrategia. Un informe m\u00e1s reciente de Latinobar\u00f3metro (2018) confirma esa tendencia ascendente de la doctrina evang\u00e9lica en detrimento de la cat\u00f3lica, si bien su crecimiento no es homog\u00e9neo. Hay pa\u00edses como M\u00e9xico o Paraguay donde el catolicismo no se resiente tanto mientras en Brasil el descenso es continuo. Y Centroam\u00e9rica cuenta ya con m\u00e1s evang\u00e9licos que cat\u00f3licos.<\/p>\n<p>La pol\u00edtica se ha impregnado del discurso de las iglesias neopentecostales en muchos pa\u00edses. El c\u00f3mico evang\u00e9lico Jimmy Morales, en la mira de la justicia por presunta financiaci\u00f3n electoral irregular, gobern\u00f3 en Guatemala entre 2016 y 2020. Y en Costa Rica estuvo a punto de llegar a la presidencia en 2018 Fabricio Alvarado, otro dirigente en la \u00f3rbita de los evang\u00e9licos. Gan\u00f3 la primera vuelta al grito de \u00ab\u00a0\u00a1No se metan con las familias\u00a0!\u00a0\u00bb, en referencia a la educaci\u00f3n sexual laica que comenzaba a impartirse en las escuelas costarricenses. No super\u00f3 la segunda vuelta electoral pero el poder del lobby evang\u00e9lico sigue muy presente en el pa\u00eds.<\/p>\n<p>El populismo de derechas que abandera Bolsonaro en Am\u00e9rica Latina se ha mirado en el espejo de las iglesias evang\u00e9licas. Los pastores pentecostales se han ganado a los m\u00e1s desfavorecidos prometi\u00e9ndoles redenci\u00f3n espiritual y alivio pecuniario en el mismo serm\u00f3n. Su mayor acierto ha sido asentarse en los rincones donde la Iglesia cat\u00f3lica no ha logrado penetrar. Las corrientes migratorias del campo a la ciudad han creado barriadas gigantescas en las grandes urbes latinoamericanas. All\u00ed han crecido como setas las iglesias evang\u00e9licas con sus redes de apoyo comunitario para combatir la drogadicci\u00f3n o el alcoholismo, atrayendo as\u00ed a miles de fieles a su causa.<\/p>\n<p>La derecha latinoamericana ha visto en ese auge evang\u00e9lico una puerta abierta para captar votantes en un nicho social que tradicionalmente se le ha resistido\u00a0: los pobres. La buena sinton\u00eda entre populistas de derechas y pastores evang\u00e9licos es evidente en muchos pa\u00edses. Coinciden en muchas ocasiones (aunque no siempre) en una defensa del neoliberalismo y una oposici\u00f3n militante a derechos sociales como el aborto o el matrimonio igualitario. Esa conexi\u00f3n pol\u00edtico-religiosa no solo ha proliferado en Brasil.<\/p>\n<p>Los evang\u00e9licos desempe\u00f1aron un papel relevante en el rechazo a los acuerdos de paz en el refer\u00e9ndum de Colombia en 2016. El empresario Sebasti\u00e1n Pi\u00f1era volvi\u00f3 al poder en Chile tras ganar las elecciones en diciembre de 2017. Tanto el dirigente conservador como el candidato pinochetista Jos\u00e9 Antonio Kast contaron con asesores evang\u00e9licos en sus equipos de campa\u00f1a. Y en Bolivia, los golpistas que echaron del poder a Evo Morales en noviembre de 2019 irrumpieron en el Palacio de Gobierno enarbolando biblias.<\/p>\n<p>Jeanine \u00c1\u00f1ez, presidenta de facto durante un a\u00f1o y hoy en prisi\u00f3n, es una ferviente creyente cat\u00f3lica. El hacedor pol\u00edtico del golpe, Luis Fernando Camacho, actual gobernador de la rica provincia de Santa Cruz, est\u00e1 muy vinculado a los evang\u00e9licos (de hecho, se le conoce como el Bolsonaro boliviano). El reino que invocan ciertas iglesias y l\u00edderes evang\u00e9licos es muy terrenal. Un para\u00edso de votos para la emergente ultraderecha latinoamericana.<\/p>\n<\/div>\n<\/div>\n<p>________________________________________________<\/p>\n<p style=\"padding-left: 40px;\"><em><a href=\"https:\/\/www.transcend.org\/tms\/wp-content\/uploads\/2019\/03\/cetri-Centre-Tricontinental-logo-e1553866687663.png\" ><img loading=\"lazy\" decoding=\"async\" class=\"alignleft size-full wp-image-130272\" src=\"https:\/\/www.transcend.org\/tms\/wp-content\/uploads\/2019\/03\/cetri-Centre-Tricontinental-logo-e1553866687663.png\" alt=\"\" width=\"150\" height=\"125\" \/><\/a>El Centro Tricontinental (CETRI), una organizaci\u00f3n no gubernamental fundada en 1976 y con sede en Louvain-la-Neuve (B\u00e9lgica), es un centro de estudio, publicaci\u00f3n, documentaci\u00f3n y educaci\u00f3n continua sobre el desarrollo y el norte. Sur. El objetivo de CETRI es hacer o\u00edr las opiniones del Sur y contribuir a una reflexi\u00f3n cr\u00edtica sobre las concepciones y pr\u00e1cticas prevalecientes del desarrollo en la era de la globalizaci\u00f3n neoliberal. Est\u00e1 particularmente preocupado por entender y discutir el papel de los actores sociales y pol\u00edticos en el Sur en la lucha por el reconocimiento de los derechos sociales, pol\u00edticos, culturales y ecol\u00f3gicos. Las actividades de CETRI son de cuatro tipos: estudio, capacitaci\u00f3n, publicaci\u00f3n, documentaci\u00f3n. El papel de los movimientos sociales en el Sur, la din\u00e1mica del movimiento antiglobalizaci\u00f3n, la evoluci\u00f3n de las democracias en Am\u00e9rica Latina, el alcance de las alternativas sociales y pol\u00edticas en el Sur, la l\u00f3gica y las consecuencias de los ajustes estructurales y la ayuda al desarrollo &#8230; constituyen los temas principales del trabajo de los \u00faltimos a\u00f1os.<\/em><\/p>\n<p><a target=\"_blank\" href=\"https:\/\/www.cetri.be\/Evangelicos-el-nuevo-reino?lang=fr\" >Go to Original \u2013 cetri.be<\/a><\/p>\n","protected":false},"excerpt":{"rendered":"<p>31 ago 2021 -La derecha latinoamericana ha visto en el auge evang\u00e9lico una oportunidad para captar votantes en un nicho social que nunca han conseguido : los pobres.<\/p>\n","protected":false},"author":4,"featured_media":194428,"comment_status":"open","ping_status":"closed","sticky":false,"template":"","format":"standard","meta":{"footnotes":""},"categories":[46],"tags":[2116,2117,541,1706,287,107,1781],"class_list":["post-194427","post","type-post","status-publish","format-standard","has-post-thumbnail","hentry","category-original-languages","tag-evangelical-christianity","tag-iurd-igreja-universal-do-reino-de-deus","tag-latin-america-caribbean","tag-mind-control","tag-power","tag-religion","tag-soft-power"],"_links":{"self":[{"href":"https:\/\/www.transcend.org\/tms\/wp-json\/wp\/v2\/posts\/194427","targetHints":{"allow":["GET"]}}],"collection":[{"href":"https:\/\/www.transcend.org\/tms\/wp-json\/wp\/v2\/posts"}],"about":[{"href":"https:\/\/www.transcend.org\/tms\/wp-json\/wp\/v2\/types\/post"}],"author":[{"embeddable":true,"href":"https:\/\/www.transcend.org\/tms\/wp-json\/wp\/v2\/users\/4"}],"replies":[{"embeddable":true,"href":"https:\/\/www.transcend.org\/tms\/wp-json\/wp\/v2\/comments?post=194427"}],"version-history":[{"count":0,"href":"https:\/\/www.transcend.org\/tms\/wp-json\/wp\/v2\/posts\/194427\/revisions"}],"wp:featuredmedia":[{"embeddable":true,"href":"https:\/\/www.transcend.org\/tms\/wp-json\/wp\/v2\/media\/194428"}],"wp:attachment":[{"href":"https:\/\/www.transcend.org\/tms\/wp-json\/wp\/v2\/media?parent=194427"}],"wp:term":[{"taxonomy":"category","embeddable":true,"href":"https:\/\/www.transcend.org\/tms\/wp-json\/wp\/v2\/categories?post=194427"},{"taxonomy":"post_tag","embeddable":true,"href":"https:\/\/www.transcend.org\/tms\/wp-json\/wp\/v2\/tags?post=194427"}],"curies":[{"name":"wp","href":"https:\/\/api.w.org\/{rel}","templated":true}]}}