{"id":19751,"date":"2012-06-19T13:19:38","date_gmt":"2012-06-19T12:19:38","guid":{"rendered":"http:\/\/www.transcend.org\/tms\/?p=19751"},"modified":"2012-06-19T13:19:38","modified_gmt":"2012-06-19T12:19:38","slug":"italian-genova-g8-e-la-diaz-sentenza-rinviata-al-5-luglio-prossimo","status":"publish","type":"post","link":"https:\/\/www.transcend.org\/tms\/2012\/06\/italian-genova-g8-e-la-diaz-sentenza-rinviata-al-5-luglio-prossimo\/","title":{"rendered":"(Italian) Genova G8 e la Diaz. Sentenza Rinviata al 5 Luglio Prossimo"},"content":{"rendered":"<p>La Corte di Cassazione pronuncer\u00e0 la sentenza il 5 luglio prossimo.<br \/>\nIl processo dura da 11 anni.<br \/>\nVenerd\u00ec 15 giugno la sentenza era molto attesa.<\/p>\n<p>Alta la tensione a Roma e grande la disillusione.<\/p>\n<p>Sugli schemi dei telegiornali italiani \u00e8 apparso spesso nei giorni precedenti al 15 giugno, il giornalista indipendente inglese\u00a0 Mark Covell, di Indymedia, un \u201csopravvissuto\u201d della scuola Diaz, il cui tentato omicidio non ha ancora nessun responsabile.<br \/>\nSi legga in proposito <a target=\"_blank\" href=\"http:\/\/www.ilfattoquotidiano.it\/2011\/07\/21\/%E2%80%9Cmacelleria%E2%80%9D-scuola-diaz-storia-di-un-sopravvissuto\/146983\/\" >l\u2019articolo del 21 luglio 2011<\/a> di Roberta Zunini.<\/p>\n<p>Si ascolti anche<a target=\"_blank\" href=\"http:\/\/www.ondarossa.info\/newsredazione\/intervista-mark-covell-giornalista-ridotto-fin-di-vita-dai-poliziotti-genova\" > l\u2019intervista a Mark Covell <\/a>su Radio Onda Rossa<br \/>\nIn questa lunga intervista radiofonica Covell invitava tutti ad essere presenti e ad attendere insieme la sentenza in Piazza Cavour davanti alla Cassazione.<br \/>\nInvitava anche a <a target=\"_blank\" href=\"http:\/\/www.10x100.it\/?p=367\" >firmare l\u2019appello 10\u00d7100<\/a>\u00a0 che chiede l\u2019annullamento della condanna per devastazione e saccheggio per tutte le imputate e gli imputati.<br \/>\nCovell si legge su Il Manifesto di ieri, sabato 16 giugno, non si capacita del rinvio.<br \/>\nNeppure Enrica Bartesaghi presidente del Comitato Verit\u00e0 e Giustizia per Genova<br \/>\ne tante e tanti altri.<br \/>\nCompresa la sottoscritta.<br \/>\nLorenzo Guadagnucci nel suo <strong>\u201cDiaz, anche un\u2019assoluzione vi condanner\u00e0\u201d<\/strong> del 20 marzo scorso, che suggerisco di leggere, portava una valutazione critica durissima e inappellabile, secondo la quale <strong>\u201cla caduta di dignit\u00e0 e di credibilit\u00e0 non potr\u00e0 essere cancellata.<\/strong><br \/>\n<strong>Nemmeno da un\u2019assoluzione.\u201d<\/strong><\/p>\n<p>La stampa italiana in altro occupata si \u00e8 attivata solo nei giorni precedenti al 15 giugno.<\/p>\n<p>Una rassegna stampa utile \u00e8 consultabile sul sito del <a target=\"_blank\" href=\"http:\/\/www.veritagiustizia.it\/\" >Comitato Verit\u00e0 e Giustizia per Genova <\/a>ed \u00e8 divisa in due parti:<br \/>\n<a target=\"_blank\" href=\"http:\/\/www.veritagiustizia.it\/rassegna_stampa\/\" >Rassegna stampa degli ultimi mesi<\/a><br \/>\ne <a target=\"_blank\" href=\"http:\/\/www.veritagiustizia.it\/rassegna.php\" >rassegna stampa restante,<\/a> dall\u20198 maggio 2002 al 20 dicembre 2009.<\/p>\n<p>Sono senza parole. Per tutte le implicazioni.<br \/>\nPer ora \u00e8 tutto ci\u00f2 che posso scrivere.<\/p>\n<p>Leggete anche il pezzo di venerd\u00ec \u2026<\/p>\n<p><a target=\"_blank\" href=\"http:\/\/silviaberruto.wordpress.com\/2012\/06\/17\/genova-g8-e-la-diaz-sentenza-rinviata-al-5-luglio-prossimo\/\" >Go to Original \u2013 silviaberruto.com<\/a><\/p>\n","protected":false},"excerpt":{"rendered":"<p>La Corte di Cassazione pronuncer\u00e0 la sentenza il 5 luglio prossimo. Il processo dura da 11 anni. Venerd\u00ec 15 giugno la sentenza era molto attesa. Alta la tensione a Roma e grande la disillusione.<\/p>\n","protected":false},"author":4,"featured_media":0,"comment_status":"open","ping_status":"open","sticky":false,"template":"","format":"standard","meta":{"footnotes":""},"categories":[46],"tags":[],"class_list":["post-19751","post","type-post","status-publish","format-standard","hentry","category-original-languages"],"_links":{"self":[{"href":"https:\/\/www.transcend.org\/tms\/wp-json\/wp\/v2\/posts\/19751","targetHints":{"allow":["GET"]}}],"collection":[{"href":"https:\/\/www.transcend.org\/tms\/wp-json\/wp\/v2\/posts"}],"about":[{"href":"https:\/\/www.transcend.org\/tms\/wp-json\/wp\/v2\/types\/post"}],"author":[{"embeddable":true,"href":"https:\/\/www.transcend.org\/tms\/wp-json\/wp\/v2\/users\/4"}],"replies":[{"embeddable":true,"href":"https:\/\/www.transcend.org\/tms\/wp-json\/wp\/v2\/comments?post=19751"}],"version-history":[{"count":0,"href":"https:\/\/www.transcend.org\/tms\/wp-json\/wp\/v2\/posts\/19751\/revisions"}],"wp:attachment":[{"href":"https:\/\/www.transcend.org\/tms\/wp-json\/wp\/v2\/media?parent=19751"}],"wp:term":[{"taxonomy":"category","embeddable":true,"href":"https:\/\/www.transcend.org\/tms\/wp-json\/wp\/v2\/categories?post=19751"},{"taxonomy":"post_tag","embeddable":true,"href":"https:\/\/www.transcend.org\/tms\/wp-json\/wp\/v2\/tags?post=19751"}],"curies":[{"name":"wp","href":"https:\/\/api.w.org\/{rel}","templated":true}]}}