{"id":197881,"date":"2021-10-25T12:01:04","date_gmt":"2021-10-25T11:01:04","guid":{"rendered":"https:\/\/www.transcend.org\/tms\/?p=197881"},"modified":"2025-11-17T12:01:20","modified_gmt":"2025-11-17T12:01:20","slug":"youth-violence-and-peace-experiences-from-cali-and-medellin","status":"publish","type":"post","link":"https:\/\/www.transcend.org\/tms\/2021\/10\/youth-violence-and-peace-experiences-from-cali-and-medellin\/","title":{"rendered":"Youth, Violence and Peace: Experiences from Cali and Medell\u00edn"},"content":{"rendered":"<p><a href=\"https:\/\/www.transcend.org\/tms\/wp-content\/uploads\/2021\/10\/juventud-violencia-y-paz-joam-prim-CGNK-cover.jpg\" ><img loading=\"lazy\" decoding=\"async\" class=\"aligncenter wp-image-197882\" src=\"https:\/\/www.transcend.org\/tms\/wp-content\/uploads\/2021\/10\/juventud-violencia-y-paz-joam-prim-CGNK-cover.jpg\" alt=\"\" width=\"500\" height=\"278\" srcset=\"https:\/\/www.transcend.org\/tms\/wp-content\/uploads\/2021\/10\/juventud-violencia-y-paz-joam-prim-CGNK-cover.jpg 800w, https:\/\/www.transcend.org\/tms\/wp-content\/uploads\/2021\/10\/juventud-violencia-y-paz-joam-prim-CGNK-cover-300x167.jpg 300w, https:\/\/www.transcend.org\/tms\/wp-content\/uploads\/2021\/10\/juventud-violencia-y-paz-joam-prim-CGNK-cover-768x427.jpg 768w\" sizes=\"auto, (max-width: 500px) 100vw, 500px\" \/><\/a><\/p>\n<p><em>3 Oct 2021 &#8211; <\/em>Professor C\u00e9sar N\u00fa\u00f1ez (Universidad de Medell\u00edn, Colombia), a member of the Nonkilling Health Sciences Research Committee and Nonkilling Psychology Research Committee of the Center for Global Nonkilling, has jointly published with Elizabeth G\u00f3mez Etayo, Anyerson G\u00f3mez, Juan Giraldo-Rojas, Josu\u00e9 Carant\u00f3n, Nora Vargas, Rodrigo Ocampo, Liliana Gallo and \u00c1ngela Arango, the book <a target=\"_blank\" href=\"https:\/\/repository.udem.edu.co\/handle\/11407\/6188\" ><em>YOUTH, VIOLENCE AND PEACE, Investigative experiences in popular neighborhoods of Cali and Medell\u00edn<\/em><\/a>. The text, originally in Spanish, is published by Sello Editorial de la Universidad de Medell\u00edn, and is the result of a joint research project with the Universidad Aut\u00f3noma de Occidente (Cali) in Colombia.<\/p>\n<blockquote><p><strong><em>The book can be downloaded for free <a target=\"_blank\" href=\"https:\/\/repository.udem.edu.co\/handle\/11407\/6188\" >here<\/a>.<\/em><\/strong><\/p><\/blockquote>\n<div class=\"entry-content clearfix\">\n<p>In line with the philosophy of the Center for Global Nonkilling, the book offers conceptual elements and categories of analysis to understand the incidence of different forms of violence in the construction of identities and daily realities of young people in Cali and Medellin in Colombia. It also offers a perspective of propositional analysis as an option to analyze and make young people visible as actors and authors of artistic, sports, cultural and political experiences and strategies for the construction of peace and peaceful coexistence in multiple scenarios. All of this is based on the hypothesis that young people are the last link in a chain of violence but not its cause.<\/p>\n<p>The book is composed of two parts and 9 chapters containing a theoretical, conceptual and contextual reference. The first part refers to a general context of the problem of youth violence, the concept of youth and young people, restorative justice in young populations, and the concept of pro sociality, psychosocial skills and competencies. The second part shows different categories of analysis based on the experience of field work with very particular tendencies at the level of: corporealities and resistance to violence; the experience of the youth context and the demands and conflictive relationships with adult and institutional referents; gender and youth sexuality; coexistence and peace building, and finally a methodological section of the research process that gave rise to the book.<\/p>\n<p><em>_____________________________________________<\/em><\/p>\n<p style=\"padding-left: 40px;\"><em><a href=\"https:\/\/www.transcend.org\/tms\/wp-content\/uploads\/2019\/04\/Jo\u00e1m-Evans-Pim-e1556531453583.jpg\" ><img loading=\"lazy\" decoding=\"async\" class=\"alignleft size-full wp-image-132617\" src=\"https:\/\/www.transcend.org\/tms\/wp-content\/uploads\/2019\/04\/Jo\u00e1m-Evans-Pim-e1556531453583.jpg\" alt=\"\" width=\"100\" height=\"80\" \/><\/a><\/em><\/p>\n<p>&nbsp;<\/p>\n<p style=\"padding-left: 40px;\"><em>Jo\u00e1m Evans Pim is director of the Center for Global Nonkilling and a member of the <a href=\"https:\/\/www.transcend.org\/\" >TRANSCEND Network<\/a>.<\/em><\/p>\n<p><a target=\"_blank\" href=\"https:\/\/nonkilling.org\/center\/2021\/10\/03\/youth-violence-and-peace\/\" >Go to Original \u2013 nonkilling.org<\/a><\/p>\n<\/div>\n","protected":false},"excerpt":{"rendered":"<p>3 Oct 2021 &#8211; The text, originally in Spanish, is published by Universidad de Medell\u00edn in a joint research project with the Universidad Aut\u00f3noma de Occidente (Cali) in Colombia. The book can be downloaded for free here.<\/p>\n","protected":false},"author":4,"featured_media":197882,"comment_status":"open","ping_status":"closed","sticky":false,"template":"","format":"standard","meta":{"footnotes":""},"categories":[40],"tags":[1661,1778,442,432,541,642,1056,877,2423],"class_list":["post-197881","post","type-post","status-publish","format-standard","has-post-thumbnail","hentry","category-transcend-members","tag-colombia","tag-conflict-analysis","tag-conflict-transformation","tag-education-for-peace","tag-latin-america-caribbean","tag-literature","tag-nonkilling","tag-peace-research","tag-youth"],"_links":{"self":[{"href":"https:\/\/www.transcend.org\/tms\/wp-json\/wp\/v2\/posts\/197881","targetHints":{"allow":["GET"]}}],"collection":[{"href":"https:\/\/www.transcend.org\/tms\/wp-json\/wp\/v2\/posts"}],"about":[{"href":"https:\/\/www.transcend.org\/tms\/wp-json\/wp\/v2\/types\/post"}],"author":[{"embeddable":true,"href":"https:\/\/www.transcend.org\/tms\/wp-json\/wp\/v2\/users\/4"}],"replies":[{"embeddable":true,"href":"https:\/\/www.transcend.org\/tms\/wp-json\/wp\/v2\/comments?post=197881"}],"version-history":[{"count":1,"href":"https:\/\/www.transcend.org\/tms\/wp-json\/wp\/v2\/posts\/197881\/revisions"}],"predecessor-version":[{"id":307786,"href":"https:\/\/www.transcend.org\/tms\/wp-json\/wp\/v2\/posts\/197881\/revisions\/307786"}],"wp:featuredmedia":[{"embeddable":true,"href":"https:\/\/www.transcend.org\/tms\/wp-json\/wp\/v2\/media\/197882"}],"wp:attachment":[{"href":"https:\/\/www.transcend.org\/tms\/wp-json\/wp\/v2\/media?parent=197881"}],"wp:term":[{"taxonomy":"category","embeddable":true,"href":"https:\/\/www.transcend.org\/tms\/wp-json\/wp\/v2\/categories?post=197881"},{"taxonomy":"post_tag","embeddable":true,"href":"https:\/\/www.transcend.org\/tms\/wp-json\/wp\/v2\/tags?post=197881"}],"curies":[{"name":"wp","href":"https:\/\/api.w.org\/{rel}","templated":true}]}}