{"id":202803,"date":"2022-01-10T12:00:43","date_gmt":"2022-01-10T12:00:43","guid":{"rendered":"https:\/\/www.transcend.org\/tms\/?p=202803"},"modified":"2022-01-08T06:00:55","modified_gmt":"2022-01-08T06:00:55","slug":"italiano-tassonomia-eu-implicazioni-e-responsabilita","status":"publish","type":"post","link":"https:\/\/www.transcend.org\/tms\/2022\/01\/italiano-tassonomia-eu-implicazioni-e-responsabilita\/","title":{"rendered":"(Italiano) Tassonomia EU: implicazioni e responsabilit\u00e0"},"content":{"rendered":"<p><em><a href=\"https:\/\/www.transcend.org\/tms\/wp-content\/uploads\/2022\/01\/Taxonomy-eu.png\" ><img loading=\"lazy\" decoding=\"async\" class=\"aligncenter wp-image-202804\" src=\"https:\/\/www.transcend.org\/tms\/wp-content\/uploads\/2022\/01\/Taxonomy-eu.png\" alt=\"\" width=\"350\" height=\"422\" srcset=\"https:\/\/www.transcend.org\/tms\/wp-content\/uploads\/2022\/01\/Taxonomy-eu.png 622w, https:\/\/www.transcend.org\/tms\/wp-content\/uploads\/2022\/01\/Taxonomy-eu-249x300.png 249w\" sizes=\"auto, (max-width: 350px) 100vw, 350px\" \/><\/a><\/em><\/p>\n<p><em>5 Gennaio 2022 &#8211; <\/em>La Commissione Europea (CE) da circa quattro anni sta lavorando per arrivare a individuare e definire <strong>quali attivit\u00e0 economiche \u2013 e quali investimenti \u2013 possano definirsi sostenibili. <\/strong>In base all\u2019acquisita consapevolezza che<strong> l\u2019economia deve ridurre il proprio impatto ambientale, <\/strong>Bruxelles si \u00e8 posta l\u2019obiettivo di considerare il mondo della finanza come lo strumento principe per affrontare questo compito. \u00a0<a target=\"_blank\" href=\"https:\/\/www.eticasgr.com\/storie\/approfondimenti\/tassonomia-verde\" >(<\/a>Tassonomia verde, <a target=\"_blank\" href=\"https:\/\/www.eticasgr.com\/storie\/approfondimenti\/tassonomia-verde\" >l\u2019Europa scrive il vocabolario della finanza sostenibile)<\/a>. Secondo la CE <strong>i soldi pubblici non basteranno, perci\u00f2 ha deciso di orientare i capitali privati verso business responsabili nel quadro di uno sviluppo economico sostenibile.\u00a0A tale scopo <\/strong>ha elaborato una <strong>tassonomia<\/strong>: <strong>una <a href=\"https:\/\/www.eticasgr.com\/storie\/tag\/tassonomia\"  target=\"_blank\" rel=\"noreferrer noopener\">classificazione<\/a> delle attivit\u00e0 economiche che possono essere definite, appunto, \u201csostenibili\u201d.<\/strong> \u00abUna guida pratica \u2013 scrive la Commissione \u2013 per politici, imprese e investitori su come investire in attivit\u00e0 economiche che contribuiscano a promuovere un\u2019economia che non impatti negativamente sull\u2019ambiente\u00bb.<\/p>\n<h3><strong>La tassonomia, che cos\u2019\u00e8?<\/strong><\/h3>\n<p>Sul significato di questa parola sono disponibili varie spiegazioni: da quelle pi\u00f9 specifiche, che fanno riferimento alle discipline scientifiche naturalistiche in cui la parola \u00e8 stata introdotta, fino a spiegazioni pi\u00f9 generali, che nascono nell\u2019ambito delle scienze cognitive.<\/p>\n<ul>\n<li>Nelle scienze naturali \u00e8 un termine usato spesso come sinonimo di sistematica: viene utilizzato per indicare da un lato le regole nomenclaturali, dall\u2019altro le tecniche per lo studio teorico della classificazione dei viventi. Il termine taxon \u00e8 impiegato genericamente per designare un raggruppamento sistematico di viventi (specie, genere, famiglia ecc.). Basata un tempo su criteri essenzialmente morfologici (cio\u00e8 su differenze e somiglianze di forma) la tassonomia si \u00e8 arricchita via via anche di metodi e valutazioni che utilizzano l\u2019analisi delle funzioni fisiologiche (la respirazione, la circolazione del sangue ecc.), le caratteristiche microscopiche, ecc., combinate con nuove tecniche di analisi statistica.<\/li>\n<li>Pi\u00f9 in generale, la <em>tassonomia<\/em> (dal greco: ?????, t\u00e0xis, ordinamento e ?????, n\u00f2mos, norma o regola) \u00e8 una branca della scienza che studia i metodi con cui si ordinano in sistemi i dati, le conoscenze e le teorie via via acquisite di un determinato insieme di soggetti. Le categorie tassonomiche sono gerarchiche, per cui i rappresentanti di una categoria inferiore possiedono tutti i caratteri tipici di quella superiore, pi\u00f9 alcuni tratti nuovi che li distinguono dai rappresentanti delle altre categorie dello stesso rango.<\/li>\n<\/ul>\n<h3><strong>Cani e gatti \u2013 una tassonomia ben conosciuta<\/strong><\/h3>\n<p>Il cane domestico e il gatto, per esempio, appartengono alla stessa classe, quella dei Mammiferi, all\u2019Ordine dei Carnivori, ma a due Famiglie diverse, i Canidi e i Felidi. Proseguendo nella scala gerarchica della tassonomia, a livello di Specie troviamo, per ciascuno dei due animali presi come esempi, almeno una cinquantina di Razze, quelle che conosciamo e distinguiamo con facilit\u00e0 perch\u00e9 sono i nostri \u2018animali di compagnia\u2019.<\/p>\n<p>Magari non riconosciamo le singole razze, ma sappiamo distinguere facilmente un cane da un gatto: non solo per la diversa conformazione del corpo e le abitudini alimentari, ma anche per l\u2019indole e il comportamento.<\/p>\n<div class=\"wp-block-columns\">\n<div class=\"wp-block-column\">\n<div class=\"wp-block-image\">\n<figure class=\"aligncenter size-full is-resized\"><img loading=\"lazy\" decoding=\"async\" class=\"wp-image-30473 alignleft\" src=\"https:\/\/serenoregis.org\/wp-content\/uploads\/2022\/01\/razze-cani.jpg\" sizes=\"auto, (max-width: 300px) 100vw, 300px\" srcset=\"https:\/\/serenoregis.org\/wp-content\/uploads\/2022\/01\/razze-cani.jpg 600w, https:\/\/serenoregis.org\/wp-content\/uploads\/2022\/01\/razze-cani-300x196.jpg 300w\" alt=\"Tassonomia\" width=\"300\" height=\"196\" \/><\/figure>\n<\/div>\n<\/div>\n<div class=\"wp-block-column\">\n<div class=\"wp-block-image\">\n<figure class=\"aligncenter size-large is-resized\"><img loading=\"lazy\" decoding=\"async\" class=\"wp-image-30474 alignright\" src=\"https:\/\/serenoregis.org\/wp-content\/uploads\/2022\/01\/gatti-domestici-750x257.jpg\" sizes=\"auto, (max-width: 375px) 100vw, 375px\" srcset=\"https:\/\/serenoregis.org\/wp-content\/uploads\/2022\/01\/gatti-domestici-750x257.jpg 750w, https:\/\/serenoregis.org\/wp-content\/uploads\/2022\/01\/gatti-domestici-300x103.jpg 300w, https:\/\/serenoregis.org\/wp-content\/uploads\/2022\/01\/gatti-domestici-768x263.jpg 768w, https:\/\/serenoregis.org\/wp-content\/uploads\/2022\/01\/gatti-domestici.jpg 1024w\" alt=\"Tassonomia\" width=\"375\" height=\"129\" \/><\/figure>\n<\/div>\n<\/div>\n<\/div>\n<h3><\/h3>\n<h3><\/h3>\n<h3><\/h3>\n<h3><\/h3>\n<h3><\/h3>\n<h3><\/h3>\n<h3><strong>Il caso anomalo dei polpi \u2013 strutture simili, intelligenze diverse<\/strong><\/h3>\n<p>Recenti ricerche sono state condotte su due specie di polpi, che abitano in ambienti molto diversi tra loro. \u00a0La tassonomia scientifica colloca questi molluschi nella stessa categoria \u2013 Cefalopodi \u2013 perch\u00e9 hanno la stessa struttura anatomica di base: una grande \u2018testa\u2019 e 8 tentacoli. Tuttavia, a causa del diverso aspetto esteriore, vengono classificati come specie diverse: il polpo comune (<em>Octopus vulgaris<\/em>), che vive nella fascia superficiale dei nostri mari, ha una forma molto diversa dal calamaro vampiro (<em>Vampyroteuthis infernalis)<\/em>, che abita solo nelle buie profondit\u00e0 oceaniche.<\/p>\n<div class=\"wp-block-columns\">\n<div class=\"wp-block-column\">\n<div class=\"wp-block-image\">\n<figure class=\"aligncenter size-large is-resized\"><img loading=\"lazy\" decoding=\"async\" class=\"wp-image-30472 alignleft\" src=\"https:\/\/serenoregis.org\/wp-content\/uploads\/2022\/01\/octopus-vulgaris-750x598.jpg\" sizes=\"auto, (max-width: 375px) 100vw, 375px\" srcset=\"https:\/\/serenoregis.org\/wp-content\/uploads\/2022\/01\/octopus-vulgaris-750x598.jpg 750w, https:\/\/serenoregis.org\/wp-content\/uploads\/2022\/01\/octopus-vulgaris-300x239.jpg 300w, https:\/\/serenoregis.org\/wp-content\/uploads\/2022\/01\/octopus-vulgaris-768x612.jpg 768w, https:\/\/serenoregis.org\/wp-content\/uploads\/2022\/01\/octopus-vulgaris.jpg 800w\" alt=\"\" width=\"375\" height=\"299\" \/><\/figure>\n<\/div>\n<\/div>\n<div class=\"wp-block-column\">\n<div class=\"wp-block-image\">\n<figure class=\"aligncenter size-full is-resized\"><img loading=\"lazy\" decoding=\"async\" class=\"wp-image-30471 alignright\" src=\"https:\/\/serenoregis.org\/wp-content\/uploads\/2022\/01\/Vampire_des_abysses.jpg\" sizes=\"auto, (max-width: 300px) 100vw, 300px\" srcset=\"https:\/\/serenoregis.org\/wp-content\/uploads\/2022\/01\/Vampire_des_abysses.jpg 600w, https:\/\/serenoregis.org\/wp-content\/uploads\/2022\/01\/Vampire_des_abysses-300x202.jpg 300w\" alt=\"\" width=\"300\" height=\"202\" \/><figcaption>\u00a9 Citron<\/figcaption><\/figure>\n<\/div>\n<\/div>\n<\/div>\n<p>&nbsp;<\/p>\n<p>&nbsp;<\/p>\n<p>Ma <a target=\"_blank\" href=\"https:\/\/doi.org\/10.1016\/j.cub.2021.10.070\" >studi recenti<\/a> hanno svelato ben pi\u00f9 importanti differenze: la struttura del sistema nervoso nel calamaro vampiro \u00e8 semplice, mentre nel polpo comune \u00e8 molto complessa e ricca di pieghe e circonvoluzioni. Le differenze neuroanatomiche sono accompagnate da abitudini di vita altrettanto diverse: comportamenti molto semplici nel calamaro vampiro, e una sorprendente capacit\u00e0 del polpo comune nel relazionarsi con altri viventi (pesci, coralli, anemoni), e addirittura nel risolvere problemi complessi (per esempio fuggire dagli acquari!).<\/p>\n<p>Se si costruisse una tassonomia basata sulle capacit\u00e0 cognitive e relazionali, il polpo comune potrebbe essere inserito in una nuova categoria, in compagnia di altri animali particolarmente intelligenti (scimpanz\u00e9, maiali, elefanti\u2026) mentre il calamaro vampiro potrebbe restare in compagnia di seppie e moscardini.<\/p>\n<p>Grazie a una tassonomia basata sulle capacit\u00e0 cognitive il destino dei polpi forse cambierebbe, e non sarebbero pi\u00f9 infilzati con le fiocine o lasciati ad agonizzare sui banchetti dei mercati\u2026<\/p>\n<p>Per costruire tassonomie occorre dunque inventare criteri di classificazione, talvolta basati su giudizi di valore, quindi in grado di influenzare comportamenti e atteggiamenti\u2026<\/p>\n<h3><strong>Implicazioni e responsabilit\u00e0 della tassonomia<\/strong><\/h3>\n<p>Ogni ambito del reale pu\u00f2 essere esplorato in modo sistematico con un approccio tassonomico, per evidenziare e raggruppare somiglianze e differenze tra i soggetti studiati, e per acquisirne una conoscenza che permette di organizzare i dati secondo un criterio gerarchico.<\/p>\n<p>L\u2019individuazione di somiglianze e differenze, e la formazione di categorie, dipende dallo stato delle <strong>conoscenze<\/strong> al momento dello studio, e dall\u2019<strong>importanza<\/strong> che gli studiosi attribuiscono ai caratteri presi in esame per formare le categorie. Stabilire una nuova tassonomia o modificarne una esistente pu\u00f2 avere <strong>conseguenze<\/strong> importanti, soprattutto quando si tratta di definire processi e comportamenti che riguardano l\u2019ambito delle attivit\u00e0 umane e delle scelte collettive. Per esempio, nel caso dell\u2019energia nucleare, scegliere come parametro da minimizzare le emissioni di CO<sub>2<\/sub> in atmosfera e non la produzione di scorie radioattive implica una scelta con significative implicazioni etiche.<\/p>\n<p>La scelta della Commissione Europea di introdurre il concetto di \u2018tassonomia\u2019 \u00e8 resa evidente dalla lettura dei documenti della Commissione stessa: \u201c<em>the UE Taxonomy is a robust, science based transparency tool<\/em>\u201d per le imprese e gli investitori.\u201d\u00a0 Viene dunque presentata come uno strumento che ha ricevuto l\u2019approvazione della comunit\u00e0 scientifica, e in quanto tale deve essere accettata senza essere ulteriormente messa in discussione.<\/p>\n<h3><strong>Tassonomia e sostenibilit\u00e0<\/strong><\/h3>\n<p>Ma questa tassonomia, a differenza di quelle per lo pi\u00f9 utilizzate nell\u2019ambito del mondo scientifico, non ha lo scopo di mettere ordine nelle conoscenze via via acquisite, confrontare le idee, esplorare nuove ipotesi di <strong>interpretazione<\/strong> del mondo: \u00e8 invece uno strumento che vuole essere utilizzato per stabilire quali sono le azioni possibili che le forze dell\u2019economia e della finanza possono lecitamente compiere <strong>nell\u2019agire sul mondo e nel trasformarlo.<\/strong><\/p>\n<p>Quanto pu\u00f2 essere definita \u2018scientifica\u2019 una tassonomia basata sulla \u2018sostenibilit\u00e0 ambientale\u2019? Quali categorie la caratterizzano, tanto da permetterne una condivisione?<\/p>\n<p>In realt\u00e0 dietro lo sforzo di arrivare a regole condivise per il governo del pianeta si cela il confronto \u2013 mascherato da procedura scientifica \u2013 tra due visioni del mondo profondamente in contrasto tra loro: due grandi \u2018narrazioni\u2019 tra loro antagoniste sulla natura, la posizione e il destino dell\u2019umanit\u00e0; sul ruolo che le conoscenze \u2013 non solo tecnico-scientifiche, ma anche storiche, cognitive, relazionali \u2013 possono svolgere nell\u2019orientare le grandi scelte che siamo chiamati a compiere. E soprattutto quali scelte etiche ne costituiscono la base. Che \u2018valore\u2019 diamo a noi stessi, agli altri umani, ai viventi, alla Terra di cui siamo ospiti e prigionieri?<\/p>\n<p>Non c\u2019\u00e8 da stupirsi quindi se da pi\u00f9 di un anno si sono moltiplicate le discussioni e le controversie su quali azioni (nello specifico, quali attivit\u00e0 commerciali, economiche, finanziarie) possano \/ debbano essere incluse nella liste delle attivit\u00e0 considerate \u2018sostenibili\u2019, o \u2018green\u2019. Ed \u00e8 vistoso (ed era prevedibile\u2026) \u00a0il moltiplicarsi di \u2018esperti\u2019 chiamati a esprimere considerazioni e pareri, al punto che le competenze specifiche degli scienziati sono sempre pi\u00f9 affiancate (e talvolta sopraffatte) dalle voci dei numerosi \u2018stakeholders\u2019 interessati a definire una tassonomia che rispecchi i loro interessi e valori.<\/p>\n<h3><strong>Il nucleare \u2018sostenibile\u2019<\/strong><\/h3>\n<p>La controversia sull\u2019eventuale inclusione dell\u2019energia nucleare e da gas tra le fonti ambientalmente sostenibili \u00e8 davvero scottante e urgente, se la Commissione Europea ha deciso di pubblicare una dichiarazione in merito proprio <strong>il 1\u00b0 gennaio 2022<\/strong>: <a target=\"_blank\" href=\"https:\/\/serenoregis.org\/2022\/01\/05\/tassonomia-europea\/(https:\/ec.europa.eu%20\u203a%20detail\" >EU Taxonomy: Commission begins expert consultations<\/a>.<\/p>\n<p>Ne traduco qui alcuni passi. <em>Ieri la Commissione Europea ha iniziato le consultazioni con il Gruppo di Esperti degli Stati Membri sulla Finanza Sostenibile e con la Piattaforma sulla Finanza Sostenibile per discutere una bozza di testo di un \u2018Taxonomy Complementary Delegated Act\u2019 che riguarda certe attivit\u00e0 relative a gas e nucleare. [\u2026] tenendo conto dei pareri scientifici e dell\u2019attuale progresso tecnologico, la Commissione ritiene ci sia un ruolo che il gas naturale e il nucleare possono svolgere per facilitare la transizione verso un futuro basato in modo prevalente dal rinnovabile. [\u2026] si tratta di stabilire per queste fonti energetiche condizioni chiare e rigide (per esempio il gas deve provenire da fonti rinnovabili oppure avere basse emissioni entro il 2035), in particolare in quanto contribuiscono alla transizione verso la neutralit\u00e0 climatica.\u00a0 [\u2026] Le attivit\u00e0 considerate in questo Delegated Act complementare renderebbero pi\u00f9 rapido l\u2019abbandono di fonti pi\u00f9 pericolose, come il carbone\u2026<\/em><\/p>\n<figure class=\"wp-block-table\">\n<table>\n<tbody>\n<tr>\n<td>Davide Tarabelli (economista, industriale) sul quotidiano La Stampa del 3 gennaio 2022: \u201c<em>Ora l\u2019atomo \u00e8 una necessit\u00e0<\/em>\u201d. \u201c<em>Se non ci fosse il nucleare l\u2019Europa da tempo sarebbe finita nel buio<\/em>\u201d.<\/td>\n<td>21 dicembre 2021. Secondo Angelo Tartaglia, (professore di Fisica presso il Politecnico di\u00a0 Torino),\u00a0 <a target=\"_blank\" href=\"https:\/\/www.ilfattoquotidiano.it\/2021\/12\/21\/nucleare-di-quarta-generazione-non-esiste-includerlo-nel-piano-green-della-ue-e-un-suicidio-il-prof-tartaglia-smonta-le-teorie-pro-atomo-non-e-ne-sicuro-ne-pulito\/6432609\/\" >\u201c<em>Includere il nucleare nella Tassonomia verde dell\u2019Ue \u00e8 un suicidio<\/em><\/a><em>\u201c, <\/em>\u00a0perch\u00e9 quella dell\u2019atomo \u201c<em>non \u00e8 energia pulita e sicura\u201d.<\/em><\/td>\n<\/tr>\n<\/tbody>\n<\/table>\n<\/figure>\n<h3><strong>E i mass media?<\/strong><\/h3>\n<p>Dopo tanto tempo e tante discussioni, le controversie sulla sostenibilit\u00e0 dell\u2019energia nucleare si moltiplicano invece di risolversi. \u00a0Come segnala Francesco Gonella, professore di Fisica a Venezia, <em>la maggior parte delle fonti di informazione di pi\u00f9 facile accesso (come mass media e pubblicazioni divulgative) solitamente \u00e8 a favore o contro sulla base dell\u2019appartenenza a <strong>un\u2019ideologia politica<\/strong> o a una qualche comunit\u00e0 o corporazione<\/em>.<\/p>\n<p>Anche Gianni Mattioli e Massimo Scalia (nell\u2019articolo <em>\u201cQuesta o quella per me pari sono\u201d,\u00a0 <\/em>pubblicato sul <a href=\"https:\/\/www.lanuovaecologia.it\/qualenergia-novembre-dicembre-2021\/\"  target=\"_blank\" rel=\"noreferrer noopener\">n.5\/2021<\/a> della rivista bimestrale QualEnergia)\u00a0 sottolineano che il fabbisogno energetico del mondo \u00e8 sempre stato <strong>una questione strategica<\/strong>, intessuta di complesse manovre politiche a servizio di interessi economici e\/o dei potenti, oggi drammaticamente connotata dal \u201c<em>Non c\u2019\u00e8 pi\u00f9 tempo<\/em>\u201d.<\/p>\n<p>Riporto nelle righe che seguono alcuni risultati dalla ricerca effettuata il 2 gennaio 2022 inserendo le parole \u201cEU nuclear taxonomy\u201d sul motore di ricerca di Google, e selezionando le prime tra le notizie dell\u2019ultima settimana. Confusione e contraddizioni emergono vistosamente.<\/p>\n<p>16 ore fa <a href=\"E:\\ONLUS\\CSSR\\anno%202021\\NL\\tassonomia%20UE\\EU%20drafts%20plan%20to%20label%20gas%20and%20nuclear%20investments%20as%20green%20(https:\\www.reuters.com%20\u203a%20markets\">\u00a0<strong>EU drafts plan to label gas and nuclear investments as green (<\/strong><em>https:\/\/www.reuters.com \u203a markets<\/em><\/a><\/p>\n<p><em>L\u2019Unione Europea ha redatto un piano per includere alcune forme di gas naturale e di energia nucleare nella tassonomia della finanza sostenibile\u2026<\/em><\/p>\n<p><a href=\"E:\\ONLUS\\CSSR\\anno%202021\\NL\\tassonomia%20UE\\16%20ore%20fa%20Germany%20hits%20out%20at%20Brussels%20plan%20to%20label%20nuclear%20and%20gas%20..%20(https:\\www.politico.eu%20\u203a%20article)\">16 ore fa <strong>Germany hits out at Brussels plan to label nuclear and gas .. <\/strong><strong>(<\/strong><em>https:\/\/www.politico.eu \u203a article)<\/em><\/a><\/p>\n<p><em>Penso che sia assolutamente sbagliato che la Commissione Europea intenda includere l\u2019energia nucleare nella tassonomia UE delle attivit\u00e0 economiche sostenibili.<\/em><\/p>\n<p>21 ore fa <strong><u><a target=\"_blank\" href=\"LEAK:%20EU%20drafts%20plan%20to%20label%20gas%20and%20nuclear%20investments%20as%20...%0dhttps:\/\/www.euractiv.com%20\u203a%20news%0d\" >LEAK: EU drafts plan to label gas and nuclear investments as \u2026<\/a><\/u><\/strong><\/p>\n<p><em><a target=\"_blank\" href=\"LEAK:%20EU%20drafts%20plan%20to%20label%20gas%20and%20nuclear%20investments%20as%20...%0dhttps:\/\/www.euractiv.com%20\u203a%20news%0d\" >https:\/\/www.euractiv.com \u203a news<\/a><\/em><\/p>\n<p><a href=\"E:\\ONLUS\\CSSR\\anno%202021\\NL\\tassonomia%20UE\\1%20giorno%20fa%20Brussels%20proposes%20green%20label%20for%20nuclear%20and%20natural%20gas%20(https:\\www.ft.com%20\u203a)\">1 giorno fa <strong>Brussels proposes green label for nuclear and natural gas (<\/strong><em>https:\/\/www.ft.com \u203a)<\/em><\/a><\/p>\n<p>11 ore fa \u2014 <strong><u>Commission sneaks out gas and nuclear plan, locks out citizens (<\/u><\/strong><em><u>https:\/\/www.wwf.eu \u203a \u2026)<\/u><\/em> <em>La Commissione inserisce di nascosto un piano per gas e nucleare, all\u2019insaputa dei cittadini.<\/em><\/p>\n<h3><strong>Domande da porre \u2013 per allargare lo sguardo<\/strong><\/h3>\n<p>La Commissione Europea sta cercando di imporre la <strong>tassonomia<\/strong> come <em>\u201cuna guida pratica per politici, imprese e investitori su come investire in attivit\u00e0 economiche che contribuiscano a promuovere un\u2019economia che non impatti negativamente sull\u2019ambiente<\/em>\u201d, presentandola come un manuale scientificamente validato. Tuttavia, come ho gi\u00e0 accennato, resta da affrontare il vero nodo di questo periodo storico. Il confronto tra <strong>due narrazioni opposte<\/strong> del mondo, due <strong>visioni<\/strong> alimentate da motivazioni, valori, aspettative, paure diverse\u2026\u00a0 Sarebbe molto utile riuscire a riconoscerle, ad analizzarle, a metterle in discussione, a farne oggetto di riflessione, cogliendo il carattere sistemico di ogni singolo tema, la dimensione globale di ogni scenario, le implicazioni sociali e morali di ciascuna delle due posizioni.<\/p>\n<p>Mentre si indaga, consultando doverosamente le numerose fonti di informazione disponibili, non bisogna tuttavia rinunciare a interrogarsi. Ci sono domande che ciascuno di noi pu\u00f2 formulare come persona e come cittadina. Domande che aiutano a far emergere le visioni implicite, i presupposti etici soggiacenti.\u00a0 A molte domande non abbiamo risposta, ma il fatto stesso di porcele pu\u00f2 orientarci nella ricerca.<\/p>\n<p>Per esempio, nel decidere quali fonti energetiche utilizzare, sappiamo di quanta energia ha bisogno l\u2019umanit\u00e0 per vivere in modo sostenibile? E quanta ne spetta a ciascuno in condizioni di equit\u00e0 sociale? Come ottenere fonti energetiche \u2018sostenibili\u2019 minimizzando i danni (consumi di materie prime, degrado del territorio, scorie inquinanti) durante le fasi del processo produttivo?\u00a0 E\u2019 possibile mettere a punto una lista (una \u2018<em>guida pratica\u2019..)<\/em> dei bisogni energetici primari, che escluda gli utilizzi superflui (certi scambi commerciali internazionali, produzione di oggetti usa e getta), e soprattutto quelli negativi (coltivazioni energivore, armamenti, attivit\u00e0 belliche)\u2026? Quale contributo siamo disposti a dare affinch\u00e9 i consumi totali siano ridotti, e meglio distribuiti?<\/p>\n<p>Non si tratta solo di fare scelte personali, ma di impegnarsi attivamente nelle battaglie collettive di associazioni e ONG; riconoscendo nel loro impegno a un problema specifico (la salute, la tutela del territorio, la lotta alla povert\u00e0, il ruolo pubblico dell\u2019acqua\u2026) anche un contributo a una corretta soluzione del problema energetico.<\/p>\n<p><em>_______________________________________________<\/em><\/p>\n<p style=\"padding-left: 40px;\"><a href=\"https:\/\/www.transcend.org\/tms\/wp-content\/uploads\/2015\/11\/elena_camino_95-180x167-e1588393371480.jpg\" ><img loading=\"lazy\" decoding=\"async\" class=\"alignleft size-full wp-image-66008\" src=\"https:\/\/www.transcend.org\/tms\/wp-content\/uploads\/2015\/11\/elena_camino_95-180x167-e1588393371480.jpg\" alt=\"\" width=\"100\" height=\"93\" \/><\/a><\/p>\n<p>&nbsp;<\/p>\n<p style=\"padding-left: 40px;\"><em>Elena Camino <\/em><em>\u00e8 membro della rete <\/em><em><a href=\"https:\/\/www.transcend.org\/\" >TRANSCEND per la Pace, Sviluppo e Ambiente<\/a><\/em><em> e <\/em><em><a target=\"_blank\" href=\"http:\/\/www.assefatorino.org\" >Gruppo ASSEFA Torino<\/a><\/em><em>.<\/em><\/p>\n<p>&nbsp;<\/p>\n<p><a target=\"_blank\" href=\"https:\/\/serenoregis.org\/2022\/01\/05\/tassonomia-europea\/\" >Go to Original \u2013 serenoregis.org<\/a><\/p>\n","protected":false},"excerpt":{"rendered":"<p>5 Gennaio 2022 &#8211; La Commissione Europea (CE) da circa quattro anni sta lavorando per arrivare a individuare e definire quali attivit\u00e0 economiche \u2013 e quali investimenti \u2013 possano definirsi sostenibili.<\/p>\n","protected":false},"author":4,"featured_media":66008,"comment_status":"open","ping_status":"closed","sticky":false,"template":"","format":"standard","meta":{"footnotes":""},"categories":[46],"tags":[1268,562,2774],"class_list":["post-202803","post","type-post","status-publish","format-standard","has-post-thumbnail","hentry","category-original-languages","tag-european-union","tag-finance","tag-taxonomy"],"_links":{"self":[{"href":"https:\/\/www.transcend.org\/tms\/wp-json\/wp\/v2\/posts\/202803","targetHints":{"allow":["GET"]}}],"collection":[{"href":"https:\/\/www.transcend.org\/tms\/wp-json\/wp\/v2\/posts"}],"about":[{"href":"https:\/\/www.transcend.org\/tms\/wp-json\/wp\/v2\/types\/post"}],"author":[{"embeddable":true,"href":"https:\/\/www.transcend.org\/tms\/wp-json\/wp\/v2\/users\/4"}],"replies":[{"embeddable":true,"href":"https:\/\/www.transcend.org\/tms\/wp-json\/wp\/v2\/comments?post=202803"}],"version-history":[{"count":0,"href":"https:\/\/www.transcend.org\/tms\/wp-json\/wp\/v2\/posts\/202803\/revisions"}],"wp:featuredmedia":[{"embeddable":true,"href":"https:\/\/www.transcend.org\/tms\/wp-json\/wp\/v2\/media\/66008"}],"wp:attachment":[{"href":"https:\/\/www.transcend.org\/tms\/wp-json\/wp\/v2\/media?parent=202803"}],"wp:term":[{"taxonomy":"category","embeddable":true,"href":"https:\/\/www.transcend.org\/tms\/wp-json\/wp\/v2\/categories?post=202803"},{"taxonomy":"post_tag","embeddable":true,"href":"https:\/\/www.transcend.org\/tms\/wp-json\/wp\/v2\/tags?post=202803"}],"curies":[{"name":"wp","href":"https:\/\/api.w.org\/{rel}","templated":true}]}}