{"id":214143,"date":"2022-05-30T12:00:03","date_gmt":"2022-05-30T11:00:03","guid":{"rendered":"https:\/\/www.transcend.org\/tms\/?p=214143"},"modified":"2022-05-30T05:04:53","modified_gmt":"2022-05-30T04:04:53","slug":"portugues-como-ignorar-a-violencia-por-tras-do-leite-e-dos-derivados","status":"publish","type":"post","link":"https:\/\/www.transcend.org\/tms\/2022\/05\/portugues-como-ignorar-a-violencia-por-tras-do-leite-e-dos-derivados\/","title":{"rendered":"(Portugu\u00eas) Como ignorar a viol\u00eancia por tr\u00e1s do leite e dos derivados?"},"content":{"rendered":"<div id=\"attachment_214144\" style=\"width: 410px\" class=\"wp-caption aligncenter\"><a href=\"https:\/\/www.transcend.org\/tms\/wp-content\/uploads\/2022\/05\/vaca-leiteira-crueldade.jpg\" ><img loading=\"lazy\" decoding=\"async\" aria-describedby=\"caption-attachment-214144\" class=\"wp-image-214144\" src=\"https:\/\/www.transcend.org\/tms\/wp-content\/uploads\/2022\/05\/vaca-leiteira-crueldade.jpg\" alt=\"\" width=\"400\" height=\"266\" srcset=\"https:\/\/www.transcend.org\/tms\/wp-content\/uploads\/2022\/05\/vaca-leiteira-crueldade.jpg 1024w, https:\/\/www.transcend.org\/tms\/wp-content\/uploads\/2022\/05\/vaca-leiteira-crueldade-300x199.jpg 300w, https:\/\/www.transcend.org\/tms\/wp-content\/uploads\/2022\/05\/vaca-leiteira-crueldade-768x510.jpg 768w\" sizes=\"auto, (max-width: 400px) 100vw, 400px\" \/><\/a><p id=\"caption-attachment-214144\" class=\"wp-caption-text\">Vegazeta<\/p><\/div>\n<p><em>30 de maio de 2022 &#8211; <\/em>Quando vejo as longas fileiras de caixas de leite no supermercado, n\u00e3o consigo ignorar a viol\u00eancia por tr\u00e1s daqueles produtos que parecem de origem pac\u00edfica. E assim parecem porque esse \u00e9 o poder da dissimula\u00e7\u00e3o do consumo. As pessoas apenas passam e empurram caixas para dentro do carrinho ou colocam em suas cestas e continuam suas compras.<\/p>\n<p>A impress\u00e3o retorna na se\u00e7\u00e3o de latic\u00ednios, onde h\u00e1 uma infinidade de produtos a partir do sistema industrial que n\u00e3o apenas oferece op\u00e7\u00f5es ao consumidor, mas tamb\u00e9m a comodidade de n\u00e3o precisar refletir sobre a vida e morte dos animais envolvidos nesse processo. Mais f\u00e1cil ainda \u00e9 ignorar tantos outros produtos, que trazem leite e outros ingredientes l\u00e1cteos na composi\u00e7\u00e3o e passam despercebidos por muitos.<\/p>\n<p>Tenho o mesmo olhar de estranhamento em rela\u00e7\u00e3o aos comerciais, em que celebridades ganham centenas de milhares de reais, ou at\u00e9 milh\u00f5es, dependendo da dura\u00e7\u00e3o da campanha, para promover novos produtos l\u00e1cteos ou convencer a popula\u00e7\u00e3o a continuar consumindo latic\u00ednios.<\/p>\n<p>Mas por que devo consumir um alimento que depende de animais em fase de lacta\u00e7\u00e3o, aptos a nutrirem seus filhotes? Consumir um alimento que naturalmente n\u00e3o existe para minha nutri\u00e7\u00e3o \u00e9 estranho. E quanto mais leite, ou produtos com leite, consumimos, pior \u00e9 a situa\u00e7\u00e3o dos animais. S\u00f3 em 2021, durante a pandemia, os brasileiros consumiram 6,7 bilh\u00f5es de litros de leite longa vida.<\/p>\n<p>Separa\u00e7\u00e3o precoce, descarte de bezerros, descarte de vacas, morte prematura, desenvolvimento de doen\u00e7as, incluindo mam\u00e1rias (que s\u00e3o comuns), redu\u00e7\u00e3o da expectativa de vida \u2013 tudo isso \u00e9 inerente a uma realidade de alto consumo de latic\u00ednios. Devo ignorar que a ordenha mec\u00e2nica, que responde pela maior parte da produ\u00e7\u00e3o leiteira, exige muito glicog\u00eanio do animal?<\/p>\n<p><strong><a target=\"_blank\" href=\"https:\/\/vegazeta.com.br\/ate-30-das-vacas-leiteiras-acabam-no-matadouro-a-cada-ano\/\" >Por ano, at\u00e9 30% das vacas leiteiras s\u00e3o abatidas<\/a> <\/strong>\u2013 destino que estende-se a todas nesse sistema \u2013 j\u00e1 que a \u201cinefici\u00eancia produtiva\u201d resulta no animal vendido para o frigor\u00edfico e abatido. Ent\u00e3o ocorre o que chamam de \u201creposi\u00e7\u00e3o\u201d.<\/p>\n<p>O que tamb\u00e9m n\u00e3o ajuda \u00e9 que em 2021 o <strong><a target=\"_blank\" href=\"https:\/\/vegazeta.com.br\/portaria-do-ministerio-da-agricultura-estimula-abate-de-vacas-em-fase-final-de-gestacao\/\" >Brasil regulamentou o abate de vacas em fase final de gesta\u00e7\u00e3o<\/a><\/strong>. \u00c9 algo cruel. Na portaria consta que os fetos n\u00e3o devem ser removidos do \u00fatero antes de cinco minutos ap\u00f3s o t\u00e9rmino da sangria da f\u00eamea gestante; e se um feto \u201cmaduro\u201d e vivo for removido do \u00fatero, ele deve ser impedido de inflar seus pulm\u00f5es e respirar o ar.<\/p>\n<p>\u201cSe houver d\u00favidas quanto ao estado de inconsci\u00eancia do feto, este deve ser morto mediante uso de dispositivo de dardo cativo de tamanho compat\u00edvel ou com um golpe na cabe\u00e7a com instrumento contundente\u201d, sugere o Regulamento T\u00e9cnico de Manejo Pr\u00e9-abate e Abate Humanit\u00e1rio.<\/p>\n<p>Sim, \u00e9 algo terr\u00edvel e muitas pessoas \u201cpr\u00f3-vida\u201d ignoram tal barb\u00e1rie. Mas o que permite ao governo regulamentar essas \u201cnormas t\u00e9cnicas de abate\u201d? Sem d\u00favida, o alto consumo de latic\u00ednios. Afinal, a \u00e2nsia pela flexibilidade no processo de \u201cprodu\u00e7\u00e3o animal\u201d, que intensifica a crueldade, s\u00f3 existe porque h\u00e1 uma elevada demanda que estimula esse tipo de pr\u00e1tica.<\/p>\n<p>Enfim, o lucro associado a esse tipo de conduta arbitr\u00e1ria em rela\u00e7\u00e3o aos animais s\u00f3 \u00e9 poss\u00edvel porque h\u00e1 muitas pessoas nos mercados em busca de leite e produtos \u00e0 base de leite e\/ou com leite.<\/p>\n<p><em>_____________________________________________<\/em><\/p>\n<p style=\"padding-left: 40px;\"><em><a href=\"https:\/\/www.transcend.org\/tms\/wp-content\/uploads\/2020\/07\/David-Arioch.jpeg\" ><img loading=\"lazy\" decoding=\"async\" class=\"alignleft size-full wp-image-164698\" src=\"https:\/\/www.transcend.org\/tms\/wp-content\/uploads\/2020\/07\/David-Arioch.jpeg\" alt=\"\" width=\"96\" height=\"96\" \/><\/a><\/em><\/p>\n<p style=\"padding-left: 40px;\"><em> David Arioch \u00e9 jornalista profissional, historiador e especialista em jornalismo cultural, hist\u00f3rico e liter\u00e1rio<\/em> <em>(MTB: 10612\/PR). <\/em><em><a target=\"_blank\" href=\"http:\/\/davidarioch.com\" >http:\/\/davidarioch.com<\/a><\/em><\/p>\n<p>&nbsp;<\/p>\n<p><a target=\"_blank\" href=\"https:\/\/vegazeta.com.br\/como-ignorar-a-violencia-por-tras-do-leite-e-dos-derivados\/\" >Go to Original \u2013 vegazeta.com.br<\/a><\/p>\n","protected":false},"excerpt":{"rendered":"<p>30 de maio de 2022 &#8211; Quando vejo as longas fileiras de caixas de leite no supermercado, n\u00e3o consigo ignorar a viol\u00eancia por tr\u00e1s daqueles produtos que parecem de origem pac\u00edfica. E assim parecem porque esse \u00e9 o poder da dissimula\u00e7\u00e3o do consumo.<\/p>\n","protected":false},"author":4,"featured_media":164698,"comment_status":"open","ping_status":"closed","sticky":false,"template":"","format":"standard","meta":{"footnotes":""},"categories":[46],"tags":[1208,786,2119,831,991],"class_list":["post-214143","post","type-post","status-publish","format-standard","has-post-thumbnail","hentry","category-original-languages","tag-animal-cruelty","tag-animal-justice","tag-dairy","tag-veganism","tag-vegetarianism"],"_links":{"self":[{"href":"https:\/\/www.transcend.org\/tms\/wp-json\/wp\/v2\/posts\/214143","targetHints":{"allow":["GET"]}}],"collection":[{"href":"https:\/\/www.transcend.org\/tms\/wp-json\/wp\/v2\/posts"}],"about":[{"href":"https:\/\/www.transcend.org\/tms\/wp-json\/wp\/v2\/types\/post"}],"author":[{"embeddable":true,"href":"https:\/\/www.transcend.org\/tms\/wp-json\/wp\/v2\/users\/4"}],"replies":[{"embeddable":true,"href":"https:\/\/www.transcend.org\/tms\/wp-json\/wp\/v2\/comments?post=214143"}],"version-history":[{"count":0,"href":"https:\/\/www.transcend.org\/tms\/wp-json\/wp\/v2\/posts\/214143\/revisions"}],"wp:featuredmedia":[{"embeddable":true,"href":"https:\/\/www.transcend.org\/tms\/wp-json\/wp\/v2\/media\/164698"}],"wp:attachment":[{"href":"https:\/\/www.transcend.org\/tms\/wp-json\/wp\/v2\/media?parent=214143"}],"wp:term":[{"taxonomy":"category","embeddable":true,"href":"https:\/\/www.transcend.org\/tms\/wp-json\/wp\/v2\/categories?post=214143"},{"taxonomy":"post_tag","embeddable":true,"href":"https:\/\/www.transcend.org\/tms\/wp-json\/wp\/v2\/tags?post=214143"}],"curies":[{"name":"wp","href":"https:\/\/api.w.org\/{rel}","templated":true}]}}