{"id":218594,"date":"2022-08-29T12:00:55","date_gmt":"2022-08-29T11:00:55","guid":{"rendered":"https:\/\/www.transcend.org\/tms\/?p=218594"},"modified":"2022-08-26T05:06:04","modified_gmt":"2022-08-26T04:06:04","slug":"is-lula-under-threat-political-intrigue-grows-as-right-suddenly-merges-with-left-in-brazils-upcoming-presidential-election","status":"publish","type":"post","link":"https:\/\/www.transcend.org\/tms\/2022\/08\/is-lula-under-threat-political-intrigue-grows-as-right-suddenly-merges-with-left-in-brazils-upcoming-presidential-election\/","title":{"rendered":"Is Lula under Threat? Political Intrigue Grows as Right Suddenly Merges with Left in Brazil\u2019s Upcoming Presidential Election"},"content":{"rendered":"<div id=\"attachment_218595\" style=\"width: 410px\" class=\"wp-caption aligncenter\"><a href=\"https:\/\/www.transcend.org\/tms\/wp-content\/uploads\/2022\/08\/lula-brazil-2022-election.webp\" ><img loading=\"lazy\" decoding=\"async\" aria-describedby=\"caption-attachment-218595\" class=\"wp-image-218595\" src=\"https:\/\/www.transcend.org\/tms\/wp-content\/uploads\/2022\/08\/lula-brazil-2022-election.webp\" alt=\"\" width=\"400\" height=\"266\" srcset=\"https:\/\/www.transcend.org\/tms\/wp-content\/uploads\/2022\/08\/lula-brazil-2022-election.webp 625w, https:\/\/www.transcend.org\/tms\/wp-content\/uploads\/2022\/08\/lula-brazil-2022-election-300x199.webp 300w\" sizes=\"auto, (max-width: 400px) 100vw, 400px\" \/><\/a><p id=\"caption-attachment-218595\" class=\"wp-caption-text\">[Source: americasquarterly.org]<\/p><\/div>\n<blockquote><p><em>\u201cIt\u2019s also in your hands to prevent the return of corruption and robbery to take hold of the country\u2026 It\u2019s you who can prevent the release of a prisoner [Lula] convicted of corruption.\u201d<\/em><\/p>\n<p>\u2014 Geraldo Alckmin speaking during his 2018 presidential campaign. Four years on, the former governor of S\u00e3o Paulo is now Lula\u2019s vice-presidential running mate in the October 2022 presidential election.<\/p><\/blockquote>\n<h2 style=\"text-align: center;\"><strong>Part 1<\/strong><\/h2>\n<p class=\"has-drop-cap\"><em>25 Aug 2022 &#8211;<\/em> For traditional progressive forces in Brazil, Latin America\u2019s pink tide resumes its stride when Lu\u00edz In\u00e1cio \u201cLula\u201d da Silva is re-elected for a third term as president. It\u2019s a sentiment rooted in the size and geopolitical importance of the country. South America\u2019s giant is, by far, the largest land mass, population and economy in the region. It fluctuates somewhere in the top 20 list in each category worldwide.<\/p>\n<p>Similar enthusiasm for Lula\u2019s return to office pervades the region particularly, and the Global South generally. Considering the dearth and tragedy of Brazil\u2019s present political conundrum and that Lula leads all presidential polls against his main rival, incumbent president Jair Bolsonaro, they have good reason.<\/p>\n<p>Lula\u2019s two-term presidency (2003-2011) was no fluke, much less a disappointment. Coming after three failed campaigns (1989, 1994, and 1998) at the Pal\u00e1cio do Planalto, the official workplace for Brazil\u2019s head of state, tens of millions were lifted out of poverty. The UN World Hunger Map axed Brazil from its inglorious list. Bolsa Familia (Family Grant), started just two years into Lula\u2019s first term as president, provided monthly stipends to guarantee basic needs of poor families. Tack on Lula\u2019s successor, Dilma Rousseff, also a Workers\u2019 Party (PT) member, and Brazil\u2019s government, during a thirteen-and-a-half year period, built 422 technical schools, 18 public universities and 173 new university campuses, surpassing the total number of educational institutions built in the country\u2019s entire history.<\/p>\n<figure class=\"wp-block-image alignwide\"><img loading=\"lazy\" decoding=\"async\" class=\"wp-image-44638\" src=\"https:\/\/i0.wp.com\/covertactionmagazine.com\/wp-content\/uploads\/2022\/08\/photo-dilma-rousseff-with-lula-during-the-2010-pr.jpeg?resize=696%2C474&amp;ssl=1\" sizes=\"auto, (max-width: 696px) 100vw, 696px\" srcset=\"https:\/\/i0.wp.com\/covertactionmagazine.com\/wp-content\/uploads\/2022\/08\/photo-dilma-rousseff-with-lula-during-the-2010-pr.jpeg?w=750&amp;ssl=1 750w, https:\/\/i0.wp.com\/covertactionmagazine.com\/wp-content\/uploads\/2022\/08\/photo-dilma-rousseff-with-lula-during-the-2010-pr.jpeg?resize=300%2C204&amp;ssl=1 300w, https:\/\/i0.wp.com\/covertactionmagazine.com\/wp-content\/uploads\/2022\/08\/photo-dilma-rousseff-with-lula-during-the-2010-pr.jpeg?resize=150%2C102&amp;ssl=1 150w, https:\/\/i0.wp.com\/covertactionmagazine.com\/wp-content\/uploads\/2022\/08\/photo-dilma-rousseff-with-lula-during-the-2010-pr.jpeg?resize=218%2C150&amp;ssl=1 218w, https:\/\/i0.wp.com\/covertactionmagazine.com\/wp-content\/uploads\/2022\/08\/photo-dilma-rousseff-with-lula-during-the-2010-pr.jpeg?resize=696%2C474&amp;ssl=1 696w\" alt=\"Photo: Dilma Rousseff with Lula during the 2010 presidential campaign. Credit: Wikimedia Commons\" width=\"696\" height=\"474\" data-attachment-id=\"44638\" data-permalink=\"https:\/\/covertactionmagazine.com\/2022\/08\/25\/is-lula-under-threat-political-intrigue-grows-as-right-suddenly-merges-with-left-in-brazils-upcoming-presidential-election\/photo-dilma-rousseff-with-lula-during-the-2010-pr\/\" data-orig-file=\"https:\/\/i0.wp.com\/covertactionmagazine.com\/wp-content\/uploads\/2022\/08\/photo-dilma-rousseff-with-lula-during-the-2010-pr.jpeg?fit=750%2C511&amp;ssl=1\" data-orig-size=\"750,511\" data-comments-opened=\"1\" data-image-meta=\"{&quot;aperture&quot;:&quot;0&quot;,&quot;credit&quot;:&quot;&quot;,&quot;camera&quot;:&quot;&quot;,&quot;caption&quot;:&quot;&quot;,&quot;created_timestamp&quot;:&quot;0&quot;,&quot;copyright&quot;:&quot;&quot;,&quot;focal_length&quot;:&quot;0&quot;,&quot;iso&quot;:&quot;0&quot;,&quot;shutter_speed&quot;:&quot;0&quot;,&quot;title&quot;:&quot;&quot;,&quot;orientation&quot;:&quot;1&quot;}\" data-image-title=\"photo-dilma-rousseff-with-lula-during-the-2010-pr\" data-image-description=\"\" data-image-caption=\"\" data-medium-file=\"https:\/\/i0.wp.com\/covertactionmagazine.com\/wp-content\/uploads\/2022\/08\/photo-dilma-rousseff-with-lula-during-the-2010-pr.jpeg?fit=300%2C204&amp;ssl=1\" data-large-file=\"https:\/\/i0.wp.com\/covertactionmagazine.com\/wp-content\/uploads\/2022\/08\/photo-dilma-rousseff-with-lula-during-the-2010-pr.jpeg?fit=696%2C474&amp;ssl=1\" data-recalc-dims=\"1\" \/><figcaption>A successful duo: Dilma Rousseff, left, with Lula, during 2010 presidential campaign. [Source: <a target=\"_blank\" href=\"https:\/\/www.international-press-syndicate.org\/index.php\/syndication\/individual-journalists\/291-why-brazil-must-not-fire-its-president\" >international-press-syndicate.org<\/a>]<\/figcaption><\/figure>\n<p>Unlike Brazil\u2019s current head of state, an object of envy for the likes of Fox News\u2019 Tucker Carlson with his recent pro-Bolsonaro coverage in Rio de Janeiro and Bras\u00edlia, Lula\u2019s presidency represented a shining light for large sectors of society, mainly the poor and working class\u2014a glimmer of hope carving out the beaten path of the country\u2019s violent, racist and socially divisive track record. Indeed, Da Sliva left office with a record high\u00a0<a target=\"_blank\" href=\"https:\/\/www.cnn.com\/2018\/04\/05\/americas\/brazil-lula-ruling-corruption-election-intl\" >90% approval rate<\/a>.<\/p>\n<figure class=\"wp-block-image is-resized\"><img loading=\"lazy\" decoding=\"async\" class=\"wp-image-44639\" src=\"https:\/\/i0.wp.com\/covertactionmagazine.com\/wp-content\/uploads\/2022\/08\/bolsonaro-sits-down-with-fox-news-star-tucker-carl.jpeg?resize=696%2C469&amp;ssl=1\" sizes=\"auto, (max-width: 696px) 100vw, 696px\" srcset=\"https:\/\/i0.wp.com\/covertactionmagazine.com\/wp-content\/uploads\/2022\/08\/bolsonaro-sits-down-with-fox-news-star-tucker-carl.jpeg?w=1600&amp;ssl=1 1600w, https:\/\/i0.wp.com\/covertactionmagazine.com\/wp-content\/uploads\/2022\/08\/bolsonaro-sits-down-with-fox-news-star-tucker-carl.jpeg?resize=300%2C203&amp;ssl=1 300w, https:\/\/i0.wp.com\/covertactionmagazine.com\/wp-content\/uploads\/2022\/08\/bolsonaro-sits-down-with-fox-news-star-tucker-carl.jpeg?resize=1024%2C691&amp;ssl=1 1024w, https:\/\/i0.wp.com\/covertactionmagazine.com\/wp-content\/uploads\/2022\/08\/bolsonaro-sits-down-with-fox-news-star-tucker-carl.jpeg?resize=768%2C518&amp;ssl=1 768w, https:\/\/i0.wp.com\/covertactionmagazine.com\/wp-content\/uploads\/2022\/08\/bolsonaro-sits-down-with-fox-news-star-tucker-carl.jpeg?resize=1536%2C1037&amp;ssl=1 1536w, https:\/\/i0.wp.com\/covertactionmagazine.com\/wp-content\/uploads\/2022\/08\/bolsonaro-sits-down-with-fox-news-star-tucker-carl.jpeg?resize=150%2C101&amp;ssl=1 150w, https:\/\/i0.wp.com\/covertactionmagazine.com\/wp-content\/uploads\/2022\/08\/bolsonaro-sits-down-with-fox-news-star-tucker-carl.jpeg?resize=696%2C470&amp;ssl=1 696w, https:\/\/i0.wp.com\/covertactionmagazine.com\/wp-content\/uploads\/2022\/08\/bolsonaro-sits-down-with-fox-news-star-tucker-carl.jpeg?resize=1068%2C721&amp;ssl=1 1068w, https:\/\/i0.wp.com\/covertactionmagazine.com\/wp-content\/uploads\/2022\/08\/bolsonaro-sits-down-with-fox-news-star-tucker-carl.jpeg?w=1392&amp;ssl=1 1392w\" alt=\"Bolsonaro sits down with Fox News star Tucker Carlson\" width=\"696\" height=\"469\" data-attachment-id=\"44639\" data-permalink=\"https:\/\/covertactionmagazine.com\/2022\/08\/25\/is-lula-under-threat-political-intrigue-grows-as-right-suddenly-merges-with-left-in-brazils-upcoming-presidential-election\/bolsonaro-sits-down-with-fox-news-star-tucker-carl\/\" data-orig-file=\"https:\/\/i0.wp.com\/covertactionmagazine.com\/wp-content\/uploads\/2022\/08\/bolsonaro-sits-down-with-fox-news-star-tucker-carl.jpeg?fit=1600%2C1080&amp;ssl=1\" data-orig-size=\"1600,1080\" data-comments-opened=\"1\" data-image-meta=\"{&quot;aperture&quot;:&quot;0&quot;,&quot;credit&quot;:&quot;&quot;,&quot;camera&quot;:&quot;&quot;,&quot;caption&quot;:&quot;&quot;,&quot;created_timestamp&quot;:&quot;0&quot;,&quot;copyright&quot;:&quot;&quot;,&quot;focal_length&quot;:&quot;0&quot;,&quot;iso&quot;:&quot;0&quot;,&quot;shutter_speed&quot;:&quot;0&quot;,&quot;title&quot;:&quot;&quot;,&quot;orientation&quot;:&quot;0&quot;}\" data-image-title=\"bolsonaro-sits-down-with-fox-news-star-tucker-carl\" data-image-description=\"\" data-image-caption=\"\" data-medium-file=\"https:\/\/i0.wp.com\/covertactionmagazine.com\/wp-content\/uploads\/2022\/08\/bolsonaro-sits-down-with-fox-news-star-tucker-carl.jpeg?fit=300%2C203&amp;ssl=1\" data-large-file=\"https:\/\/i0.wp.com\/covertactionmagazine.com\/wp-content\/uploads\/2022\/08\/bolsonaro-sits-down-with-fox-news-star-tucker-carl.jpeg?fit=696%2C470&amp;ssl=1\" data-recalc-dims=\"1\" \/><figcaption>Brazilian president, left, with Tucker Carlson of Fox News. [Source: <a target=\"_blank\" href=\"https:\/\/brazilian.report\/liveblog\/2022\/06\/29\/bolsonaro-fox-news-tucker-carlson\/\" >brazilian.report<\/a>]<\/figcaption><\/figure>\n<p>However, Brazil\u2019s 2022 presidential election comes not only with a caveat, but baggage. Heavy baggage. Ignored by corporate, alternative and progressive media outlets, it weighs massively on voters ready to cast their ballots for Lula. The elephant in the room has left supporters of the former president, the most popular in Brazil\u2019s history, baffled. A rudimentary, unanswered question prevails among them: What possessed Lula, or his presidential campaign strategists, or his political party, or all of the above, to choose former S\u00e3o Paulo governor Geraldo Alckmin as his vice-presidential running mate?<\/p>\n<figure class=\"wp-block-image is-resized\"><img loading=\"lazy\" decoding=\"async\" class=\"wp-image-44640\" src=\"https:\/\/i0.wp.com\/covertactionmagazine.com\/wp-content\/uploads\/2022\/08\/word-image-44635-4.jpeg?resize=696%2C445&amp;ssl=1\" sizes=\"auto, (max-width: 696px) 100vw, 696px\" srcset=\"https:\/\/i0.wp.com\/covertactionmagazine.com\/wp-content\/uploads\/2022\/08\/word-image-44635-4.jpeg?w=800&amp;ssl=1 800w, https:\/\/i0.wp.com\/covertactionmagazine.com\/wp-content\/uploads\/2022\/08\/word-image-44635-4.jpeg?resize=300%2C192&amp;ssl=1 300w, https:\/\/i0.wp.com\/covertactionmagazine.com\/wp-content\/uploads\/2022\/08\/word-image-44635-4.jpeg?resize=768%2C491&amp;ssl=1 768w, https:\/\/i0.wp.com\/covertactionmagazine.com\/wp-content\/uploads\/2022\/08\/word-image-44635-4.jpeg?resize=150%2C96&amp;ssl=1 150w, https:\/\/i0.wp.com\/covertactionmagazine.com\/wp-content\/uploads\/2022\/08\/word-image-44635-4.jpeg?resize=696%2C445&amp;ssl=1 696w\" alt=\"\" width=\"696\" height=\"445\" data-attachment-id=\"44640\" data-permalink=\"https:\/\/covertactionmagazine.com\/2022\/08\/25\/is-lula-under-threat-political-intrigue-grows-as-right-suddenly-merges-with-left-in-brazils-upcoming-presidential-election\/word-image-44635-4\/\" data-orig-file=\"https:\/\/i0.wp.com\/covertactionmagazine.com\/wp-content\/uploads\/2022\/08\/word-image-44635-4.jpeg?fit=800%2C511&amp;ssl=1\" data-orig-size=\"800,511\" data-comments-opened=\"1\" data-image-meta=\"{&quot;aperture&quot;:&quot;0&quot;,&quot;credit&quot;:&quot;&quot;,&quot;camera&quot;:&quot;&quot;,&quot;caption&quot;:&quot;&quot;,&quot;created_timestamp&quot;:&quot;0&quot;,&quot;copyright&quot;:&quot;&quot;,&quot;focal_length&quot;:&quot;0&quot;,&quot;iso&quot;:&quot;0&quot;,&quot;shutter_speed&quot;:&quot;0&quot;,&quot;title&quot;:&quot;&quot;,&quot;orientation&quot;:&quot;0&quot;}\" data-image-title=\"word-image-44635-4\" data-image-description=\"\" data-image-caption=\"\" data-medium-file=\"https:\/\/i0.wp.com\/covertactionmagazine.com\/wp-content\/uploads\/2022\/08\/word-image-44635-4.jpeg?fit=300%2C192&amp;ssl=1\" data-large-file=\"https:\/\/i0.wp.com\/covertactionmagazine.com\/wp-content\/uploads\/2022\/08\/word-image-44635-4.jpeg?fit=696%2C445&amp;ssl=1\" data-recalc-dims=\"1\" \/><figcaption>Lula and running mate Geraldo Alckmin. [Source: <a target=\"_blank\" href=\"https:\/\/www.perild.com\/2022\/07\/19\/lula-arrives-in-pernambuco-on-wednesday-check-schedule\/\" >perild.com<\/a>]<\/figcaption><\/figure>\n<p>For seven years I lived in Brazil. The majority of my time was spent in the northeast of the country, Lula\u2019s stronghold of support and the region where he was raised in abject poverty, drought and social deprivation in the interior of the state of Pernambuco. Conditions were so bad that they, like so many other families, migrated south to the state of S\u00e3o Paulo in search of greener pastures.<\/p>\n<p>It was here that Lula, as a young boy, got his start in the informal labor market, shining shoes to help put food on the table. His formal education was as precarious and formative\/instructive as his childhood, a far cry from the silver-spoon upbringing most Brazilian politicians are known for. Having completed just the sixth grade, Lula would face the presiding judge in his presidential swearing-in ceremony and say, \u201cIf anyone in Brazil doubted that a metal lathe worker would emerge from a factory plant and ascend to the presidency of the Republic, I, in 2002, proved them wrong. And I, who on so many occasions was accused of not having a university degree, earn, as my very first diploma, my country\u2019s presidential republic diploma.\u201d<\/p>\n<figure class=\"wp-block-image is-resized\"><img loading=\"lazy\" decoding=\"async\" class=\"wp-image-44641\" src=\"https:\/\/i0.wp.com\/covertactionmagazine.com\/wp-content\/uploads\/2022\/08\/this-22-march-1979-file-photo-shows-luiz-inacio-lu.jpeg?resize=696%2C392&amp;ssl=1\" sizes=\"auto, (max-width: 696px) 100vw, 696px\" srcset=\"https:\/\/i0.wp.com\/covertactionmagazine.com\/wp-content\/uploads\/2022\/08\/this-22-march-1979-file-photo-shows-luiz-inacio-lu.jpeg?w=976&amp;ssl=1 976w, https:\/\/i0.wp.com\/covertactionmagazine.com\/wp-content\/uploads\/2022\/08\/this-22-march-1979-file-photo-shows-luiz-inacio-lu.jpeg?resize=300%2C169&amp;ssl=1 300w, https:\/\/i0.wp.com\/covertactionmagazine.com\/wp-content\/uploads\/2022\/08\/this-22-march-1979-file-photo-shows-luiz-inacio-lu.jpeg?resize=768%2C432&amp;ssl=1 768w, https:\/\/i0.wp.com\/covertactionmagazine.com\/wp-content\/uploads\/2022\/08\/this-22-march-1979-file-photo-shows-luiz-inacio-lu.jpeg?resize=150%2C84&amp;ssl=1 150w, https:\/\/i0.wp.com\/covertactionmagazine.com\/wp-content\/uploads\/2022\/08\/this-22-march-1979-file-photo-shows-luiz-inacio-lu.jpeg?resize=696%2C392&amp;ssl=1 696w\" alt=\"This 22 March 1979 file photo shows Luiz Inacio Lula da Silva being lifted by metalworker colleagues after a union rally in Sao Bernardo do Campo, 55kms from Sao Paulo. Da Silva, presidential candidate for the Workers' Party, has been declared the winner of the presidential election run-off 27 October, 2002.\" width=\"696\" height=\"392\" data-attachment-id=\"44641\" data-permalink=\"https:\/\/covertactionmagazine.com\/2022\/08\/25\/is-lula-under-threat-political-intrigue-grows-as-right-suddenly-merges-with-left-in-brazils-upcoming-presidential-election\/this-22-march-1979-file-photo-shows-luiz-inacio-lu\/\" data-orig-file=\"https:\/\/i0.wp.com\/covertactionmagazine.com\/wp-content\/uploads\/2022\/08\/this-22-march-1979-file-photo-shows-luiz-inacio-lu.jpeg?fit=976%2C549&amp;ssl=1\" data-orig-size=\"976,549\" data-comments-opened=\"1\" data-image-meta=\"{&quot;aperture&quot;:&quot;0&quot;,&quot;credit&quot;:&quot;&quot;,&quot;camera&quot;:&quot;&quot;,&quot;caption&quot;:&quot;&quot;,&quot;created_timestamp&quot;:&quot;0&quot;,&quot;copyright&quot;:&quot;&quot;,&quot;focal_length&quot;:&quot;0&quot;,&quot;iso&quot;:&quot;0&quot;,&quot;shutter_speed&quot;:&quot;0&quot;,&quot;title&quot;:&quot;&quot;,&quot;orientation&quot;:&quot;0&quot;}\" data-image-title=\"this-22-march-1979-file-photo-shows-luiz-inacio-lu\" data-image-description=\"\" data-image-caption=\"\" data-medium-file=\"https:\/\/i0.wp.com\/covertactionmagazine.com\/wp-content\/uploads\/2022\/08\/this-22-march-1979-file-photo-shows-luiz-inacio-lu.jpeg?fit=300%2C169&amp;ssl=1\" data-large-file=\"https:\/\/i0.wp.com\/covertactionmagazine.com\/wp-content\/uploads\/2022\/08\/this-22-march-1979-file-photo-shows-luiz-inacio-lu.jpeg?fit=696%2C392&amp;ssl=1\" data-recalc-dims=\"1\" \/><figcaption>Lula at the beginning of his political career when he was a leader of the metal workers\u2019 union. [Source: <a target=\"_blank\" href=\"https:\/\/www.bbc.com\/news\/world-latin-america-45168837\" >bbc.com<\/a>]<\/figcaption><\/figure>\n<p>During Lula\u2019s two-term presidency, some supporters and detractors of the PT would openly discuss and debate the separation of Brazil\u2019s northeastern and northern regions from the rest of the country. Such conversations were taking place while I was in Salvador and Prado. Memories of <a target=\"_blank\" href=\"https:\/\/mundoeducacao.uol.com.br\/historiadobrasil\/quilombo-dos-palmares.htm\" >Quilombo dos Palmares (1597-1695)<\/a>, led by Ganga Zumba and Zumbi, as well as Arraial de Canudos (1893-1897), an independent community led by Antonio Conselheiro, a messianic preacher and forerunner to liberation theology.<\/p>\n<div class=\"wp-block-image\">\n<figure class=\"alignright size-full is-resized\"><img loading=\"lazy\" decoding=\"async\" class=\"wp-image-44819\" src=\"https:\/\/i0.wp.com\/covertactionmagazine.com\/wp-content\/uploads\/2022\/08\/b6.jpg?resize=184%2C498&amp;ssl=1\" alt=\"\" width=\"184\" height=\"498\" data-attachment-id=\"44819\" data-permalink=\"https:\/\/covertactionmagazine.com\/2022\/08\/25\/is-lula-under-threat-political-intrigue-grows-as-right-suddenly-merges-with-left-in-brazils-upcoming-presidential-election\/b6-2\/\" data-orig-file=\"https:\/\/i0.wp.com\/covertactionmagazine.com\/wp-content\/uploads\/2022\/08\/b6.jpg?fit=112%2C295&amp;ssl=1\" data-orig-size=\"112,295\" data-comments-opened=\"1\" data-image-meta=\"{&quot;aperture&quot;:&quot;0&quot;,&quot;credit&quot;:&quot;&quot;,&quot;camera&quot;:&quot;&quot;,&quot;caption&quot;:&quot;&quot;,&quot;created_timestamp&quot;:&quot;0&quot;,&quot;copyright&quot;:&quot;&quot;,&quot;focal_length&quot;:&quot;0&quot;,&quot;iso&quot;:&quot;0&quot;,&quot;shutter_speed&quot;:&quot;0&quot;,&quot;title&quot;:&quot;&quot;,&quot;orientation&quot;:&quot;0&quot;}\" data-image-title=\"b6\" data-image-description=\"\" data-image-caption=\"\" data-medium-file=\"https:\/\/i0.wp.com\/covertactionmagazine.com\/wp-content\/uploads\/2022\/08\/b6.jpg?fit=112%2C295&amp;ssl=1\" data-large-file=\"https:\/\/i0.wp.com\/covertactionmagazine.com\/wp-content\/uploads\/2022\/08\/b6.jpg?fit=112%2C295&amp;ssl=1\" data-recalc-dims=\"1\" \/><figcaption>Antonio Conselheiro [Source: <a target=\"_blank\" href=\"https:\/\/en.wikipedia.org\/wiki\/Ant\u00f4nio_Conselheiro\" >wikipedia.org<\/a>]<\/figcaption><\/figure>\n<\/div>\n<p>Taxes demanded by the newly formed Brazilian republic, he refused to pay. Born from the country\u2019s northeast, all of this mobilization and armed resistance against the southern and central regions of Brazil, and eventually its military and paid mercenaries, added zeal for those arguing in favor of independence.<\/p>\n<p>For three years (2006-2009) I resided in Prado, a small coastal town in southern Bahia. During this period, I became close friends with members of the Rural Landless Workers movement (MST). They lived in Primeiro de Abril (First of April) and Riacho das Ostras (Oyster Creek) encampments, small family farmlands long and hard fought for by the poor and forgotten.<\/p>\n<p>Like most MST camps, First of April and Oyster Creek represents years, even decades, of struggle against latifundios\u2014large private landowners buttressed handsomely on defunct, unproductive yet arable land or monoculture fields. Eventually, after years of grassroots organizing and mobilizing, plots in Prado would be expropriated by the federal government as part of its agrarian reform program.<\/p>\n<p>Still, southern Bahia is known, infamously so, for its hectares upon hectares of eucalyptus trees. Raised on industrial plantations, this monoculture is cultivated to produce paper, pulp and other cellulose-based products. A crop of high-intensity water use, it has dried up local rivers and their tributaries, impoverishing the soil and making it increasingly difficult for MST and other small family farmers to sustain and diversify their agricultural produce.<\/p>\n<figure class=\"wp-block-image alignwide\"><img loading=\"lazy\" decoding=\"async\" class=\"wp-image-44643\" src=\"https:\/\/i0.wp.com\/covertactionmagazine.com\/wp-content\/uploads\/2022\/08\/word-image-44635-7.jpeg?resize=696%2C279&amp;ssl=1\" sizes=\"auto, (max-width: 696px) 100vw, 696px\" srcset=\"https:\/\/i0.wp.com\/covertactionmagazine.com\/wp-content\/uploads\/2022\/08\/word-image-44635-7.jpeg?w=979&amp;ssl=1 979w, https:\/\/i0.wp.com\/covertactionmagazine.com\/wp-content\/uploads\/2022\/08\/word-image-44635-7.jpeg?resize=300%2C120&amp;ssl=1 300w, https:\/\/i0.wp.com\/covertactionmagazine.com\/wp-content\/uploads\/2022\/08\/word-image-44635-7.jpeg?resize=768%2C308&amp;ssl=1 768w, https:\/\/i0.wp.com\/covertactionmagazine.com\/wp-content\/uploads\/2022\/08\/word-image-44635-7.jpeg?resize=150%2C60&amp;ssl=1 150w, https:\/\/i0.wp.com\/covertactionmagazine.com\/wp-content\/uploads\/2022\/08\/word-image-44635-7.jpeg?resize=696%2C279&amp;ssl=1 696w\" alt=\"\" width=\"696\" height=\"279\" data-attachment-id=\"44643\" data-permalink=\"https:\/\/covertactionmagazine.com\/2022\/08\/25\/is-lula-under-threat-political-intrigue-grows-as-right-suddenly-merges-with-left-in-brazils-upcoming-presidential-election\/word-image-44635-7\/\" data-orig-file=\"https:\/\/i0.wp.com\/covertactionmagazine.com\/wp-content\/uploads\/2022\/08\/word-image-44635-7.jpeg?fit=979%2C392&amp;ssl=1\" data-orig-size=\"979,392\" data-comments-opened=\"1\" data-image-meta=\"{&quot;aperture&quot;:&quot;0&quot;,&quot;credit&quot;:&quot;&quot;,&quot;camera&quot;:&quot;&quot;,&quot;caption&quot;:&quot;&quot;,&quot;created_timestamp&quot;:&quot;0&quot;,&quot;copyright&quot;:&quot;&quot;,&quot;focal_length&quot;:&quot;0&quot;,&quot;iso&quot;:&quot;0&quot;,&quot;shutter_speed&quot;:&quot;0&quot;,&quot;title&quot;:&quot;&quot;,&quot;orientation&quot;:&quot;1&quot;}\" data-image-title=\"word-image-44635-7\" data-image-description=\"\" data-image-caption=\"\" data-medium-file=\"https:\/\/i0.wp.com\/covertactionmagazine.com\/wp-content\/uploads\/2022\/08\/word-image-44635-7.jpeg?fit=300%2C120&amp;ssl=1\" data-large-file=\"https:\/\/i0.wp.com\/covertactionmagazine.com\/wp-content\/uploads\/2022\/08\/word-image-44635-7.jpeg?fit=696%2C279&amp;ssl=1\" data-recalc-dims=\"1\" \/><figcaption>A sign points the way to the entrance of the Primeiro de Abril (First of April) MST camp in Prado, in southern Bahia. It reads: \u201cFirst of April Encampment\u2014MST\u2014Welcome to the Agrarian Reform. [Source: Courtesy of Julian Cola]<\/figcaption><\/figure>\n<h2><strong>My First Hearing of Geraldo Alckmin<\/strong><\/h2>\n<p>My stay in Prado came at the tail end of Alckmin\u2019s governorship of S\u00e3o Paulo (2001-2006). People had much to say about his administration being that the capital city, with its 12 million residents, the largest in South America, and bearing the same name as the state, is Brazil\u2019s financial hub.<\/p>\n<p>Naturally, discussions with my MST friends would take a particular direction whenever Alckmin appeared on TV or was the subject of casual conversation. Nevertheless, talks of this nature were echoed by most with whom I spoke. Point blank, the governor represented, first and foremost, the financial interests of Brazil\u2019s elites and the rich, only pandering to the poor to shore up votes when necessary.<\/p>\n<p>His administration was marked by too-many-to-name political corruption scandals. Two of note involved the embezzlement of public funds in the development of public metro works and theft of approximately $1.6 billion reais (approximately $308 million U.S. dollars at current\u2014August 18\u2014exchange rate) of public funds earmarked for school lunches. <a target=\"_blank\" href=\"https:\/\/agenciabrasil.ebc.com.br\/geral\/noticia\/2018-05\/desvio-de-verba-reduz-qualidade-da-merenda-em-30-cidades-paulistas\" >The latter scheme<\/a> involved five criminal gangs operating in cahoots with lobbyists submitting public contract bids in 20 statewide municipalities. According to investigators, 85 people were involved, including 13 serving mayors, four former mayors, a city councillor, 27 unelected public officials, and 40 individuals in the private sector. Contrary to Lula\u2019s leadership as president, encouraging investigations of political corruption, including accusations leveled against his own party, Alckmin quashed more than 60 public inquiries into political fraud and corruption during his governorship.<\/p>\n<figure class=\"wp-block-image alignright\"><img loading=\"lazy\" decoding=\"async\" class=\"wp-image-44644\" src=\"https:\/\/i0.wp.com\/covertactionmagazine.com\/wp-content\/uploads\/2022\/08\/a-picture-containing-person-person-suit-old-de.jpeg?resize=220%2C294&amp;ssl=1\" sizes=\"auto, (max-width: 220px) 100vw, 220px\" srcset=\"https:\/\/i0.wp.com\/covertactionmagazine.com\/wp-content\/uploads\/2022\/08\/a-picture-containing-person-person-suit-old-de.jpeg?w=220&amp;ssl=1 220w, https:\/\/i0.wp.com\/covertactionmagazine.com\/wp-content\/uploads\/2022\/08\/a-picture-containing-person-person-suit-old-de.jpeg?resize=150%2C200&amp;ssl=1 150w\" alt=\"A picture containing person, person, suit, old\n\nDescription automatically generated\" width=\"220\" height=\"294\" data-attachment-id=\"44644\" data-permalink=\"https:\/\/covertactionmagazine.com\/2022\/08\/25\/is-lula-under-threat-political-intrigue-grows-as-right-suddenly-merges-with-left-in-brazils-upcoming-presidential-election\/a-picture-containing-person-person-suit-old-de\/\" data-orig-file=\"https:\/\/i0.wp.com\/covertactionmagazine.com\/wp-content\/uploads\/2022\/08\/a-picture-containing-person-person-suit-old-de.jpeg?fit=220%2C294&amp;ssl=1\" data-orig-size=\"220,294\" data-comments-opened=\"1\" data-image-meta=\"{&quot;aperture&quot;:&quot;0&quot;,&quot;credit&quot;:&quot;&quot;,&quot;camera&quot;:&quot;&quot;,&quot;caption&quot;:&quot;O Governador do estado de S\\u00e3o Paulo, Geraldo Alckmin, assina termo de coopera\\u00e7\\u00e3o entre o Instituto Ayrton Senna, Secretaria da Educa\\u00e7\\u00e3o e Artesp..Data: 05\\\/04\\\/2018.Local: S\\u00e3o Paulo\\\/SP.Foto: Governo do Estado de S\\u00e3o Paulo&quot;,&quot;created_timestamp&quot;:&quot;0&quot;,&quot;copyright&quot;:&quot;&quot;,&quot;focal_length&quot;:&quot;0&quot;,&quot;iso&quot;:&quot;0&quot;,&quot;shutter_speed&quot;:&quot;0&quot;,&quot;title&quot;:&quot;&quot;,&quot;orientation&quot;:&quot;0&quot;}\" data-image-title=\"a-picture-containing-person-person-suit-old-de\" data-image-description=\"\" data-image-caption=\"&lt;p&gt;O Governador do estado de S\u00e3o Paulo, Geraldo Alckmin, assina termo de coopera\u00e7\u00e3o entre o Instituto Ayrton Senna, Secretaria da Educa\u00e7\u00e3o e Artesp..Data: 05\/04\/2018.Local: S\u00e3o Paulo\/SP.Foto: Governo do Estado de S\u00e3o Paulo&lt;\/p&gt;\n\" data-medium-file=\"https:\/\/i0.wp.com\/covertactionmagazine.com\/wp-content\/uploads\/2022\/08\/a-picture-containing-person-person-suit-old-de.jpeg?fit=220%2C294&amp;ssl=1\" data-large-file=\"https:\/\/i0.wp.com\/covertactionmagazine.com\/wp-content\/uploads\/2022\/08\/a-picture-containing-person-person-suit-old-de.jpeg?fit=220%2C294&amp;ssl=1\" data-recalc-dims=\"1\" \/><figcaption>Governor Alckmin\u2014no friend of the people. [Source: <a href=\"file:\/\/\/\/media\/File:Alckmin_em_Coopera%C3%A7%C3%A3o_entre_o_Instituto_Ayrton_Senna,_Secretaria_da_Educa%C3%A7%C3%A3o_e_Artesp_(cropped)\" >wikipedia.org<\/a>]<\/figcaption><\/figure>\n<h2><strong>Magnetic North Poles Facing Each Other<\/strong><\/h2>\n<p>Alckmin, a co-founder and former leader of the right-to-center Brazilian Social Democracy Party (PSDB) for 33 years, proved a bitter adversary to Lula and the PT. Profoundly evident was their fiery collision course. Nothing could have remotely hinted at an eventual political alliance between the two more than a decade and a half later.<\/p>\n<p>Jos\u00e9 Alencar, an entrepreneur and businessman in the textile industry and Minas Gerais state senator, representing the right-of-center Brazilian Republican Party (renamed Republicans), served as Lula\u2019s vice president during his two-term presidency. Their coalition, materializing only after Alencar accepted an invitation by Lula to join the PT, was not between two political figures with a history of relentless public disputes.<\/p>\n<div class=\"wp-block-image\">\n<figure class=\"alignleft is-resized\"><img loading=\"lazy\" decoding=\"async\" class=\"wp-image-44645\" src=\"https:\/\/i0.wp.com\/covertactionmagazine.com\/wp-content\/uploads\/2022\/08\/jose-alencar-wikipedia.jpeg?resize=243%2C240&amp;ssl=1\" alt=\"Jos\u00e9 Alencar - Wikipedia\" width=\"243\" height=\"240\" data-attachment-id=\"44645\" data-permalink=\"https:\/\/covertactionmagazine.com\/2022\/08\/25\/is-lula-under-threat-political-intrigue-grows-as-right-suddenly-merges-with-left-in-brazils-upcoming-presidential-election\/jose-alencar-wikipedia\/\" data-orig-file=\"https:\/\/i0.wp.com\/covertactionmagazine.com\/wp-content\/uploads\/2022\/08\/jose-alencar-wikipedia.jpeg?fit=658%2C703&amp;ssl=1\" data-orig-size=\"658,703\" data-comments-opened=\"1\" data-image-meta=\"{&quot;aperture&quot;:&quot;0&quot;,&quot;credit&quot;:&quot;&quot;,&quot;camera&quot;:&quot;&quot;,&quot;caption&quot;:&quot;&quot;,&quot;created_timestamp&quot;:&quot;0&quot;,&quot;copyright&quot;:&quot;&quot;,&quot;focal_length&quot;:&quot;0&quot;,&quot;iso&quot;:&quot;0&quot;,&quot;shutter_speed&quot;:&quot;0&quot;,&quot;title&quot;:&quot;&quot;,&quot;orientation&quot;:&quot;0&quot;}\" data-image-title=\"jose-alencar-wikipedia\" data-image-description=\"\" data-image-caption=\"\" data-medium-file=\"https:\/\/i0.wp.com\/covertactionmagazine.com\/wp-content\/uploads\/2022\/08\/jose-alencar-wikipedia.jpeg?fit=281%2C300&amp;ssl=1\" data-large-file=\"https:\/\/i0.wp.com\/covertactionmagazine.com\/wp-content\/uploads\/2022\/08\/jose-alencar-wikipedia.jpeg?fit=658%2C703&amp;ssl=1\" data-recalc-dims=\"1\" \/><figcaption>Jos\u00e9 Alencar [Source: <a target=\"_blank\" href=\"https:\/\/en.wikipedia.org\/wiki\/Jos\u00e9_Alencar\" >wikipedia.org<\/a>]<\/figcaption><\/figure>\n<\/div>\n<p>A few weeks ago I asked two friends, both MST grassroots loyalists, about the Lula-Alckmin combine. I was curious to hear their opinions about what was going on and what the alliance meant to them. One lady quickly shunned my query, responding that she was \u201canything but interested to comprehend the reasons\u201d behind Lula\u2019s choice or acceptance of Alckmin as his vice-presidential running mate.<\/p>\n<p>A staunch supporter of Lula and the PT when I was in Prado, campaigning on the streets with family, friends and comrades donned in their red and white banners, hats, and t-shirts, I now detected a sense of disappointment and incredulity, maybe even betrayal in her response. No fan of Bolsonaro and his disastrous administration, there was zero chance she will vote to keep him in office and Lula out. However, she was certainly getting on with her life regardless of the political intrigue and election outcome.<\/p>\n<p>Equally disaffected yet less soft-spoken, the other lady commented that \u201cLula better be very careful with such an alliance, otherwise, it may spell the end of the PT.\u201d She concluded, emphatically, that Alckmin \u201cdoes not represent our political struggle.\u201d<\/p>\n<h2><strong>Convenient Switch of Sides?<\/strong><\/h2>\n<p>Late last year, Alckmin abruptly and surprisingly renounced membership in the PSDB, the very political party he co-founded in 1988 and joined the left-of-center Brazilian Socialist Party (PSB). His new political membership, sealed in December 2021, <a target=\"_blank\" href=\"https:\/\/g1.globo.com\/politica\/eleicoes\/2022\/noticia\/2022\/03\/23\/ex-governador-de-sp-geraldo-alckmin-filiacao-ao-psb.ghtml\" >occurred just ten days prior to the deadline<\/a> for presidential hopefuls to be officially registered with a political party. The move opened the door for a possible run as vice president alongside Lula.<\/p>\n<figure class=\"wp-block-image alignwide\"><img loading=\"lazy\" decoding=\"async\" class=\"wp-image-44646\" src=\"https:\/\/i0.wp.com\/covertactionmagazine.com\/wp-content\/uploads\/2022\/08\/brazilian-socialist-party-wikipedia.png?resize=419%2C238&amp;ssl=1\" sizes=\"auto, (max-width: 419px) 100vw, 419px\" srcset=\"https:\/\/i0.wp.com\/covertactionmagazine.com\/wp-content\/uploads\/2022\/08\/brazilian-socialist-party-wikipedia.png?w=419&amp;ssl=1 419w, https:\/\/i0.wp.com\/covertactionmagazine.com\/wp-content\/uploads\/2022\/08\/brazilian-socialist-party-wikipedia.png?resize=300%2C170&amp;ssl=1 300w, https:\/\/i0.wp.com\/covertactionmagazine.com\/wp-content\/uploads\/2022\/08\/brazilian-socialist-party-wikipedia.png?resize=150%2C85&amp;ssl=1 150w\" alt=\"Brazilian Socialist Party - Wikipedia\" width=\"419\" height=\"238\" data-attachment-id=\"44646\" data-permalink=\"https:\/\/covertactionmagazine.com\/2022\/08\/25\/is-lula-under-threat-political-intrigue-grows-as-right-suddenly-merges-with-left-in-brazils-upcoming-presidential-election\/brazilian-socialist-party-wikipedia\/\" data-orig-file=\"https:\/\/i0.wp.com\/covertactionmagazine.com\/wp-content\/uploads\/2022\/08\/brazilian-socialist-party-wikipedia.png?fit=419%2C238&amp;ssl=1\" data-orig-size=\"419,238\" data-comments-opened=\"1\" data-image-meta=\"{&quot;aperture&quot;:&quot;0&quot;,&quot;credit&quot;:&quot;&quot;,&quot;camera&quot;:&quot;&quot;,&quot;caption&quot;:&quot;&quot;,&quot;created_timestamp&quot;:&quot;0&quot;,&quot;copyright&quot;:&quot;&quot;,&quot;focal_length&quot;:&quot;0&quot;,&quot;iso&quot;:&quot;0&quot;,&quot;shutter_speed&quot;:&quot;0&quot;,&quot;title&quot;:&quot;&quot;,&quot;orientation&quot;:&quot;0&quot;}\" data-image-title=\"brazilian-socialist-party-wikipedia\" data-image-description=\"\" data-image-caption=\"\" data-medium-file=\"https:\/\/i0.wp.com\/covertactionmagazine.com\/wp-content\/uploads\/2022\/08\/brazilian-socialist-party-wikipedia.png?fit=300%2C170&amp;ssl=1\" data-large-file=\"https:\/\/i0.wp.com\/covertactionmagazine.com\/wp-content\/uploads\/2022\/08\/brazilian-socialist-party-wikipedia.png?fit=419%2C238&amp;ssl=1\" data-recalc-dims=\"1\" \/><figcaption>[Source: <a target=\"_blank\" href=\"https:\/\/en.wikipedia.org\/wiki\/Brazilian_Socialist_Party\" >wikipedia.org<\/a>]<\/figcaption><\/figure>\n<p>Negotiations were held between Alckmin and the former president prior to his departure from the PSDB. At the time, Lula stated that whether or not Alckmin would run as his vice-presidential candidate was \u201c<a target=\"_blank\" href=\"https:\/\/g1.globo.com\/pb\/paraiba\/eleicoes\/2022\/noticia\/2022\/03\/15\/lula-diz-que-nao-esta-certa-a-questao-de-alckmin-como-candidato-a-vice-estamos-num-processo-de-conversacao.ghtml\" >a process under discussion<\/a>.\u201d<\/p>\n<p>While some sectors of the PT expressed reservations and resistance to Alckmin locking arms with Lula, the party\u2019s president, Gleisi Hoffmann, sounded more upbeat. She described the bond as a \u201cmobilization of forces to bring an end to the current period of suffering, regression and actions that strip hope for the people of Brazil and future of the country. Attending Alckmin\u2019s PSB filiation event, Hoffmann concluded that such a move \u201chas never been so necessary in order to mobilize forces throughout our country.\u201d<\/p>\n<figure class=\"wp-block-image is-resized\"><img loading=\"lazy\" decoding=\"async\" class=\"wp-image-44647\" src=\"https:\/\/i0.wp.com\/covertactionmagazine.com\/wp-content\/uploads\/2022\/08\/senadora-gleisi-hoffmann-pt-pr-or-foto-alessandr.jpeg?resize=696%2C462&amp;ssl=1\" sizes=\"auto, (max-width: 696px) 100vw, 696px\" srcset=\"https:\/\/i0.wp.com\/covertactionmagazine.com\/wp-content\/uploads\/2022\/08\/senadora-gleisi-hoffmann-pt-pr-or-foto-alessandr.jpeg?w=1024&amp;ssl=1 1024w, https:\/\/i0.wp.com\/covertactionmagazine.com\/wp-content\/uploads\/2022\/08\/senadora-gleisi-hoffmann-pt-pr-or-foto-alessandr.jpeg?resize=300%2C199&amp;ssl=1 300w, https:\/\/i0.wp.com\/covertactionmagazine.com\/wp-content\/uploads\/2022\/08\/senadora-gleisi-hoffmann-pt-pr-or-foto-alessandr.jpeg?resize=768%2C510&amp;ssl=1 768w, https:\/\/i0.wp.com\/covertactionmagazine.com\/wp-content\/uploads\/2022\/08\/senadora-gleisi-hoffmann-pt-pr-or-foto-alessandr.jpeg?resize=150%2C100&amp;ssl=1 150w, https:\/\/i0.wp.com\/covertactionmagazine.com\/wp-content\/uploads\/2022\/08\/senadora-gleisi-hoffmann-pt-pr-or-foto-alessandr.jpeg?resize=696%2C462&amp;ssl=1 696w\" alt=\"Senadora Gleisi Hoffmann - PT\/PR | Foto: Alessandro Dantas | Flickr\" width=\"696\" height=\"462\" data-attachment-id=\"44647\" data-permalink=\"https:\/\/covertactionmagazine.com\/2022\/08\/25\/is-lula-under-threat-political-intrigue-grows-as-right-suddenly-merges-with-left-in-brazils-upcoming-presidential-election\/senadora-gleisi-hoffmann-pt-pr-or-foto-alessandr\/\" data-orig-file=\"https:\/\/i0.wp.com\/covertactionmagazine.com\/wp-content\/uploads\/2022\/08\/senadora-gleisi-hoffmann-pt-pr-or-foto-alessandr.jpeg?fit=1024%2C680&amp;ssl=1\" data-orig-size=\"1024,680\" data-comments-opened=\"1\" data-image-meta=\"{&quot;aperture&quot;:&quot;0&quot;,&quot;credit&quot;:&quot;&quot;,&quot;camera&quot;:&quot;&quot;,&quot;caption&quot;:&quot;&quot;,&quot;created_timestamp&quot;:&quot;0&quot;,&quot;copyright&quot;:&quot;&quot;,&quot;focal_length&quot;:&quot;0&quot;,&quot;iso&quot;:&quot;0&quot;,&quot;shutter_speed&quot;:&quot;0&quot;,&quot;title&quot;:&quot;&quot;,&quot;orientation&quot;:&quot;0&quot;}\" data-image-title=\"senadora-gleisi-hoffmann-pt-pr-or-foto-alessandr\" data-image-description=\"\" data-image-caption=\"\" data-medium-file=\"https:\/\/i0.wp.com\/covertactionmagazine.com\/wp-content\/uploads\/2022\/08\/senadora-gleisi-hoffmann-pt-pr-or-foto-alessandr.jpeg?fit=300%2C199&amp;ssl=1\" data-large-file=\"https:\/\/i0.wp.com\/covertactionmagazine.com\/wp-content\/uploads\/2022\/08\/senadora-gleisi-hoffmann-pt-pr-or-foto-alessandr.jpeg?fit=696%2C462&amp;ssl=1\" data-recalc-dims=\"1\" \/><figcaption>Gleisi Hoffmann [Source: <a target=\"_blank\" href=\"https:\/\/www.flickr.com\/photos\/118578171@N02\/16317673567\" >flickr.com<\/a>]<\/figcaption><\/figure>\n<p>Meanwhile, PSB president Carlos Siqueira, emphasized that the 2022 presidential race will not be a competition between the left and the right, rather \u201cbetween democracy and arbitrariness, between civilization and barbarism.\u201d He went on to stress that \u201cwe must acknowledge that this nefarious figure (Bolsonaro) who governs our country is the result of our own political bankruptcy. Although we have produced great social achievements, our system has now reached the point of deterioration where it has allowed such an inexpressive individual to emerge from the National Congress and reach the presidency of the republic. This anomaly must come to an end and it will only come to an end if we exhibit the grandeur and capacity to broaden our horizons.\u201d<\/p>\n<div class=\"wp-block-image\">\n<figure class=\"alignright is-resized\"><img loading=\"lazy\" decoding=\"async\" class=\"wp-image-44648\" src=\"https:\/\/i0.wp.com\/covertactionmagazine.com\/wp-content\/uploads\/2022\/08\/carlos-siqueira-wikipedia-a-enciclopedia-livre.jpeg?resize=260%2C338&amp;ssl=1\" alt=\"Carlos Siqueira \u2013 Wikip\u00e9dia, a enciclop\u00e9dia livre\" width=\"260\" height=\"338\" data-attachment-id=\"44648\" data-permalink=\"https:\/\/covertactionmagazine.com\/2022\/08\/25\/is-lula-under-threat-political-intrigue-grows-as-right-suddenly-merges-with-left-in-brazils-upcoming-presidential-election\/carlos-siqueira-wikipedia-a-enciclopedia-livre\/\" data-orig-file=\"https:\/\/i0.wp.com\/covertactionmagazine.com\/wp-content\/uploads\/2022\/08\/carlos-siqueira-wikipedia-a-enciclopedia-livre.jpeg?fit=640%2C873&amp;ssl=1\" data-orig-size=\"640,873\" data-comments-opened=\"1\" data-image-meta=\"{&quot;aperture&quot;:&quot;0&quot;,&quot;credit&quot;:&quot;&quot;,&quot;camera&quot;:&quot;&quot;,&quot;caption&quot;:&quot;&quot;,&quot;created_timestamp&quot;:&quot;0&quot;,&quot;copyright&quot;:&quot;&quot;,&quot;focal_length&quot;:&quot;0&quot;,&quot;iso&quot;:&quot;0&quot;,&quot;shutter_speed&quot;:&quot;0&quot;,&quot;title&quot;:&quot;&quot;,&quot;orientation&quot;:&quot;0&quot;}\" data-image-title=\"carlos-siqueira-wikipedia-a-enciclopedia-livre\" data-image-description=\"\" data-image-caption=\"\" data-medium-file=\"https:\/\/i0.wp.com\/covertactionmagazine.com\/wp-content\/uploads\/2022\/08\/carlos-siqueira-wikipedia-a-enciclopedia-livre.jpeg?fit=220%2C300&amp;ssl=1\" data-large-file=\"https:\/\/i0.wp.com\/covertactionmagazine.com\/wp-content\/uploads\/2022\/08\/carlos-siqueira-wikipedia-a-enciclopedia-livre.jpeg?fit=640%2C873&amp;ssl=1\" data-recalc-dims=\"1\" \/><figcaption>Carlos Siqueira [Source: <a target=\"_blank\" href=\"https:\/\/pt.wikipedia.org\/wiki\/Carlos_Siqueira\" >wikipedia.org<\/a>]<\/figcaption><\/figure>\n<\/div>\n<h2><strong>Explaining the Inexplicable<\/strong><\/h2>\n<p>Like Hoffmann and Siqueira, other traditional progressive leaders in Brazil have voiced their opinions to justify the Lula-Alckmin merger. The prevailing argument is that the move broadens PT\u2019s support base by redirecting votes to Lula-Alckmin from sectors of the right wing displeased, for whatever reasons, with Bolsonaro\u2019s administration.<\/p>\n<p>The result: Lula wins a resounding first round presidential election victory, consequently, giving his administration a robust mandate to correct the wrongs committed ever since Dilma was impeached\u2014victim of a parliamentary coup\u2014in 2016. Social policies that attend to the needs of Brazil\u2019s poor and working class would resume alongside economic development, trade, and commerce, including the promotion of regional ties and global cooperation, tried and tested formulas that will catapult the country back into the good graces of the international community, moreover, reconstituting a strengthened pink-tide front.<\/p>\n<p>Seen in this context, Lula\u2019s decision to appoint Alckmin has merit. While the political landscape does not signify radical change, people are anxious, desperate to resume a sense of stability, the kind they have grown to appreciate even more when Lula held office. Also, this time around, supporters expect improvements and Lula, despite Alckmin\u2019s recent embrace of left-leaning politics, embodies their hopes.<\/p>\n<p>This position reminds me of a young man I was introduced to while living in the state of Rio Grande do Norte. Having previously worked as a photo journalist for corporate media in the capital city of Natal, he had become thoroughly repulsed by the industry. When passing nearby a Lamborghini, Mercedes, or any other luxury vehicle that could only be the property of pampered, obnoxious moneyed folks, he would often pull from his pocket a jagged-edged coin, slyly brace it against the exterior car doors, and keep strolling, leaving behind a lengthy scratch.<\/p>\n<p>Several years of working in the fifth estate would afford him the opportunity to buy a small lot and build his home, brick by brick, from the ground up, and eventually quit his job. Recently, he told me that Lula\u2019s embrace of Alckmin represented \u201ca shot fired at one\u2019s own foot.\u201d Still, he reiterated his firm support for the former president, \u201ca return to some degree of normalcy experienced during Lula\u2019s government because, at present, Brazil is terrible.\u201d<\/p>\n<p>Lula and Alckmin were officially <a target=\"_blank\" href=\"https:\/\/noticias.uol.com.br\/politica\/ultimas-noticias\/2022\/08\/06\/chapa-lula-alckmin-tse-registro-pt-psb.htm\" >registered as running mates<\/a> on August 6 by the Supreme Electoral Court. That said, many, remain skeptical. The Lula-Alckmin ticket, a political pill few imagined having to swallow, is not the easiest to digest. While the strategy of broadening the base makes sense, it also implies that Bolsonaro\u2019s re-election campaign may not be as downbeat as exit polls suggest and that the incumbent president stands a fighting chance against Lula. Taking Alckmin on board before a hotly contested vote, which the Brazilian presidential election will be, preemptively avoids having to form a coalition government with elements of Bolsonaro\u2019s camp.<\/p>\n<p>However, Alckmin\u2019s abrupt conversion from one side of the political spectrum to the other, followed by Lula\u2019s welcoming of his long-time political rival, may indicate something more machiavellian at play.<\/p>\n<p>__________________________________________<\/p>\n<div class=\"saboxplugin-gravatar\"><em>Stay tuned for the forthcoming Part II of \u201c<\/em>Is Lula Under Threat?<em>\u201d<\/em><\/div>\n<div class=\"saboxplugin-desc\">\n<div>\n<p style=\"padding-left: 40px;\"><em><img loading=\"lazy\" decoding=\"async\" class=\"alignleft\" src=\"https:\/\/covertactionmagazine.com\/wp-content\/uploads\/2022\/07\/julian_cola.jpeg\" alt=\"\" width=\"100\" height=\"100\" \/>Julian Cola is a translator (Brazilian Portuguese-English). A former staff writer at <\/em>teleSUR<em>, his articles and essays also appear in <\/em>Africa Is a Country, Black Agenda Report, Truthout, Counterpunch<em> and elsewhere. <\/em>Julian can be reached at <a class=\"notion-link-token notion-enable-hover\" href=\"mailto:traducoessemfronteiras@protonmail.com\" target=\"_blank\" rel=\"noopener noreferrer\" data-token-index=\"1\" data-reactroot=\"\"><span class=\"link-annotation-unknown-block-id--1143398716\">traducoessemfronteiras@protonmail.com<\/span><\/a><\/p>\n<p>&nbsp;<\/p>\n<p><a target=\"_blank\" href=\"https:\/\/covertactionmagazine.com\/2022\/08\/25\/is-lula-under-threat-political-intrigue-grows-as-right-suddenly-merges-with-left-in-brazils-upcoming-presidential-election\/\" >Go to Original &#8211; covertactionmagazine.com<\/a><\/p>\n<\/div>\n<\/div>\n","protected":false},"excerpt":{"rendered":"<p>25 Aug 2022 &#8211; Latin America\u2019s pink tide resumes its stride when Lu\u00edz In\u00e1cio \u201cLula\u201d da Silva is re-elected for a third term as president. It\u2019s a sentiment rooted in the size and geopolitical importance of the country. Lula\u2019s two-term presidency (2003-2011) was no fluke, much less a disappointment.<\/p>\n","protected":false},"author":4,"featured_media":218595,"comment_status":"open","ping_status":"closed","sticky":false,"template":"","format":"standard","meta":{"footnotes":""},"categories":[180],"tags":[1176,1003,573,547,239,542,245,541,1731,1134,1639],"class_list":["post-218594","post","type-post","status-publish","format-standard","has-post-thumbnail","hentry","category-brics","tag-bolsonaro","tag-brasil","tag-brasilia","tag-brazil","tag-brics","tag-fascism","tag-fascist","tag-latin-america-caribbean","tag-left-politics","tag-lula-da-silva","tag-right-politics"],"_links":{"self":[{"href":"https:\/\/www.transcend.org\/tms\/wp-json\/wp\/v2\/posts\/218594","targetHints":{"allow":["GET"]}}],"collection":[{"href":"https:\/\/www.transcend.org\/tms\/wp-json\/wp\/v2\/posts"}],"about":[{"href":"https:\/\/www.transcend.org\/tms\/wp-json\/wp\/v2\/types\/post"}],"author":[{"embeddable":true,"href":"https:\/\/www.transcend.org\/tms\/wp-json\/wp\/v2\/users\/4"}],"replies":[{"embeddable":true,"href":"https:\/\/www.transcend.org\/tms\/wp-json\/wp\/v2\/comments?post=218594"}],"version-history":[{"count":0,"href":"https:\/\/www.transcend.org\/tms\/wp-json\/wp\/v2\/posts\/218594\/revisions"}],"wp:featuredmedia":[{"embeddable":true,"href":"https:\/\/www.transcend.org\/tms\/wp-json\/wp\/v2\/media\/218595"}],"wp:attachment":[{"href":"https:\/\/www.transcend.org\/tms\/wp-json\/wp\/v2\/media?parent=218594"}],"wp:term":[{"taxonomy":"category","embeddable":true,"href":"https:\/\/www.transcend.org\/tms\/wp-json\/wp\/v2\/categories?post=218594"},{"taxonomy":"post_tag","embeddable":true,"href":"https:\/\/www.transcend.org\/tms\/wp-json\/wp\/v2\/tags?post=218594"}],"curies":[{"name":"wp","href":"https:\/\/api.w.org\/{rel}","templated":true}]}}