{"id":218652,"date":"2022-08-29T12:00:30","date_gmt":"2022-08-29T11:00:30","guid":{"rendered":"https:\/\/www.transcend.org\/tms\/?p=218652"},"modified":"2022-08-27T05:14:51","modified_gmt":"2022-08-27T04:14:51","slug":"norsk-norwegian-putin-og-zelenskij-pa-ville-veier","status":"publish","type":"post","link":"https:\/\/www.transcend.org\/tms\/2022\/08\/norsk-norwegian-putin-og-zelenskij-pa-ville-veier\/","title":{"rendered":"(Norsk-Norwegian) Putin og Zelenskij p\u00e5 ville veier!"},"content":{"rendered":"<p><em>26.august 2022 &#8211; <\/em>Jeg skvatt da jeg h\u00f8rte det: P\u00e5 NRK Nyhetsmorgen, onsdag den 24\/8, like f\u00f8r kl 9 ble vi servert nyheten om at Zelenskij nettopp har holdt en tale der han presiserte at Ukraina \u00a0uansett vil fortsette krigen\u00a0 mot Russland helt til de har gjenvunnet Donbass og Krim!<\/p>\n<p>Begriper vi hva vi har inngitt oss p\u00e5, \u00e5 for\u00e6re v\u00e5pen til landet med en s\u00e5 krigersk leder?<\/p>\n<p>\u00c5penbart, vi m\u00e5 n\u00e5 erkjenne det:\u00a0 Zelenskij er en like meningsl\u00f8s krigshisser som Putin, og s\u00e5nt skal vi gi v\u00e5pen til for at kampene skal kunne fortsette? Hallvard Sandberg uttalte n\u00e5 at Ukraina ikke er i stand til \u00e5 gjenerobre Donbass og Krim, og at noe s\u00e5nt antakelig vil forlenge krigen med\u00a0 kanskje 3 \u00e5r.<\/p>\n<p>Begriper vi overhode hva vi har inngitt oss p\u00e5?<\/p>\n<p>Da krigen hadde vart i 3 dager var der et m\u00f8te mellom partene. Putin tilb\u00f8d da \u00e5 stanse all krigf\u00f8ring hvis Krim og Donbass kunne bli garantert uavhengighet fra Ukraina. Ogs\u00e5 da var Zelenskij \u00a0bestemt og sa kategorisk nei. Og krigen fortsatte!<\/p>\n<p>Vi vet ogs\u00e5 utmerket godt at der i 2014 var avstemning\u00a0 p\u00e5 Krim der 96,7% av folket, \u00a0if\u00f8lge bl.a. NRK, bifalte et fristilling fra Ukraina, noe som deretter foregikk fullstendig fredelig, uten protester og uten at det falt en eneste blodsdr\u00e5pe.<\/p>\n<p>I Donbass var der ogs\u00e5 holdt en folkeavstemning, om enn mindre offisielt, og med litt lavere tilslutning p\u00e5 noen og \u00e5tti prosent. Det ble ikke akseptert av Ukraina \u2013 og borgerkrigen har siden rast og for\u00e5rsaket \u00a0store \u00f8deleggelser og 14.000 drap.\u00a0 Skulle n\u00e5 Ukraina etter langvarige krigshandlinger virkelig makte \u00e5 vinne tilbake omr\u00e5dene: Tror da virkelig noen, at der vil bli fred og fordragelighet?<\/p>\n<p>Vi snakker varmt om demokratibegrepet og er stolte av det. Men hvorfor i all videste verden har vi glemt hele demokrati-idealet\u00a0 n\u00e5r det g\u00e5r i fav\u00f8r av andre enn oss selv?<\/p>\n<p>Av en eller annen merkelig grunn har Norge bifalt Ukrainas krigf\u00f8ring, og i likhet med resten av NATO-landene ukritisk for\u00e6rt krigsv\u00e5pen til landet. Jeg h\u00e5per vi n\u00e5 begynner \u00e5 se hvilken enorm fadese vi har innlatt oss p\u00e5.\u00a0 Ukraina blir kontinuerlig \u00f8delagt i krigen, hatet vokser, Putin blir stadig villere, store folkemengder p\u00e5 begge sider d\u00f8r.<\/p>\n<p>P\u00e5 grunn av sanksjonene mot Russland, har \u00a0de, som en vel kan vente, g\u00e5tt til lignende skritt og stengt igjen noen gasskraner. Norge som gassleverand\u00f8r \u00a0har kanskje tjent p\u00e5 det i denne omgang. Men vi er da vel ikke s\u00e5 blinde at vi ikke ser at vi setter verdensfreden i fare? Ser vi ikke \u00a0at der til og med er atombombefarer og at atomkraftverkene kan komme helt ut av kontroll? Ser vi heller ikke at \u00f8deleggelsene p\u00e5 milj\u00f8siden ogs\u00e5 kan bli s\u00e5 store at ogs\u00e5 det setter oss alle i fare?<\/p>\n<p>Tenk om Zelenskij hadde akseptert det f\u00f8rste tilbudet han fikk! Eller tenk\u00a0 om ingen hadde st\u00f8ttet Zelenskij med v\u00e5pen. Da hadde nok for lengst denne krigen v\u00e6rt historie. Da kunne vi alle slikke v\u00e5re s\u00e5r og begynne \u00e5 samarbeide p\u00e5 en positiv og fredsskapende m\u00e5te b\u00e5de med Ukraina og Russland. Attp\u00e5 til, folk i Donbass og Krim kunne se fremtiden lyst i m\u00f8te! Vi kunne bli venner igjen og verden kunne blomstre.<\/p>\n<p>Tenk dere om! Kom til fornuft \u00a0f\u00f8r det er for sent! Der er absolutt ingen ting \u00e5 vinne ved \u00e5 st\u00f8tte krigen. Der er veldig mye \u00e5 vinne p\u00e5 \u00e5 f\u00e5 i gang et konstruktivt samarbeid, \u00a0b\u00e5de med Ukraina og Russland!<\/p>\n<p>Stans v\u00e5penleveransene! F\u00e5 \u00a0Zelenskij til fornuft! Lov han samarbeid om det kan skje med konstruktive m\u00e5l! \u00a0Aksepter at Krim og Donetsk kan f\u00e5 sine folkeavstemninger og \u00a0bli anerkjent som den de m\u00e5tte \u00f8nske \u00e5 v\u00e6re i fremtiden! Snakk fornuft ogs\u00e5 med Putin. Beklag b\u00e5de feilgrepene hans og det vi har gjort i denne saken til n\u00e5. Tilby dem begge konstruktivt samarbeid om alle de positive m\u00e5l vi sammen b\u00f8r sette oss!<\/p>\n<p>Det er p\u00e5 h\u00f8y tid dere her hjemme n\u00e5 gj\u00f8re noe for \u00e5 f\u00e5 partene til \u00e5 starte avsluttende forhandlinger! Sett i gang!<\/p>\n<p>________________________________________________<\/p>\n<p style=\"padding-left: 40px;\"><em><a href=\"https:\/\/www.transcend.org\/tms\/wp-content\/uploads\/2022\/05\/Bjorn-Eidsvig.jpg\" ><img loading=\"lazy\" decoding=\"async\" class=\"alignleft size-full wp-image-211754\" src=\"https:\/\/www.transcend.org\/tms\/wp-content\/uploads\/2022\/05\/Bjorn-Eidsvig.jpg\" alt=\"\" width=\"77\" height=\"77\" \/><\/a><\/em><\/p>\n<p>&nbsp;<\/p>\n<p style=\"padding-left: 40px;\"><em>Bj\u00f8rn Eidsvig &#8211; tidligere FN-sjefsr\u00e5dgiver<\/em><\/p>\n","protected":false},"excerpt":{"rendered":"<p>26.august 2022 &#8211; Jeg skvatt da jeg h\u00f8rte det: P\u00e5 NRK Nyhetsmorgen, onsdag den 24\/8, like f\u00f8r kl 9 ble vi servert nyheten om at Zelenskij nettopp har holdt en tale der han presiserte at Ukraina \u00a0uansett vil fortsette krigen\u00a0 mot Russland helt til de har gjenvunnet Donbass og Krim!<\/p>\n","protected":false},"author":4,"featured_media":211754,"comment_status":"open","ping_status":"closed","sticky":false,"template":"","format":"standard","meta":{"footnotes":""},"categories":[46],"tags":[1268,278,961,2810,481],"class_list":["post-218652","post","type-post","status-publish","format-standard","has-post-thumbnail","hentry","category-original-languages","tag-european-union","tag-russia","tag-ukraine","tag-volodymyr-zelenskyy","tag-warfare"],"_links":{"self":[{"href":"https:\/\/www.transcend.org\/tms\/wp-json\/wp\/v2\/posts\/218652","targetHints":{"allow":["GET"]}}],"collection":[{"href":"https:\/\/www.transcend.org\/tms\/wp-json\/wp\/v2\/posts"}],"about":[{"href":"https:\/\/www.transcend.org\/tms\/wp-json\/wp\/v2\/types\/post"}],"author":[{"embeddable":true,"href":"https:\/\/www.transcend.org\/tms\/wp-json\/wp\/v2\/users\/4"}],"replies":[{"embeddable":true,"href":"https:\/\/www.transcend.org\/tms\/wp-json\/wp\/v2\/comments?post=218652"}],"version-history":[{"count":0,"href":"https:\/\/www.transcend.org\/tms\/wp-json\/wp\/v2\/posts\/218652\/revisions"}],"wp:featuredmedia":[{"embeddable":true,"href":"https:\/\/www.transcend.org\/tms\/wp-json\/wp\/v2\/media\/211754"}],"wp:attachment":[{"href":"https:\/\/www.transcend.org\/tms\/wp-json\/wp\/v2\/media?parent=218652"}],"wp:term":[{"taxonomy":"category","embeddable":true,"href":"https:\/\/www.transcend.org\/tms\/wp-json\/wp\/v2\/categories?post=218652"},{"taxonomy":"post_tag","embeddable":true,"href":"https:\/\/www.transcend.org\/tms\/wp-json\/wp\/v2\/tags?post=218652"}],"curies":[{"name":"wp","href":"https:\/\/api.w.org\/{rel}","templated":true}]}}