{"id":22173,"date":"2012-10-15T12:00:37","date_gmt":"2012-10-15T11:00:37","guid":{"rendered":"http:\/\/www.transcend.org\/tms\/?p=22173"},"modified":"2012-10-12T21:14:51","modified_gmt":"2012-10-12T20:14:51","slug":"french-face-aux-caricatures-de-la-haine-la-non-violence-simpose","status":"publish","type":"post","link":"https:\/\/www.transcend.org\/tms\/2012\/10\/french-face-aux-caricatures-de-la-haine-la-non-violence-simpose\/","title":{"rendered":"(French) Face aux Caricatures de la Haine, la Non-Violence s&#8217;Impose"},"content":{"rendered":"<p>Les derni\u00e8res semaines ont connu la r\u00e9surgence des tensions occidento-islamiques autour de l&#8217;opposition apparente entre la libert\u00e9 d&#8217;expression et le respect des symboles religieux. Nous esp\u00e9rions que le malheureux \u00e9pisode des caricatures \u00ab Muhammeds ansigt \u00bb (Visage de Mohammed) publi\u00e9es le 30 septembre 2005 par le journal danois Jyllands-Posten et la r\u00e9action violente dans certaines villes du monde musulman avait donn\u00e9 \u00e0 r\u00e9fl\u00e9chir aux uns et aux autres sur les risques que font encourir \u00e0 la paix dans le monde la provocation et la r\u00e9action violente \u00e0 la provocation.<\/p>\n<p>La mani\u00e8re quasi non-violente dont fut trait\u00e9e l&#8217;affaire du film \u00ab Fitna \u00bb (Discorde) diffus\u00e9 sur l&#8217;Internet le 27 mars 2008 par l&#8217;homme politique hollandais d&#8217;extr\u00eame-droite Geert Wilders nous r\u00e9confortait dans cet espoir. Mais la diffusion sur le Web au d\u00e9but de ce mois du film \u00ab Innocence of Muslims \u00bb (Innocence des musulmans) et la publication le 19 septembre 2012 des caricatures de Charlie Hebdo sur le proph\u00e8te Mohammad ainsi que la col\u00e8re et les manifestations de violence suscit\u00e9es dans certains pays musulmans indiquent qu&#8217;h\u00e9las, la le\u00e7on n&#8217;a pas \u00e9t\u00e9 retenue de l&#8217;\u00e9pisode pr\u00e9c\u00e9dent.<\/p>\n<p>On peut classer les attitudes et les comportements en Occident vis-\u00e0-vis de l&#8217;Islam qui sont per\u00e7us n\u00e9gativement dans le monde musulman en sept cat\u00e9gories :<\/p>\n<p>1) La critique de l&#8217;Islam, c&#8217;est-\u00e0-dire la remise en question des valeurs islamiques \u00e0 partir d&#8217;un r\u00e9f\u00e9rentiel occidental, ceci \u00e9tant motiv\u00e9 en Occident par la perception d&#8217;une contradiction (r\u00e9elle ou imaginaire) entre les valeurs occidentales et islamiques. Il s&#8217;agit d&#8217;une critique intellectuelle et rationnelle et rel\u00e8ve de la m\u00e9thodologie ;<\/p>\n<p>2) L&#8217;anti-islamisme, qui consiste \u00e0 s&#8217;opposer \u00e0 l&#8217;interf\u00e9rence de l&#8217;Islam (et de la religion en g\u00e9n\u00e9ral) dans la sph\u00e8repolitique ; ce qui est de l&#8217;ordre de la politologie ;<\/p>\n<p>3) L&#8217;\u00ab anti-Islam \u00bb-isme, qui est le rejet de l&#8217;Islam sur une base dogmatique religieuse ; relevant donc de la th\u00e9ologie ;<\/p>\n<p>4) L&#8217;islamophobie, ou la peur et les pr\u00e9jug\u00e9s irrationnels \u00e0 l&#8217;\u00e9gard de l&#8217;Islam et des musulmans. L&#8217;ignorance de l&#8217;autre, le manque de communication et d&#8217;entre-connaissance ainsi que les \u00ab blessures collectives \u00bb anciennes et r\u00e9centes non gu\u00e9ries car non trait\u00e9es sont les principales causes de cette peur ; ceci rel\u00e8ve de la psychologie ;<\/p>\n<p>5) L&#8217;islamo-racisme, qui per\u00e7oit les musulmans en Occident comme une \u00ab race \u00bb \u00e9trang\u00e8re invasive et mena\u00e7ante de l&#8217;identit\u00e9 et du bien-\u00eatre des indig\u00e8nes, et justifie leur discrimination, voire pers\u00e9cution ; c&#8217;est le domaine de l&#8217;id\u00e9ologie.<\/p>\n<p>Pour ces cinq cat\u00e9gories, la meilleure approche est le dialogue, qu&#8217;il soit intellectuel, politique ou religieux, et l&#8217;\u00e9change pour dissiper les craintes. Il y a par contre deux autres cat\u00e9gories o\u00f9 le dialogue et l&#8217;\u00e9change peuvent s&#8217;av\u00e9rer inefficaces.<\/p>\n<p>6) La provocation des musulmans ; il s&#8217;agit d&#8217;une attitude vicieuse et d&#8217;un comportement agressif gratuit vis-\u00e0-vis des musulmans, ce qui est de l&#8217;ordre de la pathologie. A ceci, le seul rem\u00e8de efficace est l&#8217;ignorance et l&#8217;indiff\u00e9rence.<\/p>\n<p>7) La manipulation des musulmans, c&#8217;est-\u00e0-dire l&#8217;induction malintentionn\u00e9e et opportuniste de la violence dite islamique pour servir des objectifs individuels ou collectifs, politiques ou \u00e9conomiques, ce qui est de l&#8217;ordre de la strat\u00e9gie. A cette derni\u00e8re cat\u00e9gorie, la meilleure approche est l&#8217;ignorance ou la r\u00e9action non-violente, car toute violence ne fait que conforter les provocateurs dans leur strat\u00e9gie.<\/p>\n<p>Le film \u00ab Innocence of Muslims \u00bb et les caricatures de Charlie Hebdo semblent s&#8217;inscrire dans cette derni\u00e8re cat\u00e9gorie, bien que leurs auteurs veuillent les \u00ab vendre \u00bb comme des contributions n\u00e9cessaires pour la d\u00e9fense de la libert\u00e9 artistique et la libert\u00e9 d&#8217;expression. Certains analystes politiques font observer que les caricatures suivent une logique opportuniste purement commerciale, visant \u00e0 doper les ventes en d\u00e9clin de l&#8217;hebdomadaire fran\u00e7ais, alors que le film cache des vis\u00e9es politiciennes li\u00e9es \u00e0 la campagne \u00e9lectorale aux Etats-Unis, aux tensions isra\u00e9lo-am\u00e9ricaines sur le dossier iranien, et \u00e0 la volont\u00e9 de certains individus et groupes de saper la dynamique d&#8217;\u00e9mancipation engag\u00e9e dans le monde arabe depuis l&#8217;an dernier.<\/p>\n<p>La violence qui a suivi la diffusion du film, notamment l&#8217;attaque du consulat \u00e9tats-unien \u00e0 Benghazi et la mort de diplomates, a \u00e9t\u00e9 largement condamn\u00e9e partout dans le monde, particuli\u00e8rement dans le monde arabe et musulman, de m\u00eame que la violence inflig\u00e9e par les auteurs du film \u00e0 des millions de musulmans \u00e0 travers le monde. Dans la d\u00e9claration conjointe de la Haute repr\u00e9sentante de l&#8217;Union europ\u00e9enne pour les affaires \u00e9trang\u00e8res et la politique de s\u00e9curit\u00e9, du secr\u00e9taire g\u00e9n\u00e9ral de l&#8217;Organisation de la Coop\u00e9ration islamique, du secr\u00e9taire g\u00e9n\u00e9ral de la Ligue des Etats arabes et du pr\u00e9sident de la Commission de l&#8217;Union africaine, publi\u00e9e le 20 septembre 2012, les quatre organisations r\u00e9gionales affirment partager \u00ab la souffrance qu&#8217;inspirent aux Musulmans le film qui insulte l&#8217;Islam \u00bb. Navi Pillay, Haut Commissaire de l&#8217;ONU pour les droits de l&#8217;homme, d\u00e9clarait pour sa part le 14 septembre 2012, que \u00ab le film est malveillant et d\u00e9lib\u00e9r\u00e9ment provocateur ; il d\u00e9peint honteusement une image d\u00e9form\u00e9e des musulmans, \u00bb et d&#8217;ajouter : \u00ab Je comprends parfaitement pourquoi les gens souhaitent protester \u00e9nergiquement contre ce film, et c&#8217;est leur droit de le faire pacifiquement. \u00bb En France, Manuel Vals, ministre de l&#8217;int\u00e9rieur, a jug\u00e9 opportun de suspendre ce droit en interdisant aux musulmans de manifester pacifiquement dans les villes fran\u00e7aises, pour pr\u00e9server l&#8217;ordre public. Cette interdiction ne fait en fait qu&#8217;exasp\u00e9rer les tensions intercommunautaires, car les musulmans de France ne comprennent pas pourquoi le ministre Vals n&#8217;a pas pens\u00e9 \u00e0 suspendre aussi le droit \u00e0 la publication des caricatures pour pr\u00e9server le m\u00eame ordre public.<\/p>\n<p>Le d\u00e9bat est loin d&#8217;\u00eatre clos concernant l&#8217;\u00e9quilibre \u00e0 trouver entre d\u00e9fense du droit d&#8217;expression et respect des symboles religieux, entre le droit \u00e0 tout critiquer et le droit \u00e0 ne pas \u00eatre insult\u00e9, et la fronti\u00e8re \u00e0 fixer afin de s\u00e9parer l&#8217;expression artistique de l&#8217;expression de la haine. Le Conseil des droits de l&#8217;homme de l&#8217;ONU a eu du mal \u00e0 faire adopter en mars 2011, apr\u00e8s de longs mois de d\u00e9bats, la r\u00e9solution 16\/18 qui appelle en des termes consensuels \u00e0 une action coordonn\u00e9e au plan national et international pour que des droits et libert\u00e9s ne soient pas mal utilis\u00e9s pour saper d&#8217;autres droits et libert\u00e9s. Dans ce d\u00e9bat souvent passionn\u00e9, beaucoup oublient que les valeurs supr\u00eames qui ont la primaut\u00e9 sur les autres sont la paix et la vie sacr\u00e9e de l&#8217;\u00e2me innocente. Ce sont elles qui fixent les limites des divers droits et libert\u00e9s et dictent \u00e0 tous la non-violence dans l&#8217;expression par la parole ou par les actes.<\/p>\n<p>__________________________<\/p>\n<p><em>Abbas Aroua est physicien m\u00e9dical. Il enseigne \u00e0 la Facult\u00e9 de M\u00e9decine de l\u2019Universit\u00e9 de Lausanne. Il est directeur de la Fondation Cordoue de Gen\u00e8ve pour les \u00c9tudes de la Paix et membre de TRANSCEND International charg\u00e9 du monde arabe.<\/em><\/p>\n","protected":false},"excerpt":{"rendered":"<p>Les derni\u00e8res semaines ont connu la r\u00e9surgence des tensions occidento-islamiques autour de l&#8217;opposition apparente entre la libert\u00e9 d&#8217;expression et le respect des symboles religieux. On peut classer les attitudes et les comportements en Occident vis-\u00e0-vis de l&#8217;Islam qui sont per\u00e7us n\u00e9gativement dans le monde musulman en sept cat\u00e9gories:<\/p>\n","protected":false},"author":4,"featured_media":0,"comment_status":"open","ping_status":"open","sticky":false,"template":"","format":"standard","meta":{"footnotes":""},"categories":[46],"tags":[],"class_list":["post-22173","post","type-post","status-publish","format-standard","hentry","category-original-languages"],"_links":{"self":[{"href":"https:\/\/www.transcend.org\/tms\/wp-json\/wp\/v2\/posts\/22173","targetHints":{"allow":["GET"]}}],"collection":[{"href":"https:\/\/www.transcend.org\/tms\/wp-json\/wp\/v2\/posts"}],"about":[{"href":"https:\/\/www.transcend.org\/tms\/wp-json\/wp\/v2\/types\/post"}],"author":[{"embeddable":true,"href":"https:\/\/www.transcend.org\/tms\/wp-json\/wp\/v2\/users\/4"}],"replies":[{"embeddable":true,"href":"https:\/\/www.transcend.org\/tms\/wp-json\/wp\/v2\/comments?post=22173"}],"version-history":[{"count":0,"href":"https:\/\/www.transcend.org\/tms\/wp-json\/wp\/v2\/posts\/22173\/revisions"}],"wp:attachment":[{"href":"https:\/\/www.transcend.org\/tms\/wp-json\/wp\/v2\/media?parent=22173"}],"wp:term":[{"taxonomy":"category","embeddable":true,"href":"https:\/\/www.transcend.org\/tms\/wp-json\/wp\/v2\/categories?post=22173"},{"taxonomy":"post_tag","embeddable":true,"href":"https:\/\/www.transcend.org\/tms\/wp-json\/wp\/v2\/tags?post=22173"}],"curies":[{"name":"wp","href":"https:\/\/api.w.org\/{rel}","templated":true}]}}