{"id":226649,"date":"2023-01-09T12:00:33","date_gmt":"2023-01-09T12:00:33","guid":{"rendered":"https:\/\/www.transcend.org\/tms\/?p=226649"},"modified":"2023-01-03T05:02:14","modified_gmt":"2023-01-03T05:02:14","slug":"francais-dans-lattente-de-2023","status":"publish","type":"post","link":"https:\/\/www.transcend.org\/tms\/2023\/01\/francais-dans-lattente-de-2023\/","title":{"rendered":"(Fran\u00e7ais) Dans l\u2019Attente de 2023"},"content":{"rendered":"<p><a href=\"https:\/\/www.transcend.org\/tms\/wp-content\/uploads\/2023\/01\/culture-peace-banner-david-adams-1.png\" ><img loading=\"lazy\" decoding=\"async\" class=\"aligncenter size-full wp-image-226650\" src=\"https:\/\/www.transcend.org\/tms\/wp-content\/uploads\/2023\/01\/culture-peace-banner-david-adams-1.png\" alt=\"\" width=\"700\" height=\"120\" \/><\/a><\/p>\n<p><em><span class=\"HwtZe\" lang=\"fr\"><span class=\"jCAhz ChMk0b\"><span class=\"ryNqvb\">1er janvier 2023<\/span><\/span><\/span> &#8211;<\/em> Avant d\u2019envisager 2023, regardons 2022 du point de vue de la culture de la paix.<\/p>\n<p>En g\u00e9n\u00e9ral, il semble que la culture de la guerre ait \u00e9t\u00e9 plus dominante que jamais. Le pi\u00e8ge tendu par l\u2019Empire am\u00e9ricain, y compris l\u2019OTAN, \u00e0 l\u2019Ukraine a \u00e9t\u00e9 un \u201csucc\u00e8s\u201d pour les n\u00e9ocons. Ils ont attir\u00e9 la Russie de Poutine dans le pi\u00e8ge et ont commenc\u00e9 une guerre cach\u00e9e avec la Russie, utilisant la pauvre Ukraine comme app\u00e2t. Et maintenant, ils combattent la Russie \u201cjusqu\u2019au dernier Ukrainien\u201d.<\/p>\n<p>Je me rends compte que cette analyse est \u00e0 l\u2019oppos\u00e9 de ce que vous trouverez dans les m\u00e9dias de masse am\u00e9ricains et europ\u00e9ens. Pour cela, je vous recommande, si vous ne l\u2019avez pas encore fait, de lire les blogs suivants que j\u2019ai \u00e9crits l\u2019ann\u00e9e derni\u00e8re et qui fournissent le contexte historique n\u00e9cessaire pour comprendre la guerre d\u2019Ukraine.<\/p>\n<p><a target=\"_blank\" href=\"https:\/\/decade-culture-of-peace.org\/blog\/?p=1398#french\" >LES \u00c9TATS-UNIS ET L\u2019OTAN ONT-ILS PROMIS DE NE PAS MENACER LA RUSSIE EN D\u00c9PLACEANT LES FORCES MILITAIRES DE L\u2019OTAN VERS SES FRONTI\u00c8RES\u00a0?<\/a><\/p>\n<p><a target=\"_blank\" href=\"https:\/\/decade-culture-of-peace.org\/blog\/?p=1421#french\" >COMMENT LES \u00c9TATS-UNIS ONT CR\u00c9\u00c9 VLADIMIR POUTINE<\/a><\/p>\n<p><a target=\"_blank\" href=\"https:\/\/decade-culture-of-peace.org\/blog\/?p=1425#french\" > LA GUERRE D\u2019UKRAINE AURAIT PU \u00caTRE \u00c9VIT\u00c9E<\/a><\/p>\n<p><a target=\"_blank\" href=\"https:\/\/decade-culture-of-peace.org\/blog\/?p=1433#french\" >NOUS POUVONS TROUVER LA V\u00c9RIT\u00c9, MAIS O\u00d9 POUVONS-NOUS TROUVER L\u2019ESPOIR\u00a0?<\/a><\/p>\n<p><a target=\"_blank\" href=\"https:\/\/decade-culture-of-peace.org\/blog\/?p=1492#french\" >HYPOCRISIE \u00c0 PROPOS DES DROITS HUMAINS<\/a><\/p>\n<p>Tout en \u00e9tant fix\u00e9 sur la guerre d\u2019Ukraine, nous ne devons pas oublier le plus d\u2019une centaine de conflits arm\u00e9s ailleurs dans le monde, dont beaucoup sont arm\u00e9s par l\u2019Empire am\u00e9ricain et l\u2019OTAN.<\/p>\n<p>En g\u00e9n\u00e9ral, il semble que la culture de la paix ait perdu l\u2019ann\u00e9e derni\u00e8re.<\/p>\n<p>Mais n\u2019ignorons pas le mouvement pour la paix. L\u2019ann\u00e9e derni\u00e8re, les mouvements pacifistes nord-am\u00e9ricains et europ\u00e9ens se sont mobilis\u00e9s contre la guerre de Ukraine et d\u2019autres guerres, comme nous l\u2019avons d\u00e9crit dans le <a target=\"_blank\" href=\"https:\/\/cpnn-world.org\/french\/?p=9780\" >bulletin de d\u00e9cembre du CPNN<\/a>.<\/p>\n<p>En Am\u00e9rique latine et en Afrique, la culture de la paix a continu\u00e9 \u00e0 \u00eatre promue, comme nous le d\u00e9crivons dans <a target=\"_blank\" href=\"https:\/\/cpnn-world.org\/french\/?p=9798\" >le bulletin CPNN de ce mois<\/a>. Alors que les mouvements pacifistes d\u2019Am\u00e9rique du Nord et d\u2019Europe sont des mouvements minoritaires oppos\u00e9s \u00e0 la culture de guerre de l\u2019\u00c9tat, la culture de la paix en <a target=\"_blank\" href=\"https:\/\/decade-culture-of-peace.org\/blog\/?p= 1477#french\" >L\u2019Am\u00e9rique latine <\/a> se reprend par les villes, villages et les r\u00e9gions et <a target=\"_blank\" href=\"https:\/\/decade-culture-of-peace.org\/blog\/?p=1383#french\" >en Afrique <\/a> par l\u2019Union Africaine. Dans ces continents, c\u2019est un mouvement qui repr\u00e9sente la majorit\u00e9 des citoyens, souvent en harmonie avec la politique de l\u2019\u00c9tat.<br \/>\n`<br \/>\nEt nous ne devons pas ignorer les quelques voix \u00e9loquentes pour la paix en Ukraine, et les millions de Russes qui se sont publiquement oppos\u00e9s \u00e0 la guerre d\u2019Ukraine avant qu\u2019ils ne soient r\u00e9prim\u00e9s par l\u2019administration Poutine.<\/p>\n<p>Dans les circonstances actuelles, il semble peu probable que les mouvements pacifistes, du Nord ou du Sud, puissent r\u00e9ussir la t\u00e2che de transformation de la culture de guerre \u00e0 la culture de paix en 2023. Les mouvements d\u2019Europe et d\u2019Am\u00e9rique du Nord restent une petite minorit\u00e9 . Et en ce qui concerne l\u2019Am\u00e9rique latine et l\u2019Afrique, ces continents sont plus victimes qu\u2019acteurs sur la sc\u00e8ne mondiale.<\/p>\n<p>Mais les circonstances actuelles ne sont pas permanentes, et 2023 pourrait marquer un tournant dans l\u2019histoire mondiale. Une chose est s\u00fbre : l\u2019histoire proc\u00e8de par changements surprenants et brusques, voire r\u00e9volutionnaires.<\/p>\n<p>Comme j\u2019ai insist\u00e9 dans le blog du mois dernier, <a target=\"_blank\" href=\"https:\/\/decade-culture-of-peace.org\/blog\/?p=1497#french\" > PR\u00c9PARONS-NOUS POUR UN NOUVEL ORDRE MONDIAL<\/a>, le moteur du changement historique est \u00e9conomique. \u00c9tant donn\u00e9 que l\u2019\u00e9conomie se mondialise de plus en plus chaque ann\u00e9e, cela signifie qu\u2019un krach \u00e9conomique ne peut plus \u00eatre localis\u00e9. S\u2019il y a un crash \u00e9conomique, cela affectera toutes les \u00e9conomies du monde.<\/p>\n<p>2023 pourrait \u00eatre l\u2019ann\u00e9e o\u00f9 l\u2019on verra l\u2019<a target=\"_blank\" href=\"https:\/\/decade-culture-of-peace.org\/blog\/?p=1448#french\" >EFFONDREMENT DU DOLLAR AM\u00c9RICAIN<\/a> ? Le fait que le gouvernement Am\u00e9ricain continue de consacrer la majeure partie de l\u2019argent de leur gouvernement \u00e0 la production militaire plut\u00f4t qu\u2019\u00e0 la production civile rend cela de plus en plus probable. \u00c0 cet \u00e9gard, rien n\u2019a chang\u00e9 depuis que j\u2019ai \u00e9crit <a target=\"_blank\" href=\"https:\/\/decade-culture-of-peace.org\/blog\/?p=1152#french\" >MAUVAISES NOUVELLES POUR 2021<\/a><\/p>\n<p>Quand il y a un krach \u00e9conomique, il est suivi d\u2019un krach politique. C\u2019est ainsi que Marx a d\u00e9crit la dynamique de l\u2019histoire, et c\u2019est <a target=\"_blank\" href=\"https:\/\/www.culture-of-peace.info\/soviet-collapse\/introduction.html\" >ce que j\u2019ai vu <\/a> dans l\u2019ancienne Union sovi\u00e9tique \u00e0 la fin des ann\u00e9es 1980.<\/p>\n<p>D\u00e9j\u00e0, on voit se d\u00e9velopper des fissures politiques dans l\u2019Empire am\u00e9ricain : comme je l\u2019ai d\u00e9crit l\u2019ann\u00e9e derni\u00e8re dans le blog, <a target=\"_blank\" href=\"https:\/\/decade-culture-of-peace.org\/blog\/?p=1394#french\" >GUERRE \u00c0 L\u2019\u00c9TRANGER, GUERRE DANS LA M\u00c9TROPOLE<\/a>.<\/p>\n<p>Si nous voulons profiter d\u2019un krach \u00e9conomique et politique mondial pour passer de la culture de guerre \u00e0 une culture de paix, nous devons nous <a target=\"_blank\" href=\"https:\/\/decade-culture-of-peace.org\/blog\/?p =1497#french\" >pr\u00e9parer \u00e0 l\u2019avance<\/a>. Sinon, l\u2019occasion peut \u00eatre perdue!<\/p>\n<p>Bien s\u00fbr, il y a un autre crash possible, si terrible qu\u2019on \u00e9vite g\u00e9n\u00e9ralement d\u2019y penser : la possibilit\u00e9 d\u2019une troisi\u00e8me guerre mondiale impliquant des armes nucl\u00e9aires, une possibilit\u00e9 plus que jamais menac\u00e9e par la guerre en Ukraine. Une telle guerre pourrait m\u00eame marquer la fin de la civilisation humaine. Pour cette raison, il est d\u2019autant plus important d\u2019arriver \u00e0 la paix en Ukraine (voir mon blog, <a target=\"_blank\" href=\"https:\/\/decade-culture-of-peace.org\/blog\/?p=1485#french\" > LAISSEZ LES ENFANTS FAIRE LA PAIX<\/a>) et de d\u00e9velopper un <a target=\"_blank\" href=\"https:\/\/decade-culture-of-peace.org\/blog\/?p=1457#french\" >MOUVEMENT MONDIAL POUR LE D\u00c9SARMEMENT NUCL\u00c9AIRE <\/a>.<\/p>\n<p>Que 2023 soit ou non l\u2019ann\u00e9e du krach du dollar, nous avons beaucoup de travail \u00e0 faire !<\/p>\n<p>______________________________________________________<\/p>\n<p style=\"padding-left: 40px;\"><em><a href=\"https:\/\/www.transcend.org\/tms\/wp-content\/uploads\/2017\/11\/david-adams-e1509732461622.jpg\" ><img loading=\"lazy\" decoding=\"async\" class=\"alignleft size-full wp-image-101248\" src=\"https:\/\/www.transcend.org\/tms\/wp-content\/uploads\/2017\/11\/david-adams-e1509732461622.jpg\" alt=\"\" width=\"100\" height=\"125\" \/><\/a> Dr. David Adams est membre du <a href=\"https:\/\/www.transcend.org\/tpu\/\" >TRANSCEND Network for Peace Development Environment<\/a> et coordinateur du <\/em><a target=\"_blank\" href=\"http:\/\/cpnn-world.org\/\" >Culture of Peace News Network<\/a><em>. <\/em><em>Il a pris sa retraite en 2001 de l&#8217;UNESCO o\u00f9 il \u00e9tait directeur de l&#8217;Unit\u00e9 pour l&#8217;Ann\u00e9e internationale des Nations Unies pour la culture de la paix. Auparavant, aux universit\u00e9s de Yale et de Wesley, il \u00e9tait un sp\u00e9cialiste des m\u00e9canismes c\u00e9r\u00e9braux du comportement agressif, de l&#8217;histoire de la culture de la guerre et de la psychologie des militants de la paix. Envoyez lui un <\/em><em><a target=\"_blank\" href=\"http:\/\/culture-of-peace.info\/vita\/vita.html\" >email<\/a><\/em><em>.<\/em><\/p>\n<p><a target=\"_blank\" href=\"https:\/\/decade-culture-of-peace.org\/blog\/?p=1508\" >Go to Original \u2013 decade-culture-of-peace.org<\/a><\/p>\n","protected":false},"excerpt":{"rendered":"<p>1er janvier 2023 &#8211; Avant d\u2019envisager 2023, regardons 2022 du point de vue de la culture de la paix.<\/p>\n","protected":false},"author":4,"featured_media":101248,"comment_status":"open","ping_status":"closed","sticky":false,"template":"","format":"standard","meta":{"footnotes":""},"categories":[46],"tags":[443,826],"class_list":["post-226649","post","type-post","status-publish","format-standard","has-post-thumbnail","hentry","category-original-languages","tag-culture-of-peace","tag-peace-studies"],"_links":{"self":[{"href":"https:\/\/www.transcend.org\/tms\/wp-json\/wp\/v2\/posts\/226649","targetHints":{"allow":["GET"]}}],"collection":[{"href":"https:\/\/www.transcend.org\/tms\/wp-json\/wp\/v2\/posts"}],"about":[{"href":"https:\/\/www.transcend.org\/tms\/wp-json\/wp\/v2\/types\/post"}],"author":[{"embeddable":true,"href":"https:\/\/www.transcend.org\/tms\/wp-json\/wp\/v2\/users\/4"}],"replies":[{"embeddable":true,"href":"https:\/\/www.transcend.org\/tms\/wp-json\/wp\/v2\/comments?post=226649"}],"version-history":[{"count":0,"href":"https:\/\/www.transcend.org\/tms\/wp-json\/wp\/v2\/posts\/226649\/revisions"}],"wp:featuredmedia":[{"embeddable":true,"href":"https:\/\/www.transcend.org\/tms\/wp-json\/wp\/v2\/media\/101248"}],"wp:attachment":[{"href":"https:\/\/www.transcend.org\/tms\/wp-json\/wp\/v2\/media?parent=226649"}],"wp:term":[{"taxonomy":"category","embeddable":true,"href":"https:\/\/www.transcend.org\/tms\/wp-json\/wp\/v2\/categories?post=226649"},{"taxonomy":"post_tag","embeddable":true,"href":"https:\/\/www.transcend.org\/tms\/wp-json\/wp\/v2\/tags?post=226649"}],"curies":[{"name":"wp","href":"https:\/\/api.w.org\/{rel}","templated":true}]}}