{"id":231961,"date":"2023-03-20T12:00:22","date_gmt":"2023-03-20T12:00:22","guid":{"rendered":"https:\/\/www.transcend.org\/tms\/?p=231961"},"modified":"2023-03-20T06:15:15","modified_gmt":"2023-03-20T06:15:15","slug":"portugues-por-que-a-violencia-contra-os-animais-deve-ser-combatida-3","status":"publish","type":"post","link":"https:\/\/www.transcend.org\/tms\/2023\/03\/portugues-por-que-a-violencia-contra-os-animais-deve-ser-combatida-3\/","title":{"rendered":"(Portugu\u00eas) Por Que a Viol\u00eancia Contra os Animais Deve Ser Combatida"},"content":{"rendered":"<blockquote><p><em>N\u00e3o \u00e9 um argumento especista se digo que a viol\u00eancia contra outros animais deve ser combatida por causa das consequ\u00eancias para humanos?<\/em><\/p><\/blockquote>\n<div id=\"attachment_231963\" style=\"width: 510px\" class=\"wp-caption aligncenter\"><a href=\"https:\/\/www.transcend.org\/tms\/wp-content\/uploads\/2023\/03\/Kristo-Muurimaa-animal-violence.jpg\" ><img loading=\"lazy\" decoding=\"async\" aria-describedby=\"caption-attachment-231963\" class=\"wp-image-231963\" src=\"https:\/\/www.transcend.org\/tms\/wp-content\/uploads\/2023\/03\/Kristo-Muurimaa-animal-violence.jpg\" alt=\"\" width=\"500\" height=\"348\" srcset=\"https:\/\/www.transcend.org\/tms\/wp-content\/uploads\/2023\/03\/Kristo-Muurimaa-animal-violence.jpg 768w, https:\/\/www.transcend.org\/tms\/wp-content\/uploads\/2023\/03\/Kristo-Muurimaa-animal-violence-300x209.jpg 300w\" sizes=\"auto, (max-width: 500px) 100vw, 500px\" \/><\/a><p id=\"caption-attachment-231963\" class=\"wp-caption-text\">Foto: Kristo Muurimaa<\/p><\/div>\n<p>Algu\u00e9m diz que a viol\u00eancia contra animais n\u00e3o humanos deve ser combatida porque favorece a viol\u00eancia contra humanos. A viol\u00eancia contra n\u00e3o humanos realmente pode culminar em viol\u00eancia contra humanos, mas esse n\u00e3o \u00e9 um argumento especista se digo que essa viol\u00eancia deve ser combatida por causa das consequ\u00eancias para humanos?<\/p>\n<p>Por que n\u00e3o apenas reconhecer que a viol\u00eancia contra animais n\u00e3o humanos deve ser combatida porque \u00e9 injustificada? Porque \u00e9 uma desconsidera\u00e7\u00e3o dos interesses b\u00e1sicos de uma criatura senciente. Para antagonizar tal viol\u00eancia, preciso ter como baliza os danos humanos?<\/p>\n<p>Isso \u00e9 secundarizar o impacto da viol\u00eancia para esses animais, evocar uma considera\u00e7\u00e3o que depende de outro princ\u00edpio de considera\u00e7\u00e3o \u2013 mensurar a gravidade do impacto ao n\u00e3o humano a partir do impacto ao humano.<\/p>\n<p>Entendo que quando algu\u00e9m fala em evitar uma viol\u00eancia contra um animal para n\u00e3o resultar em uma viol\u00eancia contra um humano a motiva\u00e7\u00e3o \u00e9 propor um olhar sobre as possibilidades de rela\u00e7\u00e3o de viol\u00eancias.<\/p>\n<p>No entanto, se quero que olhem para a viol\u00eancia contra outros animais por associa\u00e7\u00e3o \u00e0 viol\u00eancia contra humanos, o olhar sobre a primeira viol\u00eancia \u00e9 o olhar condicionado \u00e0 segunda viol\u00eancia. Assim posso fortalecer uma ideia antropoc\u00eantrica de que \u00e9 preciso olhar para o interesse n\u00e3o humano conforme reconhe\u00e7o que esse interesse tamb\u00e9m me afeta.<\/p>\n<p>Mas se sou da opini\u00e3o de que ignorar o interesse n\u00e3o humano n\u00e3o me afeta, ent\u00e3o n\u00e3o rejeito as possibilidades de validar a import\u00e2ncia desse interesse pelo argumento apresentado?<\/p>\n<p>Afinal, esse tipo de reflex\u00e3o depende tamb\u00e9m da dimens\u00e3o de import\u00e2ncia que algu\u00e9m atribui ao impacto da viol\u00eancia por associa\u00e7\u00e3o, e quais tipos de viol\u00eancias considera ou n\u00e3o aceit\u00e1veis em rela\u00e7\u00e3o aos animais n\u00e3o humanos.<\/p>\n<p>O combate \u00e0 viol\u00eancia contra outros animais porque leva \u00e0 viol\u00eancia contra humanos \u00e9 como dizer, ainda que n\u00e3o seja a inten\u00e7\u00e3o, que op\u00f5e-se \u00e0 viol\u00eancia contra outros animais porque pensa n\u00e3o nesses animais, mas nos humanos que ser\u00e3o prejudicados pelo que possibilita a viol\u00eancia que atinge n\u00e3o humanos.<\/p>\n<p><em>_____________________________________________<\/em><\/p>\n<p style=\"padding-left: 40px;\"><em><a href=\"https:\/\/www.transcend.org\/tms\/wp-content\/uploads\/2020\/07\/David-Arioch.jpeg\" ><img loading=\"lazy\" decoding=\"async\" class=\"alignleft size-full wp-image-164698\" src=\"https:\/\/www.transcend.org\/tms\/wp-content\/uploads\/2020\/07\/David-Arioch.jpeg\" alt=\"\" width=\"96\" height=\"96\" \/><\/a> David Arioch \u00e9 jornalista profissional, historiador e especialista em jornalismo cultural, hist\u00f3rico e liter\u00e1rio<\/em> <em>(MTB: 10612\/PR). <\/em><em><a target=\"_blank\" href=\"http:\/\/davidarioch.com\" >http:\/\/davidarioch.com<\/a><\/em><\/p>\n<p><em>\u00a0<\/em><\/p>\n<p><a target=\"_blank\" href=\"https:\/\/vegazeta.com.br\/por-que-a-violencia-contra-os-animais-deve-ser-combatida\/\" >Go to Original \u2013 vegazeta.com.br<\/a><\/p>\n","protected":false},"excerpt":{"rendered":"<p>N\u00e3o \u00e9 um argumento especista se digo que a viol\u00eancia contra outros animais deve ser combatida por causa das consequ\u00eancias para humanos?<\/p>\n","protected":false},"author":4,"featured_media":231963,"comment_status":"open","ping_status":"closed","sticky":false,"template":"","format":"standard","meta":{"footnotes":""},"categories":[46],"tags":[786,619,1769,831,991,3003],"class_list":["post-231961","post","type-post","status-publish","format-standard","has-post-thumbnail","hentry","category-original-languages","tag-animal-justice","tag-animal-rights","tag-animal-slavery","tag-veganism","tag-vegetarianism","tag-violence-against-animals"],"_links":{"self":[{"href":"https:\/\/www.transcend.org\/tms\/wp-json\/wp\/v2\/posts\/231961","targetHints":{"allow":["GET"]}}],"collection":[{"href":"https:\/\/www.transcend.org\/tms\/wp-json\/wp\/v2\/posts"}],"about":[{"href":"https:\/\/www.transcend.org\/tms\/wp-json\/wp\/v2\/types\/post"}],"author":[{"embeddable":true,"href":"https:\/\/www.transcend.org\/tms\/wp-json\/wp\/v2\/users\/4"}],"replies":[{"embeddable":true,"href":"https:\/\/www.transcend.org\/tms\/wp-json\/wp\/v2\/comments?post=231961"}],"version-history":[{"count":1,"href":"https:\/\/www.transcend.org\/tms\/wp-json\/wp\/v2\/posts\/231961\/revisions"}],"predecessor-version":[{"id":231964,"href":"https:\/\/www.transcend.org\/tms\/wp-json\/wp\/v2\/posts\/231961\/revisions\/231964"}],"wp:featuredmedia":[{"embeddable":true,"href":"https:\/\/www.transcend.org\/tms\/wp-json\/wp\/v2\/media\/231963"}],"wp:attachment":[{"href":"https:\/\/www.transcend.org\/tms\/wp-json\/wp\/v2\/media?parent=231961"}],"wp:term":[{"taxonomy":"category","embeddable":true,"href":"https:\/\/www.transcend.org\/tms\/wp-json\/wp\/v2\/categories?post=231961"},{"taxonomy":"post_tag","embeddable":true,"href":"https:\/\/www.transcend.org\/tms\/wp-json\/wp\/v2\/tags?post=231961"}],"curies":[{"name":"wp","href":"https:\/\/api.w.org\/{rel}","templated":true}]}}