{"id":232449,"date":"2023-04-03T12:01:08","date_gmt":"2023-04-03T11:01:08","guid":{"rendered":"https:\/\/www.transcend.org\/tms\/?p=232449"},"modified":"2023-03-28T06:03:14","modified_gmt":"2023-03-28T05:03:14","slug":"francais-guerre-en-ukraine-pourquoi-les-pays-emergents-ne-salignent-pas-sur-loccident","status":"publish","type":"post","link":"https:\/\/www.transcend.org\/tms\/2023\/04\/francais-guerre-en-ukraine-pourquoi-les-pays-emergents-ne-salignent-pas-sur-loccident\/","title":{"rendered":"(Fran\u00e7ais) Guerre en Ukraine : pourquoi les pays \u00e9mergents ne s\u2019alignent pas sur l\u2019Occident"},"content":{"rendered":"<blockquote><p><em>21 mars 2023<\/em> &#8211; Les pays occidentaux ont les plus grandes peines \u00e0 entra\u00eener les pays \u00e9mergents dans la logique des sanctions contre la Russie. Cette perte d\u2019influence s\u2019enracine pour une bonne part dans l\u2019unilat\u00e9ralisme et le double standard dont les Occidentaux, \u00c9tats-Unis en t\u00eate, ont fait preuve dans des dossiers importants aux yeux des pays du Sud global. Ceux-ci refusent de payer le prix \u00e9conomique, social et diplomatique d\u2019une guerre dans laquelle il n\u2019y a pas de coupable \u00e9vident \u00e0 leurs yeux.<\/p>\n<p>*******************<\/p><\/blockquote>\n<p><i>Version longue d\u2019une carte blanche de Fran\u00e7ois Polet, charg\u00e9 d\u2019\u00e9tude au Centre tricontinental, parue dans<\/i> La Libre Belgique <i>le 21.03.2023.<\/i><\/p>\n<div id=\"attachment_232451\" style=\"width: 560px\" class=\"wp-caption aligncenter\"><a href=\"https:\/\/www.transcend.org\/tms\/wp-content\/uploads\/2023\/03\/Mouvement-des-non-alignes.jpg\" ><img loading=\"lazy\" decoding=\"async\" aria-describedby=\"caption-attachment-232451\" class=\"wp-image-232451\" src=\"https:\/\/www.transcend.org\/tms\/wp-content\/uploads\/2023\/03\/Mouvement-des-non-alignes.jpg\" alt=\"\" width=\"550\" height=\"366\" srcset=\"https:\/\/www.transcend.org\/tms\/wp-content\/uploads\/2023\/03\/Mouvement-des-non-alignes.jpg 849w, https:\/\/www.transcend.org\/tms\/wp-content\/uploads\/2023\/03\/Mouvement-des-non-alignes-300x200.jpg 300w, https:\/\/www.transcend.org\/tms\/wp-content\/uploads\/2023\/03\/Mouvement-des-non-alignes-768x511.jpg 768w\" sizes=\"auto, (max-width: 550px) 100vw, 550px\" \/><\/a><p id=\"caption-attachment-232451\" class=\"wp-caption-text\">18e r\u00e9union minist\u00e9rielle du Mouvement des non-align\u00e9s (MNA) \u00e0 Bakou, Azerba\u00efdjan (05 avril 2018)<br \/>(Photo : MEAphotogallery CC https:\/\/www.flickr.com\/photos\/meaindia\/40534149184)<\/p><\/div>\n<p>Au fil des mois et des rencontres internationales, la difficult\u00e9 des Occidentaux \u00e0 entra\u00eener les pays \u00e9mergents dans une attitude plus activement oppos\u00e9e \u00e0 l\u2019invasion russe de l\u2019Ukraine se confirme. En d\u00e9pit des pressions diplomatiques, aucun d\u2019entre eux n\u2019a impos\u00e9 de sanction \u00e0 la Russie ou livr\u00e9 d\u2019armes \u00e0 l\u2019Ukraine. Et des pays aussi importants que l\u2019Afrique du Sud, l\u2019Inde, la Chine et le Pakistan se sont \u00e0 nouveau abstenus lors du r\u00e9cent vote \u00e0 l\u2019ONU d\u2019une r\u00e9solution exigeant le retrait imm\u00e9diat des troupes russes de l\u2019Ukraine. Bref, la construction d\u2019une \u00ab\u00a0coalition globale\u00a0\u00bb contre la Russie est un \u00e9chec. La guerre d\u2019Ukraine a plut\u00f4t mis au jour un \u00ab\u00a0foss\u00e9 global\u00a0\u00bb entre l\u2019Occident et le reste du monde, pour reprendre l\u2019expression du <i>Washington Post<\/i> (24\/02\/2023).<\/p>\n<p>Cette retenue des pays \u00e9mergents est mal comprise par beaucoup d\u2019Europ\u00e9ens, qui y voient un d\u00e9ni de solidarit\u00e9 avec un peuple agress\u00e9, voire la manifestation d\u2019une complaisance envers l\u2019agresseur et le mod\u00e8le de soci\u00e9t\u00e9 autoritaire et conservatrice qu\u2019il revendique. Ce prisme moralisateur a sa l\u00e9gitimit\u00e9, mais ne permet pas de saisir ce qui est en train de se jouer. Il faut pouvoir entendre les arguments des repr\u00e9sentants des pays \u00e9mergents, notamment les plus d\u00e9mocratiques, et t\u00e2cher de se mettre \u00e0 leur place pour les interpr\u00e9ter correctement. Non pas pour leur donner raison n\u00e9cessairement, mais pour saisir le plus justement possible les raisons qui fondent leurs positionnements.<\/p>\n<p>\u00ab\u00a0<i>L\u2019Europe doit sortir de la mentalit\u00e9 suivant laquelle les probl\u00e8mes de l\u2019Europe sont les probl\u00e8mes du monde mais que les probl\u00e8mes du monde ne sont pas les probl\u00e8mes de l\u2019Europe<\/i>\u00a0\u00bb avait d\u00e9clar\u00e9 en juin de l\u2019ann\u00e9e pass\u00e9e le ministre des affaires \u00e9trang\u00e8res indien aux diplomates europ\u00e9ens qui l\u2019incitaient \u00e0 prendre ses distances avec la Russie, en pr\u00e9textant que l\u2019Inde elle-m\u00eame aurait un jour besoin de soutien si ses rapports difficiles avec la Chine venaient \u00e0 se d\u00e9grader. Cette expression a quelque chose de paradoxal quand on sait combien le gouvernement indien ne supporte pas que l\u2019Europe s\u2019int\u00e9resse \u00e0 la condition des femmes ou des minorit\u00e9s sur son territoire, mais reconnaissons qu\u2019elle renvoie \u00e0 un sentiment de saturation largement partag\u00e9 dans le Sud global vis-\u00e0-vis de la place centrale et autocentr\u00e9e que l\u2019Europe et l\u2019Occident en g\u00e9n\u00e9ral continuent \u00e0 vouloir occuper sur la sc\u00e8ne mondiale.<\/p>\n<p>En l\u2019occurrence, c\u2019est sur leur propre sol que la guerre d\u2019Ukraine a d\u2019abord constitu\u00e9 un d\u00e9fi humanitaire pour la plupart des pays pauvres. De fait, le nombre de personnes en situation d\u2019ins\u00e9curit\u00e9 alimentaire aig\u00fce dans les r\u00e9gions en d\u00e9veloppement a presque doubl\u00e9 depuis le d\u00e9but des hostilit\u00e9s, suite \u00e0 la chute des exportations ukrainiennes et russes de c\u00e9r\u00e9ales et \u00e0 la hausse des prix des produits p\u00e9troliers. Les autorit\u00e9s indiennes supportent d\u00e8s lors tr\u00e8s mal les reproches qui leur sont adress\u00e9s quant \u00e0 la tr\u00e8s forte augmentation des importations indiennes du p\u00e9trole que les Russes vendent d\u00e9sormais \u00e0 prix brad\u00e9s. D\u2019une part, car les Europ\u00e9ens n\u2019ont eux-m\u00eames que tr\u00e8s graduellement r\u00e9duit leurs propres importations d\u2019hydrocarbures russes et ne l\u2019on fait qu\u2019\u00e0 mesure qu\u2019ils se reportaient sur des sources d\u2019approvisionnement alternatives. D\u2019autre part, car ce report de la demande europ\u00e9enne a entra\u00een\u00e9 une hausse des prix mondiaux dont l\u2019Inde \u2013 qui est \u00e0 la fois le premier importateur de p\u00e9trole et le pays abritant le plus de pauvres \u00e0 l\u2019\u00e9chelle mondiale \u2013 risquait de souffrir plus que les pays europ\u00e9ens.<\/p>\n<p>Plus fondamentalement, les leaders des pays \u00e9mergents ne tol\u00e8rent pas, ou plus, d\u2019\u00eatre pouss\u00e9s dans le dos par des pays occidentaux ayant fait montre d\u2019unilat\u00e9ralisme, de partialit\u00e9 ou d\u2019\u00e9go\u00efsme dans des dossiers internationaux cruciaux \u00e0 leurs yeux depuis la fin de la guerre froide. En d\u00e9pit de leurs poids d\u00e9mographique, \u00e9conomique et diplomatique, ainsi que de leurs nombreuses d\u00e9marches, les IBSA (Inde, Br\u00e9sil, Afrique du Sud) demeurent exclus du Conseil de s\u00e9curit\u00e9 des Nations unies. Au sein de l\u2019Organisation mondiale du commerce, l\u2019agenda (de Doha) \u00ab\u00a0pour le d\u00e9veloppement\u00a0\u00bb n\u2019a jamais vraiment d\u00e9coll\u00e9 depuis 2001.<span class=\"spip_note_ref\">\u00a0[<a target=\"_blank\" href=\"https:\/\/www.cetri.be\/Guerre-en-Ukraine-pourquoi-les?lang=fr#nb1\" id=\"nh1\" class=\"spip_note\" title=\"Cet agenda, lanc\u00e9 trois ans apr\u00e8s le fameux \u00e9chec de la troisi\u00e8me Conf\u00e9rence\u00a0(...)\"  rel=\"footnote\">1<\/a>]<\/span> Et que dire de la lenteur et de la parcimonie dans la mise en place de fonds mondiaux destin\u00e9s \u00e0 financer l\u2019adaptation et les r\u00e9parations des effets d\u2019ores et d\u00e9j\u00e0 incalculables du r\u00e9chauffement climatique dans les pays pauvres. Ou du spectacle du \u00ab\u00a0chacun pour soi\u00a0\u00bb vaccinal auquel ont c\u00e9d\u00e9 les pays occidentaux lors de la pand\u00e9mie.<span class=\"spip_note_ref\">\u00a0[<a target=\"_blank\" href=\"https:\/\/www.cetri.be\/Guerre-en-Ukraine-pourquoi-les?lang=fr#nb2\" id=\"nh2\" class=\"spip_note\" title=\"La mise en place par l\u2019OMS et la fondation Bill Gates au d\u00e9but de la pand\u00e9mie\u00a0(...)\"  rel=\"footnote\">2<\/a>]<\/span> La succession de ces \u00e9pisodes laisse des traces durables chez ceux qui en subissent les cons\u00e9quences, dont les effets s\u2019accumulent et se s\u00e9dimentent.<\/p>\n<p>Mais c\u2019est vraisemblablement dans le domaine de la s\u00e9curit\u00e9 collective que le double standard des Occidentaux est le plus d\u00e9cri\u00e9. La cr\u00e9dibilit\u00e9 des \u00c9tats-Uniens et des Europ\u00e9ens lorsqu\u2019ils invoquent le principe du respect de la souverainet\u00e9 territoriale des \u00c9tats s\u2019est effondr\u00e9e suite \u00e0 leurs interventions en Irak et en Libye. L\u2019\u00ab\u00a0hypocrisie\u00a0\u00bb, pour reprendre une expression omnipr\u00e9sente dans les griefs du Sud \u00e0 l\u2019\u00e9gard du Nord, est d\u2019autant plus grande que l\u2019assassinat de Kadhafi est consid\u00e9r\u00e9 par les Africains comme l\u2019\u00e9v\u00e9nement d\u00e9clencheur de la pouss\u00e9e terroriste au Sahel. Depuis Mexico, New Delhi ou Kinshasa, nombreux sont ceux qui se demandent pourquoi les Europ\u00e9ens sont intransigeants avec la Russie et si conciliants avec Isra\u00ebl, qui affermit son emprise sur les territoires palestiniens en d\u00e9pit des r\u00e9solutions onusiennes, ou le Rwanda, impliqu\u00e9 dans les cycles de violence meurtri\u00e8re qui s\u2019encha\u00eenent dans les Kivus depuis un quart de si\u00e8cle. En d\u2019autres termes, pourquoi les grands moyens ne sont-ils envisag\u00e9s que lorsque la trag\u00e9die a lieu sur le sol europ\u00e9en\u00a0?<\/p>\n<p>Dans le Sud global, l\u2019id\u00e9e selon laquelle \u00ab\u00a0les torts sont partag\u00e9s\u00a0\u00bb, soit que l\u2019expansionnisme de l\u2019OTAN repr\u00e9sente une r\u00e9elle menace pour la Russie, mais que cela ne donnait pas le droit \u00e0 cette derni\u00e8re d\u2019envahir l\u2019Ukraine, pr\u00e9vaut. Cette difficult\u00e9 \u00e0 percevoir la primaut\u00e9 de l\u2019imp\u00e9rialisme russe dans les dynamiques ayant men\u00e9 au conflit tient pour une bonne part au r\u00f4le des imp\u00e9rialismes europ\u00e9en et \u00e9tats-uniens dans les trajectoires nationales de ces pays. \u00ab\u00a0[En Am\u00e9rique latine], <i>quand quelqu\u2019un appara\u00eet pour \u00e9trangler ou saper la d\u00e9mocratie, il y a toujours les Etats-Unis derri\u00e8re<\/i>\u00a0\u00bb, d\u00e9clarait le pr\u00e9sident br\u00e9silien Iniacio Lula da Silva en 2020 \u00e0 la cha\u00eene qatarie Al-Jazira (<i>Le Monde<\/i>, 10\/02\/2023). Et souvenons-nous que dans un pass\u00e9 pas si lointain, l\u2019ANC de Nelson Mandela \u00e9tait class\u00e9e comme organisation terroriste par les \u00c9tats-Unis et soutenue par l\u2019Union sovi\u00e9tique\u2026<\/p>\n<p>Une tendance forte parmi plusieurs \u00e9mergents est d\u00e8s lors \u00e0 la r\u00e9habilitation des principes du \u00ab\u00a0non-alignement\u00a0\u00bb, face \u00e0 ce qui est de plus en plus per\u00e7u comme une nouvelle guerre froide qui ne dit pas son nom. Car il n\u2019y a pas de coupable \u00e9vident \u00e0 leurs yeux dans ce conflit. Car ils aspirent \u00e0 pr\u00e9server l\u2019autonomie de leur politique \u00e9trang\u00e8re sur la sc\u00e8ne internationale et refusent d\u2019\u00eatre embrigad\u00e9s dans un bloc. Car ils ne peuvent se payer le luxe de s\u2019ali\u00e9ner un des deux camps en pr\u00e9sence, d\u2019autant que sanctionner la Russie c\u2019est aussi compromettre leurs rapports avec la Chine.<\/p>\n<h3 class=\"spip\">Notes<\/h3>\n<div id=\"nb1\">\n<p><span class=\"spip_note_ref\">[<a target=\"_blank\" href=\"https:\/\/www.cetri.be\/Guerre-en-Ukraine-pourquoi-les?lang=fr#nh1\" class=\"spip_note\" title=\"Notes 1\"  rev=\"footnote\">1<\/a>]\u00a0<\/span>Cet agenda, lanc\u00e9 trois ans apr\u00e8s le fameux \u00e9chec de la troisi\u00e8me Conf\u00e9rence minist\u00e9rielle de l\u2019OMC \u00e0 Seattle (1999), \u00e9tait suppos\u00e9 placer les probl\u00e8mes et int\u00e9r\u00eats des pays en d\u00e9veloppement au centre des d\u00e9bats. L\u2019impossibilit\u00e9 d\u2019aboutir \u00e0 un accord est interpr\u00e9t\u00e9 par les pays du Sud comme une manifestation de l\u2019\u00e9go\u00efsme des pays du Nord, notamment sur les th\u00e9matiques agricoles et les droits de propri\u00e9t\u00e9 intellectuelle.<\/p>\n<\/div>\n<div id=\"nb2\">\n<p><span class=\"spip_note_ref\">[<a target=\"_blank\" href=\"https:\/\/www.cetri.be\/Guerre-en-Ukraine-pourquoi-les?lang=fr#nh2\" class=\"spip_note\" title=\"Notes 2\"  rev=\"footnote\">2<\/a>]\u00a0<\/span>La mise en place par l\u2019OMS et la fondation Bill Gates au d\u00e9but de la pand\u00e9mie de l\u2019initiative \u00ab\u00a0Covax\u00a0\u00bb, soit ce m\u00e9canisme financ\u00e9 par les gouvernements occidentaux visant \u00e0 acheter des volumes de vaccins \u00e0 distribuer aux pays les plus pauvres, n\u2019a pas vraiment compens\u00e9 le fait que ces m\u00eames gouvernements avaient r\u00e9serv\u00e9 pour leurs populations les premi\u00e8res centaines de millions de doses des meilleurs vaccins.<\/p>\n<p>________________________________________________<\/p>\n<p style=\"padding-left: 40px;\"><a href=\"https:\/\/www.transcend.org\/tms\/wp-content\/uploads\/2023\/03\/Francois-Polet.jpg\" ><img loading=\"lazy\" decoding=\"async\" class=\"alignleft wp-image-232450 size-full\" src=\"https:\/\/www.transcend.org\/tms\/wp-content\/uploads\/2023\/03\/Francois-Polet-e1679979314342.jpg\" alt=\"\" width=\"100\" height=\"100\" \/><\/a><span class=\"vcard author\"><a target=\"_blank\" href=\"https:\/\/www.cetri.be\/_Francois-Polet_\" class=\"url fn spip_in\" ><em>Fran\u00e7ois Polet<\/em><\/a><\/span><em> &#8211; Sociologue, charg\u00e9 d\u2019\u00e9tude au <\/em>CETRI <em>et doctorant \u00e0 l\u2019ULi\u00e8ge.<\/em><\/p>\n<p>&nbsp;<\/p>\n<p>&nbsp;<\/p>\n<p><a target=\"_blank\" href=\"https:\/\/www.cetri.be\/Guerre-en-Ukraine-pourquoi-les?lang=fr\" >Go to Original &#8211; cetri.be<\/a><\/p>\n<\/div>\n","protected":false},"excerpt":{"rendered":"<p>21 mars 2023 &#8211; Les pays occidentaux ont les plus grandes peines \u00e0 entra\u00eener les pays \u00e9mergents dans la logique des sanctions contre la Russie. Cette perte d\u2019influence s\u2019enracine pour une bonne part dans l\u2019unilat\u00e9ralisme et le double standard dont les Occidentaux, \u00c9tats-Unis en t\u00eate, ont fait preuve dans des dossiers importants aux yeux des pays du Sud global. <\/p>\n","protected":false},"author":4,"featured_media":232450,"comment_status":"open","ping_status":"closed","sticky":false,"template":"","format":"standard","meta":{"footnotes":""},"categories":[46],"tags":[1104,417,1035,1268,1126,1050,2462,91,1301,2571,112,818,278,961,2200,95,70,1594,481,172],"class_list":["post-232449","post","type-post","status-publish","format-standard","has-post-thumbnail","hentry","category-original-languages","tag-arms-trade","tag-bullying","tag-eastern-europe","tag-european-union","tag-hegemony","tag-imperialism","tag-military-industrial-media-complex","tag-nato","tag-nuclear-war","tag-official-lies-and-narratives","tag-pentagon","tag-proxy-war","tag-russia","tag-ukraine","tag-us-empire","tag-us-military","tag-usa","tag-war-economy","tag-warfare","tag-west"],"_links":{"self":[{"href":"https:\/\/www.transcend.org\/tms\/wp-json\/wp\/v2\/posts\/232449","targetHints":{"allow":["GET"]}}],"collection":[{"href":"https:\/\/www.transcend.org\/tms\/wp-json\/wp\/v2\/posts"}],"about":[{"href":"https:\/\/www.transcend.org\/tms\/wp-json\/wp\/v2\/types\/post"}],"author":[{"embeddable":true,"href":"https:\/\/www.transcend.org\/tms\/wp-json\/wp\/v2\/users\/4"}],"replies":[{"embeddable":true,"href":"https:\/\/www.transcend.org\/tms\/wp-json\/wp\/v2\/comments?post=232449"}],"version-history":[{"count":1,"href":"https:\/\/www.transcend.org\/tms\/wp-json\/wp\/v2\/posts\/232449\/revisions"}],"predecessor-version":[{"id":232452,"href":"https:\/\/www.transcend.org\/tms\/wp-json\/wp\/v2\/posts\/232449\/revisions\/232452"}],"wp:featuredmedia":[{"embeddable":true,"href":"https:\/\/www.transcend.org\/tms\/wp-json\/wp\/v2\/media\/232450"}],"wp:attachment":[{"href":"https:\/\/www.transcend.org\/tms\/wp-json\/wp\/v2\/media?parent=232449"}],"wp:term":[{"taxonomy":"category","embeddable":true,"href":"https:\/\/www.transcend.org\/tms\/wp-json\/wp\/v2\/categories?post=232449"},{"taxonomy":"post_tag","embeddable":true,"href":"https:\/\/www.transcend.org\/tms\/wp-json\/wp\/v2\/tags?post=232449"}],"curies":[{"name":"wp","href":"https:\/\/api.w.org\/{rel}","templated":true}]}}