{"id":235403,"date":"2023-05-15T12:00:35","date_gmt":"2023-05-15T11:00:35","guid":{"rendered":"https:\/\/www.transcend.org\/tms\/?p=235403"},"modified":"2025-01-10T15:03:50","modified_gmt":"2025-01-10T15:03:50","slug":"portugues-o-colapso-atual-da-etica","status":"publish","type":"post","link":"https:\/\/www.transcend.org\/tms\/2023\/05\/portugues-o-colapso-atual-da-etica\/","title":{"rendered":"(Portugu\u00eas) O Colapso Atual da \u00c9tica"},"content":{"rendered":"<p><em>12 maio 2023 &#8211; <\/em>Temos vivido e sofrido no\u00a0 Brasil\u00a0 tempos sombrios sob o governo de Jair Bolsonaro, onde a \u00e9tica foi enviada ao limbo e tudo praticamente valia (as fake news, as mentiras,a prega\u00e7\u00e3o da viol\u00eancia e a exalta\u00e7\u00e3o da tortura). Nos dias atuais assistimos, desolados, a guerra R\u00fassia-Ucr\u00e2nia.Esta guerra representa a nega\u00e7\u00e3o de todos os valores civilizat\u00f3rios, pois uma grande pot\u00eancia nuclear est\u00e1 literalmente destruindo uma pequena \u00a0na\u00e7\u00e3o e seu povo.<\/p>\n<p>Sem perder de vista os dois dados acima referidos, percebo dois fatores principais, entre outros, que atingem o cora\u00e7\u00e3o da \u00e9tica: a globaliza\u00e7\u00e3o do capitalismo depredador e a mercantiliza\u00e7\u00e3o da sociedade.<\/p>\n<p>A mundializa\u00e7\u00e3o do capitalismo,como modo de produ\u00e7\u00e3o e sua express\u00e3o pol\u00edtica, o neo-liberalismo mostrou as consequ\u00eancias perversas da \u00e9tica\u00a0 capitalista: seus eixos estruturantes s\u00e3o o lucro ilimitado, acumulado individualmente ou por grandes corpora\u00e7\u00f5es, a concorr\u00eancia desenfreada, o assalto aos bens e servi\u00e7os da natureza, a flexibiliza\u00e7\u00e3o das leis e a minimiliza\u00e7\u00e3o do estado em sua fun\u00e7\u00e3o de garantir uma sociedade minimamente equilibrada. Tal \u00e9tica \u00e9 altamente conflitiva porque n\u00e3o conhece a solidariedade, mas a concorr\u00eancia que faz de todos advers\u00e1rios,sen\u00e3o inimigos a serem\u00a0vencidos.<\/p>\n<p>Bem diferente, por exemplo, \u00e9 a \u00e9tica \u00a0da cultura maia. Esta coloca tudo centrado no cora\u00e7\u00e3o, ja que todas as coisas nasceram do amor de dois grandes cora\u00e7\u00f5es, do C\u00e9u e da Terra. O ideal \u00e9tico\u00a0 \u00e9 criar em todas as pessoas cora\u00e7\u00f5es sens\u00edveis, justos, transparentes e verdadeiros. Ou a \u00e9tica do \u201cbien vivir y convivir\u201d dos andinos, assentada no equil\u00edbrio com todas as coisas, entre os humanos, com a natureza e com o universo.<\/p>\n<p>A globaliza\u00e7\u00e3o, inter-relacionando todas as culturas, acabou tamb\u00e9m por revelar a pluralidade dos caminhos \u00e9ticos. Uma de suas consequ\u00eancias est\u00e1 sendo a relativiza\u00e7\u00e3o generalidade dos valores \u00e9ticos. Sabemos que a lei e a ordem, valores da pr\u00e1tica \u00e9tica fundamental, s\u00e3o os pre-requisitos para qualquer cviliza\u00e7\u00e3o em qualquer parte do mundo.<\/p>\n<p>O que observamos \u00e9 que a humanidade est\u00e1 cedendo diante da barb\u00e1rie rumo a uma verdadeira idade das trevas mundial, tal \u00e9 o descalabro \u00e9tico que estamos vendo.<\/p>\n<p>O segundo grande empecilho \u00e0 \u00e9tica \u00e9\u00a0 mercantiliza\u00e7\u00e3o da sociedade, aquilo que Karl Polaniy chamava j\u00e1 em 1944 de \u201c<em>A Grande Transforma\u00e7\u00e3o<\/em>\u201d. \u00c9 o fen\u00f4meno da passagem de uma economia de mercado para uma sociedade puramente de mercado.<\/p>\n<p>Tudo se transforma em mercadoria, coisa j\u00e1 prevista por Karl Marx em seu texto \u201c<em>A mis\u00e9ria da <\/em>Filosofia\u201d de 1848, quando se referia ao tempo em que as coisas mais sagradas como a verdade e a consci\u00eancia seriam levadas ao mercado; seria \u201ctempo da grande corrup\u00e7\u00e3o e da venalidade universal\u201d. Pois vivemos este tempo.<\/p>\n<p>A economia especialmente a especulativa dita os rumos da pol\u00edtica e da sociedade como um todo que se caracteriza pela gera\u00e7\u00e3o de um profundo fosso entre os poucos ricos e as grandes maiorias empobrecidas.\u00a0\u00a0\u00a0\u00a0\u00a0\u00a0\u00a0\u00a0 Aqui se revelam tra\u00e7os de barb\u00e1rie e de crueldade\u00a0 como poucas vezes na hist\u00f3ria.<\/p>\n<p>Qual \u00e9 a \u00e9tica que nos poder\u00e1 orientar como humanidade vivendo na mesma Casa Comum? \u00c9 aquela \u00e9tica que se enraiza naqulo que \u00e9 espec\u00edfico nosso, enquanto humanos e que, por isso, seja universal e possa ser assumida por todos.<\/p>\n<p>Estimo que que em primeir\u00edssimo lugar \u00e9 a <em>\u00e9tica do cuidado<\/em>. Consoante a fabula 220 do escravo Higino e bem interpretada por Martin Heidegger em <em>Ser e Tempo<\/em> e detalhada por mim em <em>Saber <\/em>cuidar,constitui o substrato ontol\u00f3gico do ser humano, valer dizer, aquele conjunto de fatores objetivos sem os quais jamais surgiria o ser humano e outros seres vivos.<\/p>\n<p>Pelo fato de o cuidado ser da ess\u00eancia do humano, todos podem vive-lo e dar-lhe formas concretas, segundo as diferentes culturas. O cuidado pressup\u00f5e uma rela\u00e7\u00e3o amig\u00e1vel e amorosa para com a realidade, da m\u00e3o estendida para a solidariedade e n\u00e3o do punho cerrado para a competi\u00e7\u00e3o. No centro do cuidado est\u00e1 a vida. A civiliza\u00e7\u00e3o dever\u00e1 ser bio-s\u00f3cio-centrada.<\/p>\n<p>Outro dado de nossa ess\u00eancia humana \u00e9 <em>a \u00a0solidariedade<\/em> e a \u00e9tica que da\u00ed se deriva. Sabemos hoje pelo bioantropologia que foi a solidariedade de nossos ancestrais antrop\u00f3ides que permitiu dar o salto da animalidade para a humanidade. Buscavam os alimentos e os consumiam solidariamente. Todos vivemos porque existiu e existe um m\u00ednimo de solidariedade, come\u00e7ando pela fam\u00edlia. O que foi\u00a0 fundador ontem, continua sendo-o ainda hoje.<\/p>\n<p>Outro caminho \u00e9tico, ligado \u00e0 nossa estrita humanidade, \u00e9 a <em>\u00e9tica da responsabilidade<\/em> <em>universal<\/em>. Ser respons\u00e1vel \u00e9 dar-se conta das consequ\u00eancias ben\u00e9ficas ou mal\u00e9ficas de nossos\u00a0 atos pessoais e sociais. Ou assumimos juntos responsavelmente o\u00a0 destino de nossa Casa Comum ou ent\u00e3o percorreremos um caminho sem retorno. Somos respons\u00e1veis pela sustentabilidade de Gaia e de seus ecossistemas para que possamos continuar a viver junto com toda a comunidade de vida.<\/p>\n<p>O filosofo Hans Jonas que, por primeiro, elaborou \u201c<em>O Princ\u00edpio Responsabilidade<\/em>\u201d, agregou a ele a import\u00e2ncia do medo coletivo. Quando este surge e os humanos come\u00e7arem a dar-se conta de que podem conhecer um fim tr\u00e1gico e at\u00e9 de desaparecer como esp\u00e9cie, irrompe um medo ancestral que os leva a uma \u00e9tica de sobreviv\u00eancia. O pressuposto inconsciente \u00e9 que o valor da vida est\u00e1 acima de qualquer outro valor cultural, religioso ou econ\u00f4mico.<\/p>\n<p>Importa tamb\u00e9m resgatar a <em>\u00e9tica da justi\u00e7a<\/em> para todos. A justi\u00e7a \u00e9 o direito m\u00ednimo que tributamos ao outro, de que possa continuar a existir e\u00a0 dando-lhe o que lhe cabe como pessoa:dignidade e respeito. Especialmente as institui\u00e7\u00f5es devem ser justas e equitativas para evitar os privil\u00e9gios e as exclus\u00f5es sociais que tantas v\u00edtimas produzem, particularmente no Brasil, um dos mais desiguais, vale dizer, mais injutos do mundo. Da\u00ed se explica o \u00f3dio e as discrimina\u00e7\u00f5es que dilaceram a sociedade, vindos n\u00e3o do povo, mas daquelas elites endinheiradas que n\u00e3o aceitam o direito para todos mas querem preservar seus privil\u00e9gios.<\/p>\n<p>A justi\u00e7a n\u00e3o vale apenas entre os humanos mas tamb\u00e9m para com\u00a0 a natureza e a Terra que s\u00e3o portadores de direitos e, por isso, devem ser incluidos em nosso conceito de democracia s\u00f3cio-ecol\u00f3gica.<\/p>\n<p>Por fim, devemos incorporar uma <em>\u00e9tica da sobriedade compartida<\/em> para lograr o que dizia Xi Jinping, chefe supremo da China \u201cuma sociedade moderadamente abastecida\u201d.Isto significa um ideal m\u00ednimo e alcanc\u00e1vel.<\/p>\n<p>Estes s\u00e3o alguns par\u00e2metros fundamentaus para uma \u00e9tica, v\u00e1lida para cada povo e para a humanidade, reunida na Casa Comum. Caso contrario poderemos conhecer um armagedon social e ecol\u00f3gico.<\/p>\n<p>_________________________________________________<\/p>\n<p style=\"padding-left: 40px;\"><em><a href=\"https:\/\/www.transcend.org\/tms\/wp-content\/uploads\/2018\/01\/15342-Leonardo_Boff_bio-e1517222599916.jpg\" ><img loading=\"lazy\" decoding=\"async\" class=\"alignleft size-thumbnail wp-image-105405\" src=\"https:\/\/www.transcend.org\/tms\/wp-content\/uploads\/2018\/01\/15342-Leonardo_Boff_bio-150x150.jpg\" alt=\"\" width=\"150\" height=\"150\" \/><\/a> Leonardo Boff \u00e9 um escritor, te\u00f3logo e fil\u00f3sofo brasileiro, professor em\u00e9rito de \u00e9tica e filosofia da religi\u00e3o da Universidade do Estado do Rio de Janeiro, recebedor do <\/em><strong><em>Pr\u00eamio Nobel Alternativo da Paz<\/em><\/strong><em> do Parlamento sueco [<\/em><strong><em>Right Livelihood Award<\/em><\/strong><em>]em 2001, membro da Iniciativa Internacional da Carta da Terra, e professor visitante em v\u00e1rias universidades estrangeiras como Basel, Heidelberg, Harvard, Lisboa e Salamanca. Expoente da <\/em><em><a target=\"_blank\" href=\"http:\/\/pt.wikipedia.org\/wiki\/Teologia_da_Liberta%C3%A7%C3%A3o\" >Teologia da Liberta\u00e7\u00e3o<\/a><\/em><em> no Brasil, foi membro da Ordem dos Frades Menores, mais conhecidos como Franciscanos. \u00c9 respeitado pela sua hist\u00f3ria de defesa pelas causas sociais e atualmente debate tamb\u00e9m quest\u00f5es ambientais. Colunista do <\/em>Jornal do Brasil<em>, escreveu os livros<\/em> Francisco de Assis: Ternura e Vigor, <em>Vozes 2000; <\/em>\u00a0A Terra na palma da m\u00e3o: uma nova vis\u00e3o do planeta e da humanidade<em>,Vozes 2016;\u00a0 <\/em>Cuidar da Terra \u2013 proteger a vida: como escapar do fim do mundo<em>, Record 2010; <\/em>\u00a0<em>A <\/em>hospitalidade: Direito e dever de todos, <em>Vozes 2005<\/em>; Paix\u00e3o de Cristo, Paix\u00e3o do Mundo<em>, Vozes 2001<\/em>; Brasil: Concluir a refunda\u00e7\u00e3o ou prolongar a depend\u00eancia, <em>Vozes 2018; <\/em><em>\u201cDestino e Desatino da Globaliza\u00e7\u00e3o\u201d em<\/em><em>: Do iceberg \u00e0 Arca de No\u00e9,<\/em><em> Mar de Ideias, Rio 2010 pp. 41-63.<\/em><\/p>\n<p><a target=\"_blank\" href=\"https:\/\/leonardoboff.org\/2023\/05\/12\/o-colapso-atual-da-etica\/\" >Go to Original \u2013 leonardoboff.org<\/a><\/p>\n","protected":false},"excerpt":{"rendered":"<p>12 maio 2023 &#8211; Percebo dois fatores principais, entre outros, que atingem o cora\u00e7\u00e3o da \u00e9tica: a globaliza\u00e7\u00e3o do capitalismo depredador e a mercantiliza\u00e7\u00e3o da sociedade.<\/p>\n","protected":false},"author":4,"featured_media":105405,"comment_status":"open","ping_status":"closed","sticky":false,"template":"","format":"standard","meta":{"footnotes":""},"categories":[46],"tags":[232,730,2881],"class_list":["post-235403","post","type-post","status-publish","format-standard","has-post-thumbnail","hentry","category-original-languages","tag-capitalism","tag-ethics","tag-journalistic-ethics"],"_links":{"self":[{"href":"https:\/\/www.transcend.org\/tms\/wp-json\/wp\/v2\/posts\/235403","targetHints":{"allow":["GET"]}}],"collection":[{"href":"https:\/\/www.transcend.org\/tms\/wp-json\/wp\/v2\/posts"}],"about":[{"href":"https:\/\/www.transcend.org\/tms\/wp-json\/wp\/v2\/types\/post"}],"author":[{"embeddable":true,"href":"https:\/\/www.transcend.org\/tms\/wp-json\/wp\/v2\/users\/4"}],"replies":[{"embeddable":true,"href":"https:\/\/www.transcend.org\/tms\/wp-json\/wp\/v2\/comments?post=235403"}],"version-history":[{"count":1,"href":"https:\/\/www.transcend.org\/tms\/wp-json\/wp\/v2\/posts\/235403\/revisions"}],"predecessor-version":[{"id":235404,"href":"https:\/\/www.transcend.org\/tms\/wp-json\/wp\/v2\/posts\/235403\/revisions\/235404"}],"wp:featuredmedia":[{"embeddable":true,"href":"https:\/\/www.transcend.org\/tms\/wp-json\/wp\/v2\/media\/105405"}],"wp:attachment":[{"href":"https:\/\/www.transcend.org\/tms\/wp-json\/wp\/v2\/media?parent=235403"}],"wp:term":[{"taxonomy":"category","embeddable":true,"href":"https:\/\/www.transcend.org\/tms\/wp-json\/wp\/v2\/categories?post=235403"},{"taxonomy":"post_tag","embeddable":true,"href":"https:\/\/www.transcend.org\/tms\/wp-json\/wp\/v2\/tags?post=235403"}],"curies":[{"name":"wp","href":"https:\/\/api.w.org\/{rel}","templated":true}]}}