{"id":256643,"date":"2024-03-11T12:00:04","date_gmt":"2024-03-11T12:00:04","guid":{"rendered":"https:\/\/www.transcend.org\/tms\/?p=256643"},"modified":"2024-03-06T06:17:35","modified_gmt":"2024-03-06T06:17:35","slug":"portugues-os-novos-barbaros-a-comunidade-europeia-e-os-eua","status":"publish","type":"post","link":"https:\/\/www.transcend.org\/tms\/2024\/03\/portugues-os-novos-barbaros-a-comunidade-europeia-e-os-eua\/","title":{"rendered":"(Portugu\u00eas) Os Novos B\u00e1rbaros: A Comunidade Europeia e os EUA"},"content":{"rendered":"<p><em>5 Mar 2024<\/em> &#8211; A verdadeira guerra de exterm\u00ednio que o Estado de Israel, sob o comando de um celerado de extrema direita, Benjamin Netanyahu, est\u00e1 fazendo com os mais de dois milh\u00f5es de palestinos da Faixa de Gaza, apoiado pela maior pot\u00eancia b\u00e9lica do mundo, os EUA e mais ainda pela inteira Comunidade Europeia (NATO) nos legitima de cham\u00e1-los de novos b\u00e1rbaros. Cercaram como num chiqueir\u00e3o os milh\u00f5es da palestinos na pequena faixa de terra, junto ao mar, para melhor elimin\u00e1-los. Para agravar sua perversidade, cortaram-lhe a \u00e1gua, os suprimentos alimentares, a energia, os medicamentos para os hospitais. E para chegar ao c\u00famulo, usaram contra a popula\u00e7\u00e3o bombas de f\u00f3sforo branco que queima as pessoas at\u00e9 os ossos.<\/p>\n<p>Foi uma rea\u00e7\u00e3o totalmente desproporcional contra um ataque terrorista do Hamas (a parte militarizada da popula\u00e7\u00e3o civil) feita contra Israel no dia 7 . A rea\u00e7\u00e3o n\u00e3o conhece limites \u00e9ticos, humanit\u00e1rios e de m\u00ednima compaix\u00e3o.Mais de 11 mil crian\u00e7as foram assassinadas, milhares de m\u00e3es,cerca de 70 mil civis e centenas e centenas de feridos e ainda os escombros de 400 mil casas arrasadas com bombas de grande pot\u00eancia.<\/p>\n<p>Como n\u00e3o chamar esta carnificina, de barb\u00e1rie por parte dos EUA e daqueles que,orgulhosamente consignaram no Pre\u00e2mbulo da Constitui\u00e7\u00e3o da Uni\u00e3o Europeia o seguinte:<\/p>\n<blockquote><p>\u201c<em>O Continente europeu \u00e9 portador de civiliza\u00e7\u00e3o, que seus habitantes a habitaram desde o in\u00edcio da humanidade em sucessivas etapas e que no decorrer dos s\u00e9culos desenvolveram valores, base para o humanismo: igualdade dos seres humanos, a liberdade e o valor da raz\u00e3o<\/em>\u2026\u201d.<\/p><\/blockquote>\n<p>Esta vis\u00e3o n\u00e3o \u00e9 dial\u00e9tica. Ela n\u00e3o inclui nem reconhece as frequentes viola\u00e7\u00f5es destes valores, as cat\u00e1strofes que a cultura europeia produziu com ideologias totalit\u00e1rias, guerras devastadoras, matando cerca de 200 milh\u00f5es no continente e nas col\u00f4nias, colonialismo, escravagismo, imperialismo, genoc\u00eddio de povos origin\u00e1rios (num s\u00e9culo morreram na Am\u00e9rica do Sul, sob a a\u00e7\u00e3o dos europeus 61 milh\u00f5es de ind\u00edgenas), dizimando inteiras na\u00e7\u00f5es em contraste frontal com os valores que proclamou. O que a Comunidade Europeia,\u00a0 como c\u00famplice, est\u00e1 fazendo na Faixa de Gaza mostra a sua tradicional arrog\u00e2ncia e atitude farisaica. Deixo de fora os EUA que sempre vivem em guerra contra algum pa\u00eds,cometendo as maiores barbaridades.Detenho-me apenas nos europeus.<\/p>\n<p>Toda esta dimens\u00e3o tr\u00e1gica s\u00f3 foi poss\u00edvel porque nunca se reconheceu, de fato, o outro como seu semelhante e nunca se respeitou de forma consequente o diferente. Esta concep\u00e7\u00e3o n\u00e3o foi ainda superada na consci\u00eancia da maioria dos pa\u00edses europeus.<\/p>\n<p>Vamos tomar como exemplo a inferiorizar\u00e3o do outro,\u00a0 no caso do tratamento dado \u00e0s mulheres.<\/p>\n<p>Na cultura ocidental em geral (sem considerar outras culturas) tinha centralidade a vis\u00e3o patriarcal e machista que conjugou e organizou os principais valores na forma do masculino. Em raz\u00e3o desta domina\u00e7\u00e3o, a\u00a0 mulher foi submetida, marginalizada e tornada socialmente invis\u00edvel.<\/p>\n<p>Criou-se uma justificativa ideol\u00f3gica para esta interioriza\u00e7\u00e3o. Ela foi buscada em Arist\u00f3teles que cunhou uma compreens\u00e3o preconceituosa, cuja resson\u00e2ncia alcan\u00e7ou Santo Tom\u00e1s de Aquino, com ecos em Freud e Lacan. O fil\u00f3sofo afirmou que a mulher \u00e9\u00a0 \u201cum homem que ficou a caminho\u201d, \u201cum ser inacabado e inferior\u201d (<em>mas <\/em>\u00a0em latim).<\/p>\n<p>Setores tradicionalistas da Igreja comparecem como\u00a0 basti\u00f5es culturais que mant\u00e9m viva e ainda reproduzem esta interioriza\u00e7\u00e3o da mulher.Para esses setores as mulheres n\u00e3o gozam ainda de plena cidadania eclesial. Isso acabou prevalecendo no S\u00ednodo Panamaz\u00f4nico, pelo qual se pretendia conferir um rosto ind\u00edgena \u00e0 f\u00e9 crista. Predominou o paradigma machista, romano e ocidental.\u00cdndio casado n\u00e3o pode ser padre por n\u00e3o ser celibat\u00e1rio. Negou-se \u00e0s mulheres o sacerd\u00f3cio; concedeu-se a uma pequen\u00edssima parcela, participar na administra\u00e7\u00e3o institucional da Igreja. Mas n\u00e3o lhes foi permitido exercer a liberdade com refer\u00eancia ao direito reprodutivo, entre outros, sendo que s\u00e3o mais de 50% da comunidade crist\u00e3.<\/p>\n<p>Esta interioriza\u00e7\u00e3o da mulher cinde a humanidade de cima abaixo. Confere demasiado poder ao homem. Este, ao n\u00e3o reconhecer a alteridade e a igualdade da mulher, perdeu o interlocutor que a natureza e Deus lhe haviam dado para juntos viverem de forma cooperativa.Quando o G\u00eanesis diz que s\u00e3o imagem de Deus e feitos homem e mulher, entende este fato n\u00e3o como possibilidade de reprodu\u00e7\u00e3o da esp\u00e9cie. Mas como companheiros entre si e permanentes interlocutores.<\/p>\n<p>Esse cara- a- cara entre homem e mulher, impediria uma rela\u00e7\u00e3o de domina\u00e7\u00e3o. E essa, por raz\u00f5es que n\u00e3o cabe aqui referir, se implantou. Sem a mulher, o homem projeta sua for\u00e7a f\u00edsica e capacidade intelectual na l\u00f3gica da competi\u00e7\u00e3o na qual s\u00f3 um ganha e todos os demais perdem. Impede a coopera\u00e7\u00e3o na qual todos ganhariam. Deixa o campo aberto ao surgimento de estruturas de poder que implicam hierarquiza\u00e7\u00e3o e\u00a0 exclus\u00e3o. Efetivamente tributa-se\u00a0 ao patriarcalismo e ao machismo o tipo de Estado centralizado que temos, a fabrica\u00e7\u00e3o da guerra e o estabelecimentos de costumes sociais machistas e de leis discricion\u00e1rias.<\/p>\n<p>Mas gra\u00e7as \u00e0 luta hist\u00f3rica das mulheres est\u00e1 se operando uma demoli\u00e7\u00e3o sistem\u00e1tica das falsas raz\u00f5es da sociedade patriarcal. Elas elaboraram um vis\u00e3o mais hol\u00edstica do homem e da mulher e de sua miss\u00e3o na hist\u00f3ria: criar rela\u00e7\u00f5es de parceria no respeito \u00e0s diferen\u00e7as em vista de uma rela\u00e7\u00e3o mais includente e menos conflitiva entre os g\u00eaneros e em benef\u00edcio da paz pol\u00edtica e religiosa entre os povos.<\/p>\n<p>O que, vergonhosamente, est\u00e1 ocorrendo a c\u00e9u aberto em Gaza, \u00e9 a preval\u00eancia da viol\u00eancia masculinista, da impiedade para com os mais fracos e a pura e simples\u00a0elimina\u00e7\u00e3o de pessoas que para os sionistas radicais nem deveriam mais existir. Mas reitero que com muito esfor\u00e7o cremos que o ser humano pode ser melhor: pode fazer do distante um pr\u00f3ximo e \u00a0do pr\u00f3ximo um irm\u00e3o e uma irm\u00e3. Mas quando?<\/p>\n<p>_________________________________________________<\/p>\n<p style=\"padding-left: 40px;\"><em><a href=\"https:\/\/www.transcend.org\/tms\/wp-content\/uploads\/2023\/08\/leonardo-boff-e1694576988510.webp\" ><img loading=\"lazy\" decoding=\"async\" class=\"alignleft size-full wp-image-242233\" src=\"https:\/\/www.transcend.org\/tms\/wp-content\/uploads\/2023\/08\/leonardo-boff-e1694576988510.webp\" alt=\"\" width=\"100\" height=\"100\" \/><\/a> Leonardo Boff \u00e9 um escritor, te\u00f3logo e fil\u00f3sofo brasileiro, professor em\u00e9rito de \u00e9tica e filosofia da religi\u00e3o da Universidade do Estado do Rio de Janeiro, recebedor do <\/em><strong><em>Pr\u00eamio Nobel Alternativo da Paz<\/em><\/strong><em> do Parlamento sueco [<\/em><strong><em>Right Livelihood Award<\/em><\/strong><em>]em 2001, membro da Iniciativa Internacional da Carta da Terra, e professor visitante em v\u00e1rias universidades estrangeiras como Basel, Heidelberg, Harvard, Lisboa e Salamanca. Expoente da <\/em><a target=\"_blank\" href=\"http:\/\/pt.wikipedia.org\/wiki\/Teologia_da_Liberta%C3%A7%C3%A3o\" ><em>Teologia da Liberta\u00e7\u00e3o<\/em><\/a><em> no Brasil, foi membro da Ordem dos Frades Menores, mais conhecidos como Franciscanos. \u00c9 respeitado pela sua hist\u00f3ria de defesa pelas causas sociais e atualmente debate tamb\u00e9m quest\u00f5es ambientais. Colunista do <\/em>Jornal do Brasil<em>, escreveu os livros<\/em> Francisco de Assis: Ternura e Vigor, <em>Vozes 2000; <\/em>\u00a0A Terra na palma da m\u00e3o: uma nova vis\u00e3o do planeta e da humanidade<em>,Vozes 2016; <\/em>Cuidar da Terra \u2013 proteger a vida: como escapar do fim do mundo<em>, Record 2010; <\/em><em>A <\/em>hospitalidade: Direito e dever de todos, <em>Vozes 2005<\/em>; Paix\u00e3o de Cristo, Paix\u00e3o do Mundo<em>, Vozes 2001<\/em>; Brasil: Concluir a refunda\u00e7\u00e3o ou prolongar a depend\u00eancia, <em>Vozes 2018; <\/em><em>\u201cDestino e Desatino da Globaliza\u00e7\u00e3o\u201d em<\/em><em>: Do iceberg \u00e0 Arca de No\u00e9,<\/em><em> Mar de Ideias, Rio 2010 pp. 41-63.<\/em><\/p>\n<p><a target=\"_blank\" href=\"https:\/\/leonardoboff.org\/2024\/03\/05\/os-novos-barbaros-a-comunidade-europeia-e-os-usa\/\" >Go to Original \u2013 leonardoboff.org<\/a><\/p>\n","protected":false},"excerpt":{"rendered":"<p>5 Mar 2024 &#8211; A guerra de exterm\u00ednio que Israel est\u00e1 perpetrando contra os mais de dois milh\u00f5es de palestinos da Faixa de Gaza, apoiado pelos EUA, pela inteira Comunidade Europeia e pela NATO, nos legitima de cham\u00e1-los de novos b\u00e1rbaros.<\/p>\n","protected":false},"author":4,"featured_media":242233,"comment_status":"open","ping_status":"closed","sticky":false,"template":"","format":"standard","meta":{"footnotes":""},"categories":[46],"tags":[532,1854,1199,87,865,1643,1029,1644,88,2416,715,427,124,70,965,1025],"class_list":["post-256643","post","type-post","status-publish","format-standard","has-post-thumbnail","hentry","category-original-languages","tag-colonialism","tag-crimes-against-humanity","tag-ethnic-cleansing","tag-gaza","tag-genocide","tag-genocide-convention","tag-hamas","tag-international-court-of-justice-icj","tag-israel","tag-israeli-occupation","tag-massacre","tag-palestine","tag-united-nations","tag-usa","tag-war-crimes","tag-west-bank"],"_links":{"self":[{"href":"https:\/\/www.transcend.org\/tms\/wp-json\/wp\/v2\/posts\/256643","targetHints":{"allow":["GET"]}}],"collection":[{"href":"https:\/\/www.transcend.org\/tms\/wp-json\/wp\/v2\/posts"}],"about":[{"href":"https:\/\/www.transcend.org\/tms\/wp-json\/wp\/v2\/types\/post"}],"author":[{"embeddable":true,"href":"https:\/\/www.transcend.org\/tms\/wp-json\/wp\/v2\/users\/4"}],"replies":[{"embeddable":true,"href":"https:\/\/www.transcend.org\/tms\/wp-json\/wp\/v2\/comments?post=256643"}],"version-history":[{"count":3,"href":"https:\/\/www.transcend.org\/tms\/wp-json\/wp\/v2\/posts\/256643\/revisions"}],"predecessor-version":[{"id":256648,"href":"https:\/\/www.transcend.org\/tms\/wp-json\/wp\/v2\/posts\/256643\/revisions\/256648"}],"wp:featuredmedia":[{"embeddable":true,"href":"https:\/\/www.transcend.org\/tms\/wp-json\/wp\/v2\/media\/242233"}],"wp:attachment":[{"href":"https:\/\/www.transcend.org\/tms\/wp-json\/wp\/v2\/media?parent=256643"}],"wp:term":[{"taxonomy":"category","embeddable":true,"href":"https:\/\/www.transcend.org\/tms\/wp-json\/wp\/v2\/categories?post=256643"},{"taxonomy":"post_tag","embeddable":true,"href":"https:\/\/www.transcend.org\/tms\/wp-json\/wp\/v2\/tags?post=256643"}],"curies":[{"name":"wp","href":"https:\/\/api.w.org\/{rel}","templated":true}]}}