{"id":270809,"date":"2024-08-05T12:00:38","date_gmt":"2024-08-05T11:00:38","guid":{"rendered":"https:\/\/www.transcend.org\/tms\/?p=270809"},"modified":"2024-08-02T06:03:34","modified_gmt":"2024-08-02T05:03:34","slug":"francais-projet-dun-manifeste-2025","status":"publish","type":"post","link":"https:\/\/www.transcend.org\/tms\/2024\/08\/francais-projet-dun-manifeste-2025\/","title":{"rendered":"(Fran\u00e7ais) Projet d\u2019un Manifeste 2025"},"content":{"rendered":"<blockquote><p><em>1 <span class=\"HwtZe\" lang=\"fr\"><span class=\"jCAhz ChMk0b\"><span class=\"ryNqvb\">Ao\u00fbt<\/span><\/span><\/span> 2024 <\/em>&#8211; <strong>Le <a target=\"_blank\" href=\"https:\/\/decade-culture-of-peace.org\/blog?p=1769#french\" >blog pr\u00e9c\u00e9dent <\/a> proposait de reprendre le Manifeste 2000 l\u00e0 o\u00f9 il s\u2019\u00e9tait arr\u00eat\u00e9, de le renommer Manifeste 2025, de recueillir \u00e0 nouveau des signatures et de lancer des actions.<\/strong><\/p><\/blockquote>\n<p>Au cours de l\u2019Ann\u00e9e internationale de la culture de la paix des Nations Unies, 75 millions de personnes ont sign\u00e9 le Manifeste 2000, s\u2019engageant \u00e0 \u0153uvrer pour une culture de la paix et de la non-violence dans leur vie quotidienne.<\/p>\n<p>Les paragraphes op\u00e9ratoires d\u2019un projet de Manifeste 2025, 1 \u00e0 6, restent les m\u00eames que ceux du Manifeste 2000. Ils traduisent les huit domaines d\u2019action du Programme d\u2019action international pour une culture de la paix, adopt\u00e9 par l\u2019ONU en 1999, en six engagements d\u2019actions qui peuvent \u00eatre prises localement par des individus et des petits groupes.<\/p>\n<p>Les paragraphes du pr\u00e9ambule ont \u00e9t\u00e9 mis \u00e0 jour pour stimuler la r\u00e9flexion et la discussion sur ce que la culture de la paix signifie pour les valeurs, les attitudes, les traditions, les comportements et les modes de vie d\u2019une personne.<\/p>\n<p><strong>Projet de manifeste 2025<\/strong><\/p>\n<p>Parce que je pleure tous ceux qui souffrent de violence, qu\u2019elle soit physique, \u00e9conomique ou psychologique, que ce soit dans notre propre communaut\u00e9 ou ailleurs dans le monde,<\/p>\n<p>et parce que je suis indign\u00e9 par une culture qui accapare les \u00c9tats du monde par des guerres et des pr\u00e9paratifs de guerre et par des m\u00e9dias de masse qui recherchent des histoires de violence, ignorant les actions humaines plus fr\u00e9quentes d\u2019entraide et de coop\u00e9ration,<\/p>\n<p>et parce que je refuse de croire que la violence est in\u00e9vitable, que la force fait le droit, ou que le monde doit \u00eatre divis\u00e9 par des images d\u2019ennemis, nous contre eux,<\/p>\n<p>j\u2019accepte ma responsabilit\u00e9 pour le bien-\u00eatre de l\u2019humanit\u00e9 en solidarit\u00e9 avec tous ceux qui, dans le pass\u00e9, le pr\u00e9sent ou le futur, r\u00eavent et s\u2019efforcent d\u2019un monde meilleur,<\/p>\n<p>et donc, je prends l\u2019engagement dans ma vie quotidienne, ma famille, mon travail, ma communaut\u00e9, mon pays et ma r\u00e9gion de :<\/p>\n<p>1. respecter la vie et la dignit\u00e9 de chaque \u00eatre humain sans discrimination ni pr\u00e9jug\u00e9 ;<\/p>\n<p>2. pratiquer la non-violence active, en rejetant la violence sous toutes ses formes: physique, sexuelle, psychologique, \u00e9conomique et sociale, en particulier envers les plus d\u00e9munis et les plus vuln\u00e9rables tels les enfants et les adolescents ;<\/p>\n<p>3. partager mon temps et mes ressources mat\u00e9rielles en cultivant la g\u00e9n\u00e9rosit\u00e9, afin de mettre fin \u00e0 l\u2019exclusion, \u00e0 l\u2019injustice et \u00e0 l\u2019oppression politique et \u00e9conomique ;<\/p>\n<p>4. d\u00e9fendre la libert\u00e9 d\u2019expression et la diversit\u00e9 culturelle en privil\u00e9giant toujours l\u2019\u00e9coute et le dialogue sans c\u00e9der au fanatisme, \u00e0 la m\u00e9disance et au rejet d\u2019autrui ;<\/p>\n<p>5. promouvoir une consommation responsable et un mode de d\u00e9veloppement qui tiennent compte de l\u2019importance de toutes les formes de vie et pr\u00e9servent l\u2019\u00e9quilibre des ressources naturelles de la plan\u00e8te ;<\/p>\n<p><strong>6. contribuer au d\u00e9veloppement de ma communaut\u00e9, avec la pleine participation des femmes et dans le respect des principes d\u00e9mocratiques, afin de cr\u00e9er, ensemble, de nouvelles formes de solidarit\u00e9. <\/strong><\/p>\n<p>______________________________________________________<\/p>\n<p style=\"padding-left: 40px;\"><em><a href=\"https:\/\/www.transcend.org\/tms\/wp-content\/uploads\/2020\/02\/David_Adams_peace_activist-298x300-1-e1583365714293.jpg\" ><img loading=\"lazy\" decoding=\"async\" class=\"alignleft size-full wp-image-153235\" src=\"https:\/\/www.transcend.org\/tms\/wp-content\/uploads\/2020\/02\/David_Adams_peace_activist-298x300-1-e1583365714293.jpg\" alt=\"\" width=\"150\" height=\"151\" \/><\/a> Dr. David Adams est membre du <\/em><a href=\"https:\/\/www.transcend.org\/tpu\/\" >TRANSCEND Network for Peace Development Environment<\/a> <em>et coordinateur du <\/em><a target=\"_blank\" href=\"http:\/\/cpnn-world.org\/\" >Culture of Peace News Network<\/a><em>. <\/em><em>Il a pris sa retraite en 2001 de l&#8217;UNESCO o\u00f9 il \u00e9tait directeur de l&#8217;Unit\u00e9 pour l&#8217;Ann\u00e9e internationale des Nations Unies pour la culture de la paix. Auparavant, aux universit\u00e9s de Yale et de Wesley, il \u00e9tait un sp\u00e9cialiste des m\u00e9canismes c\u00e9r\u00e9braux du comportement agressif, de l&#8217;histoire de la culture de la guerre et de la psychologie des militants de la paix. Envoyez lui un <\/em><a target=\"_blank\" href=\"http:\/\/culture-of-peace.info\/vita\/vita.html\" ><em>email<\/em><\/a><em>.<\/em><\/p>\n<p><a target=\"_blank\" href=\"https:\/\/decade-culture-of-peace.org\/blog\/?p=1782\" >Go to Original \u2013 decade-culture-of-peace.org<\/a><\/p>\n","protected":false},"excerpt":{"rendered":"<p>1 Ao\u00fbt 2024 &#8211; Le blog pr\u00e9c\u00e9dent proposait de reprendre le Manifeste 2000 l\u00e0 o\u00f9 il s\u2019\u00e9tait arr\u00eat\u00e9, de le renommer Manifeste 2025, de recueillir \u00e0 nouveau des signatures et de lancer des actions.<\/p>\n","protected":false},"author":4,"featured_media":101248,"comment_status":"open","ping_status":"closed","sticky":false,"template":"","format":"standard","meta":{"footnotes":""},"categories":[46],"tags":[],"class_list":["post-270809","post","type-post","status-publish","format-standard","has-post-thumbnail","hentry","category-original-languages"],"_links":{"self":[{"href":"https:\/\/www.transcend.org\/tms\/wp-json\/wp\/v2\/posts\/270809","targetHints":{"allow":["GET"]}}],"collection":[{"href":"https:\/\/www.transcend.org\/tms\/wp-json\/wp\/v2\/posts"}],"about":[{"href":"https:\/\/www.transcend.org\/tms\/wp-json\/wp\/v2\/types\/post"}],"author":[{"embeddable":true,"href":"https:\/\/www.transcend.org\/tms\/wp-json\/wp\/v2\/users\/4"}],"replies":[{"embeddable":true,"href":"https:\/\/www.transcend.org\/tms\/wp-json\/wp\/v2\/comments?post=270809"}],"version-history":[{"count":1,"href":"https:\/\/www.transcend.org\/tms\/wp-json\/wp\/v2\/posts\/270809\/revisions"}],"predecessor-version":[{"id":270810,"href":"https:\/\/www.transcend.org\/tms\/wp-json\/wp\/v2\/posts\/270809\/revisions\/270810"}],"wp:featuredmedia":[{"embeddable":true,"href":"https:\/\/www.transcend.org\/tms\/wp-json\/wp\/v2\/media\/101248"}],"wp:attachment":[{"href":"https:\/\/www.transcend.org\/tms\/wp-json\/wp\/v2\/media?parent=270809"}],"wp:term":[{"taxonomy":"category","embeddable":true,"href":"https:\/\/www.transcend.org\/tms\/wp-json\/wp\/v2\/categories?post=270809"},{"taxonomy":"post_tag","embeddable":true,"href":"https:\/\/www.transcend.org\/tms\/wp-json\/wp\/v2\/tags?post=270809"}],"curies":[{"name":"wp","href":"https:\/\/api.w.org\/{rel}","templated":true}]}}