{"id":276297,"date":"2024-10-07T12:00:09","date_gmt":"2024-10-07T11:00:09","guid":{"rendered":"https:\/\/www.transcend.org\/tms\/?p=276297"},"modified":"2024-10-03T07:08:37","modified_gmt":"2024-10-03T06:08:37","slug":"francais-remarques-pour-la-journee-internationale-de-la-paix","status":"publish","type":"post","link":"https:\/\/www.transcend.org\/tms\/2024\/10\/francais-remarques-pour-la-journee-internationale-de-la-paix\/","title":{"rendered":"(Fran\u00e7ais) Remarques pour la Journ\u00e9e Internationale de la Paix"},"content":{"rendered":"<blockquote><p><em><span class=\"HwtZe\" lang=\"fr\"><span class=\"jCAhz ChMk0b\"><span class=\"ryNqvb\">2 octobre 2024<\/span><\/span><\/span><\/em> &#8211; Ce text est le contenu de mon discours \u00e0 l\u2019Unesco lors de la r\u00e9union organis\u00e9e par le collectif des ONG partenaires officielles de l\u2019UNESCO en coproduction avec l\u2019Association des Anciens Fonctionnaires de l\u2019UNESCO et le soutien de la Commission nationale fran\u00e7aise pour l\u2019UNESCO.<\/p><\/blockquote>\n<p>C\u2019est un grand plaisir pour moi de revenir aujourd\u2019hui \u00e0 l\u2019UNESCO pour c\u00e9l\u00e9brer la Journ\u00e9e internationale de la paix et le th\u00e8me officiel de cette ann\u00e9e, la culture de la paix. Je tiens \u00e0 remercier Patrick Gallaud et tous ceux d\u2019entre vous qui ont rendu cela possible.<\/p>\n<p>Ou sommes-nous?<\/p>\n<p>Nous sommes dans une \u00e9poque dangereuse. Je commence par citer les propos du Secr\u00e9taire g\u00e9n\u00e9ral Antonio Guterres lorsqu\u2019il a sonn\u00e9 la cloche de la paix pour la c\u00e9l\u00e9bration de cette ann\u00e9e.<\/p>\n<p>\u201c\u2026 la paix est menac\u00e9e.<\/p>\n<p>La guerre est en marche.<\/p>\n<p>Du Moyen-Orient au Soudan, en passant par l\u2019Ukraine et au-del\u00e0, nous voyons des balles et des bombes mutiler et tuer, des cadavres s\u2019amonceler, des populations traumatis\u00e9es et des b\u00e2timents r\u00e9duits en d\u00e9combres.<\/p>\n<p>Pendant ce temps, les fondements d\u2019un monde pacifique se fracturent.<\/p>\n<p>Les divisions g\u00e9opolitiques se creusent.<\/p>\n<p>Les in\u00e9galit\u00e9s se creusent.<\/p>\n<p>La d\u00e9sinformation attise les flammes de la haine.<\/p>\n<p>Les nouvelles technologies sont utilis\u00e9es comme armes sans aucune protection.\u201d<\/p>\n<p>Guterres ne le dit pas, mais nous pouvons dire que nous vivons dans une culture de la guerre.<\/p>\n<p>Mais il dit, et je cite : \u00ab En bref, nous devons \u00ab cultiver une culture de la paix \u00bb. \u00bb<\/p>\n<p>Comment cela peut-il \u00eatre fait ? Aujourd\u2019hui est un bon d\u00e9but, puisque nous c\u00e9l\u00e9brons la danse. Mais o\u00f9 allons-nous \u00e0 partir de maintenant ?<\/p>\n<p>J\u2019ai une proposition. Relan\u00e7ons le Manifeste 2000.<\/p>\n<p>Rappelons que pour l\u2019Ann\u00e9e internationale de la paix qui a marqu\u00e9 le d\u00e9but de ce si\u00e8cle, le Manifeste a \u00e9t\u00e9 parrain\u00e9 par l\u2019UNESCO et les Nations Unies et il a \u00e9t\u00e9 sign\u00e9 par 75 millions de personnes s\u2019engageant \u00e0 promouvoir une culture de la paix dans leur vie quotidienne.<\/p>\n<p>En Inde, au N\u00e9pal et dans d\u2019autres pays, l\u2019ONG Brahma Kumaris a recueilli des millions de signatures.<\/p>\n<p>En Colombie, gr\u00e2ce aux efforts de l\u2019UNICEF, 40 % de la population s\u2019est inscrite. J\u2019aime \u00e0 penser que cela a pr\u00e9par\u00e9 le terrain pour les \u00e9ventuels accords de paix dans ce pays.<\/p>\n<p>Au Br\u00e9sil, sous l\u2019impulsion du bureau de l\u2019UNESCO et distribu\u00e9es pendant le Carnaval, il y a eu 15 millions de signatures.<\/p>\n<p>En Alg\u00e9rie, le chef du bureau de l\u2019UNESCO nous a demand\u00e9 de venir r\u00e9cup\u00e9rer les bo\u00eetes de signatures dans son bureau car il n\u2019y avait plus de place pour entrer. Le Manifeste a \u00e9t\u00e9 chant\u00e9 dans les mosqu\u00e9es et distribu\u00e9 dans les rues par le mouvement scout.<\/p>\n<p>Le nouveau directeur g\u00e9n\u00e9ral de l\u2019UNESCO, Koijiro Matsuura, a \u00e9t\u00e9 surpris de recevoir la visite d\u2019une d\u00e9l\u00e9gation de jeunes du Japon apportant un million de signatures recueillies par la F\u00e9d\u00e9ration japonaise de l\u2019UNESCO.<\/p>\n<p>En Cor\u00e9e, \u00e9galement, il y a eu un million de signatures recueillies par les partenaires de la soci\u00e9t\u00e9 civile de la Commission nationale pour l\u2019UNESCO.<\/p>\n<p>Imaginez l\u2019effet si cela pouvait \u00eatre fait aujourd\u2019hui !<br \/>\nEst-ce possible ? Pourquoi pas ?<\/p>\n<p>Les peuples du monde sont pr\u00eats.<\/p>\n<p>Nous le constatons <a target=\"_blank\" href=\"https:\/\/cpnn-world.org\/french\/?p=10665\" >encore cette ann\u00e9e <\/a> lorsque le nombre de personnes engag\u00e9es dans les activit\u00e9s organis\u00e9es pour la Journ\u00e9e internationale de la paix ne cesse d\u2019augmenter partout dans le monde, m\u00eame dans des pays d\u00e9chir\u00e9s par la guerre comme la Russie et l\u2019Ukraine.<\/p>\n<p>L\u2019UNESCO et les Nations Unies sont-elles pr\u00eates ?<\/p>\n<p>Lors du r\u00e9cent forum de haut niveau sur la culture de la paix, l\u2019Union europ\u00e9enne, auparavant oppos\u00e9e \u00e0 l\u2019initiative pour la culture de la paix, a maintenant d\u00e9clar\u00e9 ce qui suit : \u00ab Conform\u00e9ment au th\u00e8me de l\u2019\u00e9v\u00e9nement d\u2019aujourd\u2019hui, l\u2019Union europ\u00e9enne convient pleinement que nous devons cultiver et entretenir une culture de la paix pour les g\u00e9n\u00e9rations pr\u00e9sentes et futures. \u00bb<\/p>\n<p>Parmi les grandes puissances des Nations Unies, il ne reste que les \u00c9tats-Unis qui ne seraient pas favorables \u00e0 une nouvelle initiative comme le Manifeste pour une culture de la paix.<\/p>\n<p><strong>Pourquoi ne pas lancer un nouveau Manifeste \u00e0 l\u2019occasion de l\u2019ann\u00e9e 2025, 25eme anniversaire du Manifeste 2000? Il pourrait \u00eatre facilement adopt\u00e9 par l\u2019Assembl\u00e9e g\u00e9n\u00e9rale et le Secr\u00e9taire g\u00e9n\u00e9ral, et pourrait alors inspirer les gouvernements et la soci\u00e9t\u00e9 civile, y compris les organisations internationales, \u00e0 mobiliser \u00ab Nous, les peuples \u00bb du monde pour promouvoir la transition d\u2019une culture de guerre \u00e0 une culture de paix.<\/strong><\/p>\n<p>______________________________________________________<\/p>\n<p style=\"padding-left: 40px;\"><em><a href=\"https:\/\/www.transcend.org\/tms\/wp-content\/uploads\/2017\/11\/david-adams-e1509732461622.jpg\" ><img loading=\"lazy\" decoding=\"async\" class=\"alignleft size-full wp-image-101248\" src=\"https:\/\/www.transcend.org\/tms\/wp-content\/uploads\/2017\/11\/david-adams-e1509732461622.jpg\" alt=\"\" width=\"100\" height=\"125\" \/><\/a> Dr. David Adams est membre du <\/em><a href=\"https:\/\/www.transcend.org\/tpu\/\" >TRANSCEND Network for Peace Development Environment<\/a> <em>et coordinateur du <\/em><a target=\"_blank\" href=\"http:\/\/cpnn-world.org\/\" >Culture of Peace News Network<\/a><em>. <\/em><em>Il a pris sa retraite en 2001 de l&#8217;UNESCO o\u00f9 il \u00e9tait directeur de l&#8217;Unit\u00e9 pour l&#8217;Ann\u00e9e internationale des Nations Unies pour la culture de la paix. Auparavant, aux universit\u00e9s de Yale et de Wesley, il \u00e9tait un sp\u00e9cialiste des m\u00e9canismes c\u00e9r\u00e9braux du comportement agressif, de l&#8217;histoire de la culture de la guerre et de la psychologie des militants de la paix. Envoyez lui un <\/em><a target=\"_blank\" href=\"http:\/\/culture-of-peace.info\/vita\/vita.html\" ><em>email<\/em><\/a><em>.<\/em><\/p>\n<p><a target=\"_blank\" href=\"https:\/\/decade-culture-of-peace.org\/blog\/?p=1797\" >Go to Original \u2013 decade-culture-of-peace.org<\/a><\/p>\n","protected":false},"excerpt":{"rendered":"<p>2 octobre 2024 &#8211; Ce text est le contenu de mon discours \u00e0 l\u2019Unesco lors de la r\u00e9union organis\u00e9e par le collectif des ONG partenaires officielles de l\u2019UNESCO en coproduction avec l\u2019Association des Anciens Fonctionnaires de l\u2019UNESCO et le soutien de la Commission nationale fran\u00e7aise pour l\u2019UNESCO.<\/p>\n","protected":false},"author":4,"featured_media":66790,"comment_status":"open","ping_status":"closed","sticky":false,"template":"","format":"standard","meta":{"footnotes":""},"categories":[46],"tags":[443,1474,119,584,124],"class_list":["post-276297","post","type-post","status-publish","format-standard","has-post-thumbnail","hentry","category-original-languages","tag-culture-of-peace","tag-international-day-of-peace","tag-peace","tag-unesco","tag-united-nations"],"_links":{"self":[{"href":"https:\/\/www.transcend.org\/tms\/wp-json\/wp\/v2\/posts\/276297","targetHints":{"allow":["GET"]}}],"collection":[{"href":"https:\/\/www.transcend.org\/tms\/wp-json\/wp\/v2\/posts"}],"about":[{"href":"https:\/\/www.transcend.org\/tms\/wp-json\/wp\/v2\/types\/post"}],"author":[{"embeddable":true,"href":"https:\/\/www.transcend.org\/tms\/wp-json\/wp\/v2\/users\/4"}],"replies":[{"embeddable":true,"href":"https:\/\/www.transcend.org\/tms\/wp-json\/wp\/v2\/comments?post=276297"}],"version-history":[{"count":1,"href":"https:\/\/www.transcend.org\/tms\/wp-json\/wp\/v2\/posts\/276297\/revisions"}],"predecessor-version":[{"id":276298,"href":"https:\/\/www.transcend.org\/tms\/wp-json\/wp\/v2\/posts\/276297\/revisions\/276298"}],"wp:featuredmedia":[{"embeddable":true,"href":"https:\/\/www.transcend.org\/tms\/wp-json\/wp\/v2\/media\/66790"}],"wp:attachment":[{"href":"https:\/\/www.transcend.org\/tms\/wp-json\/wp\/v2\/media?parent=276297"}],"wp:term":[{"taxonomy":"category","embeddable":true,"href":"https:\/\/www.transcend.org\/tms\/wp-json\/wp\/v2\/categories?post=276297"},{"taxonomy":"post_tag","embeddable":true,"href":"https:\/\/www.transcend.org\/tms\/wp-json\/wp\/v2\/tags?post=276297"}],"curies":[{"name":"wp","href":"https:\/\/api.w.org\/{rel}","templated":true}]}}