{"id":276558,"date":"2024-10-07T12:00:01","date_gmt":"2024-10-07T11:00:01","guid":{"rendered":"https:\/\/www.transcend.org\/tms\/?p=276558"},"modified":"2024-10-07T05:39:19","modified_gmt":"2024-10-07T04:39:19","slug":"portugues-um-mundo-que-perdeu-o-coracao","status":"publish","type":"post","link":"https:\/\/www.transcend.org\/tms\/2024\/10\/portugues-um-mundo-que-perdeu-o-coracao\/","title":{"rendered":"(Portugu\u00eas) Um Mundo que Perdeu o Cora\u00e7\u00e3o"},"content":{"rendered":"<p><em>6 out 2024 <\/em>&#8211; Acompanhando o atual curso do mundo, seja a n\u00edvel internacional, seja a n\u00edvel nacional, notamos um verdadeiro tsunami de \u00f3dio,de mentiras, de exclus\u00f5es,de verdadeiros genoc\u00eddios e exterm\u00ednios em massa como na Faixa de Gaza, que nos deixa perplexos. At\u00e9 onde pode chegar a maldade humana? N\u00e3o h\u00e1\u00a0 limites para o mal. Ele pode chegar at\u00e9 ao auto exterm\u00ednio dos seres humanos.<\/p>\n<p>Pensando em nosso pa\u00eds, as mortes, os assassinatos de jovens negros nas comunidades perif\u00e9ricas, as crian\u00e7as v\u00edtimas de balas perdidas seja da pol\u00edcia (que mata) seja de fac\u00e7\u00f5es criminosas, os di\u00e1rios feminic\u00eddios e as centenas de estupros de meninas e de mulheres, o esquartejamento de sequestrados, deixam uma cidade inteira como o Rio de Janeiro continuamente sob\u00a0 medo e\u00a0 amea\u00e7as. Est\u00e1 perdendo todo o seu glamour. Assim sucede em quase todas as grandes cidades de nosso pa\u00eds, tido por S\u00e9rgio Buarque de Holanda como \u201ccordial\u201d (<em>Ra\u00edzes do Brasil,<\/em>1936). Entretanto, a maioria\u00a0 dos int\u00e9rpretes n\u00e3o leu o rodap\u00e9 \u00a0ao termo \u201ccordial\u201d onde ele observa:\u201da <em>inimizade<\/em> pode ser t\u00e3o cordial como a amizade,nisso que uma e outra nascem do cora\u00e7\u00e3o\u201d(n.6). Portanto, o brasileiro est\u00e1 mostrando, especialmente, sob o governo do Ineleg\u00edvel, a inimizade entre amigos e nas fam\u00edlias, a banalidade do palavr\u00e3o, dos maus costumes e da mentira: tudo sendo \u201ccordial\u201d por nascer de um cora\u00e7\u00e3o \u201ccordial\u201d(perverso).<\/p>\n<p>Ao n\u00edvel internacional o cen\u00e1rio se revela ainda mais atroz. Com o apoio irrestrito e c\u00famplice dos USA e\u00a0 vergonhoso da Comunidade Europeia que traiu seu legado dos direitos do cidad\u00e3o, da democracia e de outros valores civilizacionais, est\u00e3o se perpetrando verdadeiros crimes de guerra contra 40 mil civis e ineg\u00e1veis genoc\u00eddios de\u00a0 cerca de 13800 crian\u00e7as inocentes na Faixa de Gaza, todos pelo governo de extrema direita de Benjamin Netanhyau. Trata-se de uma retalia\u00e7\u00e3o totalmente desproporcional a um outro crime, n\u00e3o\u00a0 menos horrendo do grupo terrorista Hamas. \u00a0Netanhyau permite tais genoc\u00eddios porque n\u00e3o tem cora\u00e7\u00e3o, n\u00e3o se coloca no lugar das m\u00e3es e das v\u00edtimas inocentes. N\u00e3o lhe importa se para matar um l\u00edder do Hezbollah tenha que, num bombardeio, vitimar dezenas de outras pessoas. O \u00f3dio o tornou cruel e sem piedade.Crimes semelhantes est\u00e3o ocorrendo na guerra que a R\u00fassia move contra a Ucr\u00e2nia com milhares de v\u00edtimas, com a destrui\u00e7\u00e3o de uma antiga cultura-irm\u00e3 e com incont\u00e1veis v\u00edtimas inocentes. Paremos por aqui nessa via-sacra de horrores que tem mais esta\u00e7\u00f5es do que aquela do Filho de Deus carregando sua cruz.<\/p>\n<p>A pergunta \u00e9 como isso ocorre \u00e0 luz do dia sem que haja uma autoridade reconhecida que pudesse parar esse exterm\u00ednio? Qual a raiz subjacente a esta iniquidade? A hist\u00f3ria no passado conheceu exterm\u00ednios, at\u00e9 feitos em nome de Deus como no terr\u00edvel livro dos Ju\u00edzes da B\u00edblia judaico-crist\u00e3 e em tantas guerras de outrora. Mas n\u00f3s as excedemos em crueldade em todos os n\u00edveis.Israel matou mais de 207 funcion\u00e1rios da ONU, bombardeou hospitais, escolas, universidades, mesquitas e destruiu 80% de Gaza.Hoje corremos o s\u00e9rio risco de uma guerra total entre as pot\u00eancias militaristas em disputa pela hegemonia do mundo, o que realizaria o princ\u00edpio de nossa autodestrui\u00e7\u00e3o.<\/p>\n<p>Sustendo a interpreta\u00e7\u00e3o de que tudo isso se tornou poss\u00edvel porque perdemos o <em>cora\u00e7\u00e3o<\/em>, o <em>esprit de finesse <\/em>(de Pascal) e a <em>dimens\u00e3o da anima<\/em> \u00a0(a sensibilidade,de C.G.Jung). A cultura moderna se construiu sobre a <em>vontade de poder<\/em> como domina\u00e7\u00e3o, usando a raz\u00e3o, desgarrada do cora\u00e7\u00e3o e da consci\u00eancia, traduzida em tecno-ci\u00eancia para o nosso bem e mais para fins b\u00e9licos. Como notava o Papa Francisco na <em>Laudato S\u00ec:<\/em>\u201do ser humano n\u00e3o foi educado para o reto uso do poder\u2026porque n\u00e3o foi acompanhado quanto \u00e0 responsabilidade, aos valores e \u00e0 consci\u00eancia\u201d(n.105). A raz\u00e3o estabeleceu seu despotismo na forma de racionalismo, rebaixando outras formas de conhecer e de sentir a realidade. Assim o sentimento (<em>pathos)<\/em> foi recalcado no falso pressuposto de que atrapalharia a objetividade da an\u00e1lise. Hoje \u00e9 evidente que n\u00e3o h\u00e1 objetividade absoluta. O sujeito pesquisa com seus pressupostos e com seus interesses de forma que sujeito-objeto est\u00e3o sempre imbricados.<\/p>\n<p>O fato \u00e9 que a dimens\u00e3o do cora\u00e7\u00e3o e da cordialidade foi reprimida. Abstraindo do c\u00e9rebro reptiliano que \u00e9 o mais antigo, o <em>c\u00e9rebro l\u00edmbico<\/em> constitui a nossa real base fundamental. Ele surgiu com os p\u00e1leo-mam\u00edferos entre 150-200 milh\u00f5es de anos atr\u00e1s e nos mam\u00edferos superiores h\u00e1 40-50 milh\u00f5es de anos com os quais temos o condom\u00ednio.Somos mam\u00edferos racionais, portanto,seres de sentimento.O celebro l\u00edmbico \u00e9 a sede de nossas emo\u00e7\u00f5es, seja de odio, de ira e outras negatividades, mas principalmente nele se alberga o mundo das excel\u00eancias, do amor, da amizade, da empatia, dos valores, da \u00e9tica e da espiritualidade. O c\u00e9rebro neo-cortical irrompeu com o ser humano h\u00e1 7-8 milh\u00f5es de anos e culminou h\u00e1 cerca de 100 mil anos com o surgimento do <em>homo sapiens<\/em> do qual somos herdeiros. \u00c9 o mundo da raz\u00e3o, dos conceitos, da linguagem, na ordena\u00e7\u00e3o l\u00f3gica das coisas.<\/p>\n<p>Portanto, ele compareceu tardiamente.Mas com seu desenvolvimento, fundou o reino da raz\u00e3o. Mas importa n\u00e3o esquecer que se trata de um \u00fanico c\u00e9rebro que envolve estas tr\u00eas dimens\u00f5es sempre relacionadas (na vers\u00e3o do c\u00e9rebro triuno de MacLean: rept\u00edliano,l\u00edmbico,neo-cortex). A concentra\u00e7\u00e3o excessiva na racionalidade com a qual dominamos o mundo, a mulher (patriarcado) e a natureza \u00e0 custa do sentimento, causou os desacertos sociohist\u00f3ricos, cujas consequ\u00eancias nefastas estamos colhendo. \u00c9 urgente unir o c\u00e9rebro neo-cortical (raz\u00e3o\/<em>logos<\/em>) com o l\u00edmbico (cora\u00e7\u00e3o\/<em>phatos)<\/em>, o cora\u00e7\u00e3o enriquecendo os projetos racionais com humanidade e sensibilidade; inversamente investir raz\u00e3o,vale dizer, conferir \u00a0dire\u00e7\u00e3o e justa medida ao mundo dos sentimentos e do cora\u00e7\u00e3o. S\u00f3 assim encontraremos o equil\u00edbrio necess\u00e1rio.Porque afogamos o sentimento de m\u00fatua perten\u00e7a, de que todos, sem exce\u00e7\u00e3o, somos humanos<em>, <\/em>nos transformamos em cru\u00e9is genocidas (face \u00e0 nossa esp\u00e9cie) e ecocidas (face \u00e0 natureza).Temos escravizado,submetido e discriminado nossos irm\u00e3os e irm\u00e3s.<\/p>\n<p>Pelo fato de n\u00e3o termos resgatado a dimens\u00e3o do cora\u00e7\u00e3o, <em>do esp\u00edrito de finura<\/em> (Pascal), da <em>sensibilidade essencial<\/em> (<em>anima<\/em>) entrou em fal\u00eancia o humanismo ocidental, liberal-capitalista. A assim chamada \u201cordem baseada em regras\u201d(que sempre mudam conforme as conveni\u00eancias dos poderosos) se mostrou uma fal\u00e1cia.<\/p>\n<p>Como advertiu uma alta funcion\u00e1ria de organismos da ONU,Chelsea Ngnoc Minh Nguyen:\u201dA viol\u00eancia e a brutalidade dos \u00faltimos\u00a0 anos devem nos impulsionar a todos \u2013 seja no Sul ou no Norte, no Oriente ou no Ocidente \u2013 a realizar uma introspec\u00e7\u00e3o honesta e profunda sobre o tipo de mundo em que queremos viver\u201d(IHU 4\/10\/24).N\u00e3o vejo outra alternativa, al\u00e9m de devermos mudar de paradigma civilizacional (do <em>domus<\/em>\/senhor para o frater\/irm\u00e3o e irm\u00e3s) sen\u00e3o fundarmos um novo humanismo,enraizado em nossa pr\u00f3pria natureza. Nela encontramos as constantes antropol\u00f3gicas, intr\u00ednsecas \u00e0 nossa humanidade: o amor incondicional, o cuidado essencial, a coopera\u00e7\u00e3o, a empatia, a compaix\u00e3o, o reconhecimento do outro, como nosso semelhante, o respeito \u00e0 natureza e \u00e0 Terra que tudo nos d\u00e3o,o encantamento face ao belo e bom e a rever\u00eancia face ao Mist\u00e9rio.Tais valores seriam o fundamento de um outro mundo poss\u00edvel e necess\u00e1rio.Caso contr\u00e1rio, vamos ao encontro do inimagin\u00e1vel.<\/p>\n<p lang=\"pt-PT\"><span style=\"font-size: large;\">_________________________________________________<\/span><\/p>\n<p style=\"padding-left: 40px;\"><em><span style=\"font-size: large;\"><span lang=\"pt-PT\"><a href=\"https:\/\/www.transcend.org\/tms\/wp-content\/uploads\/2020\/11\/leonardo-boff.jpg\" ><img loading=\"lazy\" decoding=\"async\" class=\"alignleft size-thumbnail wp-image-172973\" src=\"https:\/\/www.transcend.org\/tms\/wp-content\/uploads\/2020\/11\/leonardo-boff-150x150.jpg\" alt=\"\" width=\"150\" height=\"150\" \/><\/a> Leonardo Boff \u00e9 um escritor, te\u00f3logo e fil\u00f3sofo brasileiro, professor em\u00e9rito de \u00e9tica e filosofia da religi\u00e3o da Universidade do Estado do Rio de Janeiro, recebedor do <\/span><\/span><\/em><strong><span style=\"font-size: large;\"><span lang=\"pt-PT\"><i>Pr\u00eamio Nobel Alternativo da Paz<\/i><\/span><\/span><\/strong><em><span style=\"font-size: large;\"><span lang=\"pt-PT\"> do Parlamento sueco [<\/span><\/span><\/em><strong><span style=\"font-size: large;\"><span lang=\"pt-PT\"><i>Right Livelihood Award<\/i><\/span><\/span><\/strong><em><span style=\"font-size: large;\"><span lang=\"pt-PT\">] em 2001, membro da Iniciativa Internacional da Carta da Terra, e professor visitante em v\u00e1rias universidades estrangeiras como Basel, Heidelberg, Harvard, Lisboa e Salamanca. Expoente da <\/span><\/span><\/em><span style=\"color: #0000ff;\"><a target=\"_blank\" href=\"http:\/\/pt.wikipedia.org\/wiki\/Teologia_da_Liberta%C3%A7%C3%A3o\" ><span style=\"font-size: large;\"><span lang=\"pt-PT\"><i>Teologia da Liberta\u00e7\u00e3o<\/i><\/span><\/span><\/a><\/span><em><span style=\"font-size: large;\"><span lang=\"pt-PT\"> no Brasil, foi membro da Ordem dos Frades Menores, mais conhecidos como Franciscanos. \u00c9 respeitado pela sua hist\u00f3ria de defesa pelas causas sociais e atualmente debate tamb\u00e9m quest\u00f5es ambientais. Colunista do <\/span><\/span><\/em><span style=\"font-size: large;\"><span lang=\"pt-PT\">Jornal do Brasil<\/span><\/span><em><span style=\"font-size: large;\"><span lang=\"pt-PT\">, escreveu os livros<\/span><\/span><\/em><span style=\"font-size: large;\"><span lang=\"pt-PT\"> Francisco de Assis: Ternura e Vigor, <\/span><\/span><em><span style=\"font-size: large;\"><span lang=\"pt-PT\">Vozes 2000; <\/span><\/span><\/em><span style=\"font-size: large;\"><span lang=\"pt-PT\">\u00a0A Terra na palma da m\u00e3o: uma nova vis\u00e3o do planeta e da humanidade<\/span><\/span><em><span style=\"font-size: large;\"><span lang=\"pt-PT\">,Vozes 2016; <\/span><\/span><\/em><span style=\"font-size: large;\"><span lang=\"pt-PT\">Cuidar da Terra \u2013 proteger a vida: como escapar do fim do mundo<\/span><\/span><em><span style=\"font-size: large;\"><span lang=\"pt-PT\">, Record 2010; <\/span><\/span><\/em> <em><span style=\"font-size: large;\"><span lang=\"pt-PT\">A <\/span><\/span><\/em><span style=\"font-size: large;\"><span lang=\"pt-PT\">hospitalidade: Direito e dever de todos, <\/span><\/span><span style=\"font-size: large;\"><span lang=\"pt-PT\"><i>Vozes 2005<\/i><\/span><\/span><span style=\"font-size: large;\"><span lang=\"pt-PT\">; Paix\u00e3o de Cristo, Paix\u00e3o do Mundo<\/span><\/span><span style=\"font-size: large;\"><span lang=\"pt-PT\"><i>, Vozes 2001<\/i><\/span><\/span><span style=\"font-size: large;\"><span lang=\"pt-PT\">; Brasil: Concluir a refunda\u00e7\u00e3o ou prolongar a depend\u00eancia, <\/span><\/span><span style=\"font-size: large;\"><span lang=\"pt-PT\"><i>Vozes 2018; <\/i><\/span><\/span><em><span style=\"font-size: large;\"><span lang=\"pt-PT\">\u201cDestino e Desatino da Globaliza\u00e7\u00e3o\u201d <\/span><\/span><\/em><em><span style=\"font-size: large;\"><span lang=\"pt-PT\">em<\/span><\/span><\/em><em><span style=\"font-size: large;\"><span lang=\"pt-PT\">: Do iceberg \u00e0 Arca de No\u00e9,<\/span><\/span><\/em><span style=\"font-size: large;\"><span lang=\"pt-PT\"><i> Mar de Ideias, Rio 2010 pp. 41-63.<\/i><\/span><\/span><\/p>\n<p><a target=\"_blank\" href=\"https:\/\/leonardoboff.org\/2024\/10\/06\/um-mundo-que-perdeu-o-coracao\/\" ><span style=\"font-size: large;\">Go to Original \u2013 leonardoboff.org<\/span><\/a><\/p>\n","protected":false},"excerpt":{"rendered":"<p>6 out 2024 &#8211; Acompanhando o curso do mundo, notamos um verdadeiro tsunami de \u00f3dio, mentiras, exclus\u00f5es,  verdadeiros genoc\u00eddios e exterm\u00ednios em massa como na Faixa de Gaza, que nos deixa perplexos. At\u00e9 onde pode chegar a maldade humana?<\/p>\n","protected":false},"author":4,"featured_media":172973,"comment_status":"open","ping_status":"closed","sticky":false,"template":"","format":"standard","meta":{"footnotes":""},"categories":[46],"tags":[1879,1778,272,101,100,307,99,1594,481],"class_list":["post-276558","post","type-post","status-publish","format-standard","has-post-thumbnail","hentry","category-original-languages","tag-compassion","tag-conflict-analysis","tag-cooperation","tag-cultural-violence","tag-direct-violence","tag-humanity","tag-structural-violence","tag-war-economy","tag-warfare"],"_links":{"self":[{"href":"https:\/\/www.transcend.org\/tms\/wp-json\/wp\/v2\/posts\/276558","targetHints":{"allow":["GET"]}}],"collection":[{"href":"https:\/\/www.transcend.org\/tms\/wp-json\/wp\/v2\/posts"}],"about":[{"href":"https:\/\/www.transcend.org\/tms\/wp-json\/wp\/v2\/types\/post"}],"author":[{"embeddable":true,"href":"https:\/\/www.transcend.org\/tms\/wp-json\/wp\/v2\/users\/4"}],"replies":[{"embeddable":true,"href":"https:\/\/www.transcend.org\/tms\/wp-json\/wp\/v2\/comments?post=276558"}],"version-history":[{"count":1,"href":"https:\/\/www.transcend.org\/tms\/wp-json\/wp\/v2\/posts\/276558\/revisions"}],"predecessor-version":[{"id":276559,"href":"https:\/\/www.transcend.org\/tms\/wp-json\/wp\/v2\/posts\/276558\/revisions\/276559"}],"wp:featuredmedia":[{"embeddable":true,"href":"https:\/\/www.transcend.org\/tms\/wp-json\/wp\/v2\/media\/172973"}],"wp:attachment":[{"href":"https:\/\/www.transcend.org\/tms\/wp-json\/wp\/v2\/media?parent=276558"}],"wp:term":[{"taxonomy":"category","embeddable":true,"href":"https:\/\/www.transcend.org\/tms\/wp-json\/wp\/v2\/categories?post=276558"},{"taxonomy":"post_tag","embeddable":true,"href":"https:\/\/www.transcend.org\/tms\/wp-json\/wp\/v2\/tags?post=276558"}],"curies":[{"name":"wp","href":"https:\/\/api.w.org\/{rel}","templated":true}]}}