{"id":277996,"date":"2024-10-21T12:00:08","date_gmt":"2024-10-21T11:00:08","guid":{"rendered":"https:\/\/www.transcend.org\/tms\/?p=277996"},"modified":"2024-10-21T08:30:06","modified_gmt":"2024-10-21T07:30:06","slug":"italiano-la-guerra-e-una-pazzia","status":"publish","type":"post","link":"https:\/\/www.transcend.org\/tms\/2024\/10\/italiano-la-guerra-e-una-pazzia\/","title":{"rendered":"(Italiano) \u201cLa Guerra \u00c8 Una Pazzia\u201d"},"content":{"rendered":"<p><a href=\"https:\/\/www.transcend.org\/tms\/wp-content\/uploads\/2024\/10\/PACEDONMIMMOBATTAGLIA-1024x683-1.jpg\" ><img loading=\"lazy\" decoding=\"async\" class=\"aligncenter size-medium wp-image-277999\" src=\"https:\/\/www.transcend.org\/tms\/wp-content\/uploads\/2024\/10\/PACEDONMIMMOBATTAGLIA-1024x683-1-300x200.jpg\" alt=\"\" width=\"300\" height=\"200\" srcset=\"https:\/\/www.transcend.org\/tms\/wp-content\/uploads\/2024\/10\/PACEDONMIMMOBATTAGLIA-1024x683-1-300x200.jpg 300w, https:\/\/www.transcend.org\/tms\/wp-content\/uploads\/2024\/10\/PACEDONMIMMOBATTAGLIA-1024x683-1-768x512.jpg 768w, https:\/\/www.transcend.org\/tms\/wp-content\/uploads\/2024\/10\/PACEDONMIMMOBATTAGLIA-1024x683-1.jpg 1024w\" sizes=\"auto, (max-width: 300px) 100vw, 300px\" \/><\/a><\/p>\n<blockquote><p>19 Ottobre 2024 &#8211;<em> Appello di Don Mimmo Battaglia ai Ministri della Difesa riuniti a Napoli in occasione della Presidenza Italiana del G7.<\/em><\/p><\/blockquote>\n<p align=\"justify\">\u201c\u00c9 in corso in questi giorni qui a Napoli, citt\u00e0 del Mediterraneo, citt\u00e0 di pace, crocevia di uomini e culture, il G7 dei ministri della Difesa. Viviamo tempi faticosissimi in cui la guerra, le guerre, sembrano prevalere sulla pace. Tempi in cui la terza guerra mondiale sembra sempre meno a pezzi ma pi\u00f9 compatta e tragicamente possibile.<\/p>\n<p align=\"justify\"><strong>Anche la speranza \u00e8 messa a dura prova<\/strong>.<\/p>\n<p align=\"justify\">Ma i grandi e i potenti della terra invece di mettersi in ascolto del grido di dolore delle innumerevoli vittime innocenti, sono sempre pi\u00f9 determinati nella logica delle armi e della guerra!!<\/p>\n<p align=\"justify\">Anche il nostro ministro della difesa Crosetto ha lamentato il fatto che l\u2019Italia non raggiunge il 2% del PIL per la spesa della Difesa.<\/p>\n<p align=\"justify\"><strong>Armi, armi. Sempre pi\u00f9 armi.<\/strong><\/p>\n<p align=\"justify\">Faccio mie le parole di papa Francesco, del 24 marzo 2022: \u201cIo mi sono vergognato quando ho letto che un gruppo di Stati si sono impegnati a spendere il 2% del Pil per l\u2019acquisto di armi come risposta a questo che sta accadendo, pazzi!\u201d.<\/p>\n<p align=\"justify\"><strong>S\u00ec, la guerra \u00e8 una pazzia, <i>\u2018alienum est a ratione\u2019<\/i><\/strong><strong>,<\/strong> ci ricordava papa Giovanni XXIII nella Pacem in Terris.<\/p>\n<p align=\"justify\">La follia delle spese militari \u00e8 stata sempre denunciata dal Magistero della Chiesa. Basti ricordare la Populorum Progressio:<\/p>\n<p align=\"justify\">\u201cQuando tanti popoli hanno fame, quando tante famiglie soffrono la miseria, quando tanti uomini vivono immersi nella ignoranza, quando restano da costruire tante scuole, tanti ospedali, tante abitazioni degne di questo nome, ogni sperpero pubblico o privato, ogni spesa fatta per ostentazione nazionale o personale, ogni estenuante corsa agli armamenti diviene uno scandalo intollerabile. Noi abbiamo il dovere di denunciarlo. Vogliano i responsabili ascoltarci prima che sia troppo tardi.\u201d (<i>P.P.<\/i> n.53, 1967)<\/p>\n<p align=\"justify\">E oggi la situazione \u00e8 estremamente pi\u00f9 tragica.<\/p>\n<p align=\"justify\">Non si tratta solo di un appello di credenti: l\u2019invito a tagliare le spese militari lo abbiamo sentito anche da autorevoli scienziati e premi Nobel.<\/p>\n<p align=\"justify\">Non possiamo lasciarci travolgere dalla rassegnazione o dall\u2019abitudine alla guerra. No! Sarebbe un tradimento dell\u2019umanit\u00e0 e dello stesso Vangelo, che proprio in questa domenica 20 ottobre ci dice: \u201cVoi sapete che coloro i quali sono considerati i governanti delle nazioni dominano su di esse e i loro capi le opprimono. Tra voi per\u00f2 non \u00e8 cos\u00ec; ma chi vuole diventare grande tra voi sar\u00e0 vostro servitore, e chi vuole essere il primo tra voi sar\u00e0 schiavo di tutti.\u201d<\/p>\n<p align=\"justify\">Questa \u00e8 la prospettiva, l\u2019impegno e la luce che dobbiamo seguire. E che auguro anche ai ministri della difesa del G7.<\/p>\n<p align=\"justify\"><strong>Signori Ministri, vi auguro di essere sempre pi\u00f9 a servizio dei popoli e di chi, tra la vostra gente, rischia di essere ancor pi\u00f9 messo ai margini da un\u2019economia di guerra, che produce morte, e semina vittime non solo nei territori dei conflitti!<\/strong><\/p>\n<p align=\"justify\"><strong>Vi auguro di essere servi della ragione e di evitare con tutti gli sforzi possibili la pazzia delle spese militari e della guerra.<\/strong><\/p>\n<p align=\"justify\">Don Tonino Bello, nella Sarajevo assediata, dicembre 1992, affermava: \u201cgli eserciti di domani sono questi, uomini disarmati\u201d.<\/p>\n<p align=\"justify\">Sulla scia di questo grande profeta figlio del nostro Sud, nel solco dei tanti appelli di Papa Francesco, anche io oggi, vi supplico in nome del popolo della pace, pi\u00f9 numeroso di quello che sembra, e vi dico con umilt\u00e0: Ministri della Difesa, l\u2019unico modo di difendere i vostri popoli e di servire la giustizia \u00e8 difendere la pace, ad ogni costo, senza se e senza ma! Che lo Spirito di Pace possa illuminarvi e convertirci tutti!\u201d<\/p>\n<p align=\"justify\">__________________________________________________<\/p>\n<p style=\"padding-left: 40px;\" align=\"justify\"><em>\u2020 Don Mimmo Battaglia \u00e8 <\/em><em>Arcivescovo Metropolita di Napoli.<\/em><\/p>\n<p align=\"justify\"><a target=\"_blank\" href=\"https:\/\/www.chiesadinapoli.it\/la-guerra-e-una-follia\/\" >Go to Original &#8211; chiesadinapoli.it<\/a><\/p>\n<p align=\"justify\"><em>Submitted by TRANSCEND Member Prof. Antonino Drago.<\/em><\/p>\n","protected":false},"excerpt":{"rendered":"<p>19 Ottobre 2024 &#8211; Appello di Don Mimmo Battaglia ai Ministri della Difesa riuniti a Napoli in occasione della Presidenza Italiana del G7.<\/p>\n","protected":false},"author":4,"featured_media":277999,"comment_status":"open","ping_status":"closed","sticky":false,"template":"","format":"standard","meta":{"footnotes":""},"categories":[46],"tags":[1817,97,1397,119,481],"class_list":["post-277996","post","type-post","status-publish","format-standard","has-post-thumbnail","hentry","category-original-languages","tag-anti-militarism","tag-catholic-church","tag-g7","tag-peace","tag-warfare"],"_links":{"self":[{"href":"https:\/\/www.transcend.org\/tms\/wp-json\/wp\/v2\/posts\/277996","targetHints":{"allow":["GET"]}}],"collection":[{"href":"https:\/\/www.transcend.org\/tms\/wp-json\/wp\/v2\/posts"}],"about":[{"href":"https:\/\/www.transcend.org\/tms\/wp-json\/wp\/v2\/types\/post"}],"author":[{"embeddable":true,"href":"https:\/\/www.transcend.org\/tms\/wp-json\/wp\/v2\/users\/4"}],"replies":[{"embeddable":true,"href":"https:\/\/www.transcend.org\/tms\/wp-json\/wp\/v2\/comments?post=277996"}],"version-history":[{"count":3,"href":"https:\/\/www.transcend.org\/tms\/wp-json\/wp\/v2\/posts\/277996\/revisions"}],"predecessor-version":[{"id":278002,"href":"https:\/\/www.transcend.org\/tms\/wp-json\/wp\/v2\/posts\/277996\/revisions\/278002"}],"wp:featuredmedia":[{"embeddable":true,"href":"https:\/\/www.transcend.org\/tms\/wp-json\/wp\/v2\/media\/277999"}],"wp:attachment":[{"href":"https:\/\/www.transcend.org\/tms\/wp-json\/wp\/v2\/media?parent=277996"}],"wp:term":[{"taxonomy":"category","embeddable":true,"href":"https:\/\/www.transcend.org\/tms\/wp-json\/wp\/v2\/categories?post=277996"},{"taxonomy":"post_tag","embeddable":true,"href":"https:\/\/www.transcend.org\/tms\/wp-json\/wp\/v2\/tags?post=277996"}],"curies":[{"name":"wp","href":"https:\/\/api.w.org\/{rel}","templated":true}]}}