{"id":282603,"date":"2024-12-16T12:00:14","date_gmt":"2024-12-16T12:00:14","guid":{"rendered":"https:\/\/www.transcend.org\/tms\/?p=282603"},"modified":"2024-12-14T07:02:23","modified_gmt":"2024-12-14T07:02:23","slug":"italiano-a-proposito-di-informazione-un-caso-studio-le-olimpiadi-2026","status":"publish","type":"post","link":"https:\/\/www.transcend.org\/tms\/2024\/12\/italiano-a-proposito-di-informazione-un-caso-studio-le-olimpiadi-2026\/","title":{"rendered":"(Italiano) A proposito di informazione. Un caso-studio: le Olimpiadi 2026"},"content":{"rendered":"<div id=\"attachment_282604\" style=\"width: 510px\" class=\"wp-caption aligncenter\"><a href=\"https:\/\/www.transcend.org\/tms\/wp-content\/uploads\/2024\/12\/Milano_Duomo_Milan_Cathedral-italy.jpeg\" ><img loading=\"lazy\" decoding=\"async\" aria-describedby=\"caption-attachment-282604\" class=\"wp-image-282604\" src=\"https:\/\/www.transcend.org\/tms\/wp-content\/uploads\/2024\/12\/Milano_Duomo_Milan_Cathedral-italy-1024x599.jpeg\" alt=\"\" width=\"500\" height=\"293\" srcset=\"https:\/\/www.transcend.org\/tms\/wp-content\/uploads\/2024\/12\/Milano_Duomo_Milan_Cathedral-italy-1024x599.jpeg 1024w, https:\/\/www.transcend.org\/tms\/wp-content\/uploads\/2024\/12\/Milano_Duomo_Milan_Cathedral-italy-300x176.jpeg 300w, https:\/\/www.transcend.org\/tms\/wp-content\/uploads\/2024\/12\/Milano_Duomo_Milan_Cathedral-italy-768x450.jpeg 768w, https:\/\/www.transcend.org\/tms\/wp-content\/uploads\/2024\/12\/Milano_Duomo_Milan_Cathedral-italy.jpeg 1030w\" sizes=\"auto, (max-width: 500px) 100vw, 500px\" \/><\/a><p id=\"caption-attachment-282604\" class=\"wp-caption-text\">Milano Duomo, Cathedral Di \u00a9 Steffen Schmitz (Carschten) \/ Wikimedia Commons \/ CC BY-SA 4.0, CC BY-SA 4.0, Collegamento<\/p><\/div>\n<p><em><span class=\"post-meta-infos\"><time class=\"date-container minor-meta updated\" datetime=\"2024-12-09T17:40:20+01:00\">9 Dicembre 2024<\/time><\/span> <\/em>&#8211; Quanto vengo a scrivere \u00e8 tratto dall\u2019intervento di <a href=\"https:\/\/altreconomia.it\/author\/duccio-facchini\/\"  target=\"_blank\" rel=\"noopener\">Duccio Facchini<\/a>, direttore della rivista mensile \u00abAltreconomia\u00bb, durante il Seminario nazionale organizzato dal Controsservatorio Valsusa, intitolato <em>Ambiente e grandi opere tra politica, movimenti e informazione (<\/em>il 30 novembre 2024 presso il Centro interculturale delle donne Alma Mater di Torino).<\/p>\n<p>Per chi volesse, tutti gli interventi sono ascoltabili al seguente indirizzo <a target=\"_blank\" href=\"https:\/\/youtu.be\/TOKLTUEVFFs\" >https:\/\/youtu.be\/TOKLTUEVFFs<\/a> (in particolare gli appunti che riporto di seguito sono stralci dell\u2019intervento che si trova a 5h 14\u2019)<\/p>\n<p><iframe loading=\"lazy\" title=\"AMBIENTE E GRANDI OPERE TRA POLITICA, MOVIMENTI E INFORMAZIONE, 30\/11\/2024\" width=\"500\" height=\"281\" src=\"https:\/\/www.youtube.com\/embed\/TOKLTUEVFFs?feature=oembed\" frameborder=\"0\" allow=\"accelerometer; autoplay; clipboard-write; encrypted-media; gyroscope; picture-in-picture; web-share\" referrerpolicy=\"strict-origin-when-cross-origin\" allowfullscreen><\/iframe><\/p>\n<h3><em>Premessa<\/em><\/h3>\n<p>Ci sono analogie con le Olimpiadi invernali di Torino 2006 e Expo 2015 a Milano.<\/p>\n<p>La tragedia che osserviamo rispetto alle Olimpiadi 2026, in un contesto come Milano dove ci sono dei movimenti che si danno da fare (comitato insostenibili Olimpiadi, \u2026) \u00e8 che di fronte a questo \u00abtreno in corsa\u00bb, le Olimpiadi che stanno arrivando, quasi <strong>non si muove foglia<\/strong>. La <strong>principale responsabilit\u00e0 \u00e8 della informazione<\/strong>, nazionale ma anche locale e questo ci deve interrogare. Di fronte alle Olimpiadi 2026 in arrivo si pu\u00f2 solo dire che <strong>sono un disastro<\/strong>, <strong>un colabrodo<\/strong>, sotto qualsiasi punto di vista, ma che passano come una manifestazione <strong>brillante<\/strong>,<strong> sostenibile<\/strong>,<strong> economicamente leggera<\/strong>.<\/p>\n<h3><em>Inquadramento<\/em><\/h3>\n<p>La logica \u00e8 la stessa: <strong>grandi rassicurazioni pubbliche<\/strong>, <strong>grandi promesse. <\/strong>Cortina e Milano presentano il <em>dossier<\/em> di candidatura nel gennaio 2019. L\u2019assegnazione della candidatura avviene nel giugno 2019; sono passati pi\u00f9 di 5 anni e siamo dal <strong>punto di vista delle opere<\/strong> sia <strong>sportive<\/strong> (es. pista di bob di Cortina) sia <strong>infrastrutturali<\/strong> totalmente indietro rispetto alla tabella di marcia.<\/p>\n<p>Le promesse furono due:<\/p>\n<ul>\n<li>saranno le <strong>Olimpiadi pi\u00f9 sostenibili di sempre<\/strong> (parole del presidente Coni dal <em>dossier<\/em> di candidatura);<\/li>\n<li><strong>non costeranno nulla al pubblico<\/strong>. State tranquilli perch\u00e9 ci sono in ballo i capitali privati.<\/li>\n<\/ul>\n<h3><em>Com\u2019\u00e8 andata finora?<\/em><\/h3>\n<p>Per quanto riguarda le opere (punto 1): sotto il profilo ambientale il piano nazionale degli interventi, piano delle opere, <strong>non \u00e8 stato sottoposto alla valutazione ambientale strategica<\/strong> nazionale, l\u2019impatto ambientale non \u00e8 neanche pervenuto. Dove fanno le valutazioni ambientali puntuali territoriali procedono con conferenze dei servizi cosi dette \u00abasincrone\u00bb, in quanto sono spedite, perch\u00e9 la gran parte delle <strong>opere \u00e8 stata commissariata.<\/strong> Si \u00abcazzeggia\u00bb, il tempo passa, fintanto che a un certo punto debbo dire che non c\u2019\u00e8 il tempo per le conferenze dei servizi e quindi viene messo un commissario straordinario.<\/p>\n<p>Per quanto riguarda \u00abnon costeranno nulla al pubblico\u00bb (punto 2): abbiamo questa situazione. La Fondazione Milano Cortina<strong> di diritto privato<\/strong>, che si occupa dello <strong>sport<\/strong> ha in mano <strong>1,6 miliardi <\/strong>di euro e il Governo a fatto un Decreto per una interpretazione autentica in cui si dice che, pur avendo soci pubblici, in Bilancio scrive che se va in deficit, <strong>copriranno gli enti locali e lo Stato<\/strong>. Ma la Fondazione in quanto privata non risponde alla trasparenza.<\/p>\n<p>La societ\u00e0 per azioni<strong> (<\/strong>societ\u00e0 infrastrutture Milano Cortina 2026<strong>, <\/strong>SIMICO) ha in mano le <strong>opere<\/strong> per <strong>3,6 miliardi <\/strong>di euro.\u00a0 Ma il <strong>privato<\/strong>, rispetto alla SIMICO,<strong> mette meno del 4%<\/strong> tutto il <strong>resto \u00e8 pubblico<\/strong>. \u00c8 tutto scritto nel Piano nazionale degli interventi aggiornato dal Governo del 9\/2023. Cos\u00ec come \u00e8 scritto che su 3,6 miliardi di opere pi\u00f9 di 2,5 miliardi sono di <strong>opere che non saranno pronte per le Olimpiadi<\/strong> 2026, ma che <strong>verranno consegnate dopo la manifestazione<\/strong> olimpica e paraolimpica. Sulle opere per le Olimpiadi (fin\u00a0\u00a0 dai tempi del governo Draghi, 5\/2021) in quanto straordinarie deve apporsi la <strong>straordinariet\u00e0 di procedure speditive <\/strong>previste ai sensi del Piano Nazionale di Ripresa e Resilienza (PNRR). Risultato: per <strong>95% del valore delle opere queste non saranno pronte<\/strong> per le Olimpiadi.<\/p>\n<h3><em>La vera partita olimpica si gioca a Milano<\/em><\/h3>\n<p>Non per le gare ma per quello che le Olimpiadi sbloccano: l\u2019<strong>arena olimpica <\/strong>situata nel quartiere di Santa Giulia. Un\u2019<strong>arena privata<\/strong> che fa capo al gruppo tedesco Eventin (<strong>colosso degli eventi dal vivo e dei concerti<\/strong>) che nell\u2019<strong>operazione immobiliare sbloccata dalle Olimpiadi <\/strong>si prende l\u2019arena da 180 milioni di euro. \u00abTranquilli \u00e8 una arena privata\u00bb, viene detto, \u00abla fa un privato, il pubblico non ci mette niente e Milano avr\u00e0 un palazzetto di 16.000 posti\u00bb.<\/p>\n<h3><em>Come sta andando a finire?<\/em><\/h3>\n<p>Dal Comune di Milano Eventin riceve un bollino in cui si riconosce che l\u2019<strong>opera privata \u00e8 di interesse pubblico<\/strong> in quanto opera olimpica prevista nel <em>dossier<\/em> di candidatura, con gare di hockey maschile previste e la cerimonia di apertura delle paraolimpiadi. Non \u00e8 una questione di bandiera, serve per <strong>non contare nella superficie lorda dello sviluppo quel tipo di opera<\/strong>: quindi <strong>no oneri urbanizzazione<\/strong>, <strong>non <em>standard<\/em><\/strong>: tutti <strong>incentivi pubblici<\/strong>.<\/p>\n<p><em>Grazie all\u2019accesso civico generalizzato<\/em><\/p>\n<p>Utilizzando la procedura per <strong>l\u2019accesso civico generalizzato<\/strong>, strumento nelle mani di tutti, non solo dei giornalisti, abbiamo recuperato il parere:<\/p>\n<ul>\n<li>della commissione impianti del Coni e della Federazione Italiana Sport su Ghiaccio che dicono<strong> l\u2019hockey li non va<\/strong> (eravamo a marzo 2023) il <strong>progettista ha progettato l\u2019arena per fare i concerti<\/strong> (vero <em>business<\/em> di Milano).<\/li>\n<li>del Coni che d\u00e0 un parere favorevole ma vincolato col fatto che l\u2019opera <strong>per fare l\u2019hockey deve avere le deroghe dalla Prefettura<\/strong>.<\/li>\n<li>della Federazione Italiana Sport su Ghiaccio che ha dato invece parere negativo: <strong>li non si pu\u00f2 fare<\/strong><\/li>\n<\/ul>\n<h3><em>Come sta andando a finire?<\/em><\/h3>\n<p>Non costa pi\u00f9 180 milioni di euro, <strong>ora ne costa 320<\/strong>. E cosa dice l\u2019operatore privato? L\u2019Eventin dice \u00abci sono <strong>150 milioni di extra costi, la met\u00e0 li deve mettere il pubblico<\/strong>\u00bb. Dove sta il <strong>rischio di impresa<\/strong>? Dove sta il \u00abdevi <strong>stare nel mercato<\/strong>\u00bb?<\/p>\n<p>Il comune di Milano va in giro a dire che <strong>il pubblico deve mettere gli extra costi<\/strong> perch\u00e9 l\u2019opera deve essere pronta per le Olimpiadi.<\/p>\n<h3><em>La partita \u00e8 economica<\/em><\/h3>\n<p>Chi sono i soggetti che sviluppano questi tipi di interventi? In Expo 2015 chi ha agito e approfittato dell\u2019operazione sono:<\/p>\n<ul>\n<li>per le <strong>banche<\/strong>, in particolare Intesa San Paolo, Unicredit,<\/li>\n<li>per l\u2019<strong>operatore immobiliare<\/strong>, Landlease, gli australiani,<\/li>\n<li>per lo <strong>sviluppo commerciale<\/strong>, Slunga,<\/li>\n<\/ul>\n<p>Tutti importanti <strong>inserzionisti pubblicitari<\/strong>.<\/p>\n<p>Stesso spartito, stessa recita, a Milano Santa Giulia per le Olimpiadi 2026 ci sono gli stessi attori e questo crea <strong>un problema per l\u2019informazione<\/strong>.<\/p>\n<p><span style=\"font-size: medium;\"><span style=\"font-size: large;\"><span lang=\"it-IT\">_____________________________________________<\/span><\/span><\/span><\/p>\n<p style=\"padding-left: 40px;\"><span style=\"font-size: medium;\"><em><span style=\"font-size: large;\"><span lang=\"it-IT\"><a href=\"https:\/\/www.transcend.org\/tms\/wp-content\/uploads\/2021\/07\/giorgio-barazza-e1625299134137.jpeg\" ><img loading=\"lazy\" decoding=\"async\" class=\"alignleft size-full wp-image-188157\" src=\"https:\/\/www.transcend.org\/tms\/wp-content\/uploads\/2021\/07\/giorgio-barazza-e1625299134137.jpeg\" alt=\"\" width=\"150\" height=\"100\" \/><\/a><\/span><\/span><\/em><\/span><\/p>\n<p>&nbsp;<\/p>\n<p style=\"padding-left: 40px;\"><span style=\"font-size: medium;\"><em><span style=\"font-size: large;\"><span lang=\"it-IT\"> Giorgio Barazza \u00e8 membro della <\/span><\/span><\/em><span style=\"color: #0000ff;\"><a href=\"https:\/\/www.transcend.org\/\" ><span style=\"font-size: large;\"><span lang=\"it-IT\">Rete TRANSCEND per la Pace, Sviluppo e Ambiente<\/span><\/span><\/a><\/span><em><span style=\"font-size: large;\"><span lang=\"it-IT\">.<\/span><\/span><\/em><\/span><\/p>\n<p>&nbsp;<\/p>\n<p><a target=\"_blank\" href=\"https:\/\/serenoregis.org\/2024\/12\/09\/a-proposito-di-informazione-un-caso-studio-le-olimpiadi-2026\/\" ><span style=\"font-size: medium;\"><span style=\"font-size: large;\">Go to Original &#8211; serenoregis.org<\/span><\/span><\/a><\/p>\n","protected":false},"excerpt":{"rendered":"<p>La tragedia che osserviamo rispetto alle Olimpiadi 2026, in un contesto come Milano dove ci sono dei movimenti che si danno da fare (comitato insostenibili Olimpiadi, \u2026) \u00e8 che di fronte a questo \u00abtreno in corsa\u00bb, le Olimpiadi che stanno arrivando, quasi non si muove foglia.<\/p>\n","protected":false},"author":4,"featured_media":282604,"comment_status":"open","ping_status":"closed","sticky":false,"template":"","format":"standard","meta":{"footnotes":""},"categories":[46],"tags":[1076,2010,3409,3410,1146],"class_list":["post-282603","post","type-post","status-publish","format-standard","has-post-thumbnail","hentry","category-original-languages","tag-italia","tag-italy","tag-milano","tag-olympics-2026","tag-sports"],"_links":{"self":[{"href":"https:\/\/www.transcend.org\/tms\/wp-json\/wp\/v2\/posts\/282603","targetHints":{"allow":["GET"]}}],"collection":[{"href":"https:\/\/www.transcend.org\/tms\/wp-json\/wp\/v2\/posts"}],"about":[{"href":"https:\/\/www.transcend.org\/tms\/wp-json\/wp\/v2\/types\/post"}],"author":[{"embeddable":true,"href":"https:\/\/www.transcend.org\/tms\/wp-json\/wp\/v2\/users\/4"}],"replies":[{"embeddable":true,"href":"https:\/\/www.transcend.org\/tms\/wp-json\/wp\/v2\/comments?post=282603"}],"version-history":[{"count":1,"href":"https:\/\/www.transcend.org\/tms\/wp-json\/wp\/v2\/posts\/282603\/revisions"}],"predecessor-version":[{"id":282605,"href":"https:\/\/www.transcend.org\/tms\/wp-json\/wp\/v2\/posts\/282603\/revisions\/282605"}],"wp:featuredmedia":[{"embeddable":true,"href":"https:\/\/www.transcend.org\/tms\/wp-json\/wp\/v2\/media\/282604"}],"wp:attachment":[{"href":"https:\/\/www.transcend.org\/tms\/wp-json\/wp\/v2\/media?parent=282603"}],"wp:term":[{"taxonomy":"category","embeddable":true,"href":"https:\/\/www.transcend.org\/tms\/wp-json\/wp\/v2\/categories?post=282603"},{"taxonomy":"post_tag","embeddable":true,"href":"https:\/\/www.transcend.org\/tms\/wp-json\/wp\/v2\/tags?post=282603"}],"curies":[{"name":"wp","href":"https:\/\/api.w.org\/{rel}","templated":true}]}}