{"id":294548,"date":"2025-05-05T12:00:50","date_gmt":"2025-05-05T11:00:50","guid":{"rendered":"https:\/\/www.transcend.org\/tms\/?p=294548"},"modified":"2025-05-03T17:39:32","modified_gmt":"2025-05-03T16:39:32","slug":"italiano-ma-questi-chi-li-ha-invitati-papa-francesco-nel-nuovo-murale-di-laika","status":"publish","type":"post","link":"https:\/\/www.transcend.org\/tms\/2025\/05\/italiano-ma-questi-chi-li-ha-invitati-papa-francesco-nel-nuovo-murale-di-laika\/","title":{"rendered":"(Italiano) \u201cMa questi chi li ha invitati?\u201d Papa Francesco nel nuovo murale di Laika"},"content":{"rendered":"<p style=\"text-align: center;\"><strong><em>L\u2019opera apparsa in via Nicol\u00f2 Piccolomini, a pochi passi dalla Citt\u00e0 del Vaticano.<\/em><\/strong><\/p>\n<p><a href=\"https:\/\/www.transcend.org\/tms\/wp-content\/uploads\/2025\/05\/POPE-francis-italy.webp\" ><img loading=\"lazy\" decoding=\"async\" class=\"aligncenter wp-image-294551\" src=\"https:\/\/www.transcend.org\/tms\/wp-content\/uploads\/2025\/05\/POPE-francis-italy.webp\" alt=\"\" width=\"400\" height=\"225\" srcset=\"https:\/\/www.transcend.org\/tms\/wp-content\/uploads\/2025\/05\/POPE-francis-italy.webp 800w, https:\/\/www.transcend.org\/tms\/wp-content\/uploads\/2025\/05\/POPE-francis-italy-300x169.webp 300w, https:\/\/www.transcend.org\/tms\/wp-content\/uploads\/2025\/05\/POPE-francis-italy-768x432.webp 768w\" sizes=\"auto, (max-width: 400px) 100vw, 400px\" \/><\/a><\/p>\n<p><em><time class=\"story__date\" datetime=\"2025-04-24T08:51:14Z\">24 Aprile 2025<\/time>\u00a0<\/em>&#8211;\u00a0Si intitola Gli invitati ed \u00e8 il nuovo murale di Laika, apparso nella notte tra il 23 e il 24 aprile, in via Nicol\u00f2 Piccolomini, a pochi passi dalla Citt\u00e0 del Vaticano, dedicato a Papa Francesco. L\u2019artista raffigura il Pontefice intento a osservare, dal cielo, la lista degli invitati al proprio funerale. Con espressione perplessa e visibilmente infastidita, nota la presenza di figure a lui non gradite.<\/p>\n<p>Tra i nomi rappresentati compaiono il presidente Usa Donald Trump, quello argentino Javier Milei, la presidente della Commissione europea Ursula von der Leyen, il vicepremier Matteo Salvini e il ministro dell\u2019Interno Matteo Piantedosi.<\/p>\n<p>________________________________________<\/p>\n<p><em>Submitted by TRANSCEND member Antonino Drago<\/em><\/p>\n","protected":false},"excerpt":{"rendered":"<p>L\u2019opera apparsa in via Nicol\u00f2 Piccolomini, a pochi passi dalla Citt\u00e0 del Vaticano.<\/p>\n","protected":false},"author":4,"featured_media":294551,"comment_status":"open","ping_status":"closed","sticky":false,"template":"","format":"standard","meta":{"footnotes":""},"categories":[46],"tags":[1670],"class_list":["post-294548","post","type-post","status-publish","format-standard","has-post-thumbnail","hentry","category-original-languages","tag-pope-francis"],"_links":{"self":[{"href":"https:\/\/www.transcend.org\/tms\/wp-json\/wp\/v2\/posts\/294548","targetHints":{"allow":["GET"]}}],"collection":[{"href":"https:\/\/www.transcend.org\/tms\/wp-json\/wp\/v2\/posts"}],"about":[{"href":"https:\/\/www.transcend.org\/tms\/wp-json\/wp\/v2\/types\/post"}],"author":[{"embeddable":true,"href":"https:\/\/www.transcend.org\/tms\/wp-json\/wp\/v2\/users\/4"}],"replies":[{"embeddable":true,"href":"https:\/\/www.transcend.org\/tms\/wp-json\/wp\/v2\/comments?post=294548"}],"version-history":[{"count":1,"href":"https:\/\/www.transcend.org\/tms\/wp-json\/wp\/v2\/posts\/294548\/revisions"}],"predecessor-version":[{"id":294552,"href":"https:\/\/www.transcend.org\/tms\/wp-json\/wp\/v2\/posts\/294548\/revisions\/294552"}],"wp:featuredmedia":[{"embeddable":true,"href":"https:\/\/www.transcend.org\/tms\/wp-json\/wp\/v2\/media\/294551"}],"wp:attachment":[{"href":"https:\/\/www.transcend.org\/tms\/wp-json\/wp\/v2\/media?parent=294548"}],"wp:term":[{"taxonomy":"category","embeddable":true,"href":"https:\/\/www.transcend.org\/tms\/wp-json\/wp\/v2\/categories?post=294548"},{"taxonomy":"post_tag","embeddable":true,"href":"https:\/\/www.transcend.org\/tms\/wp-json\/wp\/v2\/tags?post=294548"}],"curies":[{"name":"wp","href":"https:\/\/api.w.org\/{rel}","templated":true}]}}