{"id":309107,"date":"2025-12-08T12:01:00","date_gmt":"2025-12-08T12:01:00","guid":{"rendered":"https:\/\/www.transcend.org\/tms\/?p=309107"},"modified":"2025-12-04T05:04:13","modified_gmt":"2025-12-04T05:04:13","slug":"italiano-detenuti-dal-canada-unesperienza-sconcertante","status":"publish","type":"post","link":"https:\/\/www.transcend.org\/tms\/2025\/12\/italiano-detenuti-dal-canada-unesperienza-sconcertante\/","title":{"rendered":"(Italiano) Detenuti dal Canada: un\u2019esperienza sconcertante"},"content":{"rendered":"<div id=\"attachment_309108\" style=\"width: 510px\" class=\"wp-caption aligncenter\"><a href=\"https:\/\/www.transcend.org\/tms\/wp-content\/uploads\/2025\/12\/gaza-genocide-Palestine-Protests-Ottawa-israel.jpeg\" ><img loading=\"lazy\" decoding=\"async\" aria-describedby=\"caption-attachment-309108\" class=\"wp-image-309108\" src=\"https:\/\/www.transcend.org\/tms\/wp-content\/uploads\/2025\/12\/gaza-genocide-Palestine-Protests-Ottawa-israel-1024x683.jpeg\" alt=\"\" width=\"500\" height=\"333\" srcset=\"https:\/\/www.transcend.org\/tms\/wp-content\/uploads\/2025\/12\/gaza-genocide-Palestine-Protests-Ottawa-israel-1024x683.jpeg 1024w, https:\/\/www.transcend.org\/tms\/wp-content\/uploads\/2025\/12\/gaza-genocide-Palestine-Protests-Ottawa-israel-300x200.jpeg 300w, https:\/\/www.transcend.org\/tms\/wp-content\/uploads\/2025\/12\/gaza-genocide-Palestine-Protests-Ottawa-israel-768x512.jpeg 768w, https:\/\/www.transcend.org\/tms\/wp-content\/uploads\/2025\/12\/gaza-genocide-Palestine-Protests-Ottawa-israel.jpeg 1030w\" sizes=\"auto, (max-width: 500px) 100vw, 500px\" \/><\/a><p id=\"caption-attachment-309108\" class=\"wp-caption-text\">Palestine Protests Ottawa &#8211; Foto Taymaz Valley | (CC BY 2.0)<\/p><\/div>\n<blockquote><p><em>Detenuti dal Canada: l\u2019accusa di minacciare la sicurezza nazionale del Canada pareva cos\u00ec sproporzionatamente enorme a confronto con le nostre effettive capacit\u00e0 lungamente dimostrate.<\/em><\/p><\/blockquote>\n<p><em><span class=\"post-meta-infos\">2 Dicembre 2025<\/span>\u00a0<\/em>&#8211;\u00a0Appena poche\u00a0settimane fa, il 23-26 ottobre a Istanbul, abbiamo completato la sessione\u00a0finale\u00a0del Tribunale del Popolo di Gaza, avvenimento molto riuscito grazie all\u2019alta qualit\u00e0 delle testimonianze di esperti e testimoni, nonch\u00e9 alla riposta entusiastica del pubblico presente al Tribunale. Dopo quest\u2019ottima esperienza ad Istanbul e un ritorno agli USA privo di alcunch\u00e9 degno di nota, non avremmo mai pensato che il governo canadese avrebbe posto in forse il nostro ingresso per presenziare a un altro Tribunale del Popolo pi\u00f9 limitato due settimane dopo a Ottawa.<\/p>\n<p>In risposta alla domanda sul perch\u00e9 fossimo in Canada, informammo l\u2019interrogante dell\u2019Agenzia di Sicurezza Confinaria Canadese (CBSA) di essere formalmente invitati a partecipare al Tribunale\u00a0Palestinese\u00a0sulla <em>Responsabilit\u00e0<\/em>\u00a0<em>Canad<\/em><em>ese<\/em> a Ottawa nel corso dei due giorni successivi, 14-15 novembre. Possibilit\u00e0 che per\u00f2 era evidentemente gravosa in mente alle autorit\u00e0 canadesi per l\u2019immigrazione che all\u2019inizio del primo periodo d\u2019interrogatorio c\u2019informarono dello scopo di questo stato di fermo:<\/p>\n<blockquote><p><em>\u201c<\/em><em>Abbiamo la <\/em><em>respons<\/em><em>a<\/em><em>bilit<\/em><em>\u00e0 di <\/em><em>determin<\/em><em>are se costituiate una minaccia <\/em><em>alla sicurezza nazionale c<\/em><em>anad<\/em><em>ese<\/em><em>\u201d<\/em><\/p><\/blockquote>\n<p>Ma ci\u00f2 non spiega \u2018perch\u00e9 il Canada considererebbe due professori con opinioni s\u00ec un po\u2019 controverse\u00a0sul conflitto Israele\/Palestina\u00a0come minacce alla sicurezza nazionale?\u2019 Sarebbe ragionevole che il Canada considerasse noi due come individui marginalizzati che albergano desideri non pi\u00f9 pericolosi del far sentire la propria voce affinch\u00e9 chi a Ottawa plasma la politica governativa ne tenga conto. \u00c8 nostra profonda convinzione che il mondo diventi meno pericoloso e ingiusto\u00a0quando si attui il diritto internazionale. Israele si comporta illegalmente a Gaza da decenni e nel modo pi\u00f9 drammatico durante questi due anni abbondanti di genocidio.<\/p>\n<p>A tutta prima eravamo entrambi divertiti e sorpresi da una tale impostazione da parte del governo canadese. Divertiti poich\u00e9 l\u2019accusa di minacciare la sicurezza nazionale del Canada pareva cos\u00ec sproporzionatamente enorme a confronto con le nostre effettive capacit\u00e0 lungamente dimostrate o per quel che vale le nostre intenzioni. Non c\u2019\u00e8 un\u2019agenda nascosta. Siamo fieri di essere studiosi indipendenti che s\u2019affidano a null\u2019altro che la lingua a nostra disposizione per esigere giustizia per il vulnerabile popolo palestinese, a lungo reso vittima da una struttura d\u2019apartheid profondamente radicata e dall\u2019aggressione genocida a Gaza in una pretesa rappresaglia per l\u2019attacco del 7 ottobre.<\/p>\n<p>Venivamo a Ottawa per sostenere i nostri fratelli e sorelle canadesi nella loro decisione di programmare un Tribunale Palestinese sulla Responsabilit\u00e0 Canadese che illustrerebbe e rigetterebbe la complicit\u00e0 canadese con Israele mediante esportazioni di armi e sostegno diplomatico; e infine per rammentare al Canada il proprio obbligo di comportarsi all\u2019altezza delle aspettative derivanti dalla Convenzione sul Genocidio che le parti [firmatarie] hanno doveri legali per cercare d\u2019impedire e punire il genocidio, e certamente di non esserne facilitatori.<\/p>\n<p>Era nostra Speranza che il Canada andasse oltre il proprio benvenuto sostegno condizionato alla statualit\u00e0 palestinese\u00a0delle recenti settimane per rigettare sia l\u2019impunit\u00e0 Israeliana sia un processo di pace che premia un governo impegnatosi nel genocidio punendo e umiliando vieppi\u00f9 il popolo palestinese gi\u00e0 malamente tartassato.<\/p>\n<p>Eravamo determinati alle nostre testimonianze in Tribunale per diffondere questo messaggio dissenziente al Tribunale. Ci chiediamo tuttora come un tale esercizio del diritto di libera espressione in un paese democratico\u00a0arrivasse ad essere considerato una minaccia alla sicurezza nazionale canadese\u00a0(?!)\u00a0Pi\u00f9 correttamente compreso, tale patrocinio dovrebbe considerarsi come un allineamento della sicurezza nazionale canadese al diritto internazionale, considerandone l\u2019interesse umano alla stabilit\u00e0 regionale e globale, nonch\u00e9 all\u2019assetto pacifico.<\/p>\n<p>Siamo emersi da questa esperienza di oltre quattr\u2019ore all\u2019aeroporto di Toronto alquanto sfiniti. Ci siamo ben presto resi conto che il nostro fermo comportava ben pi\u00f9 che un protocollo di routine all\u2019originario sportello per l\u2019immigrazione quando il funzionario continuava a guardare il suo computer fino a dirci di aspettare mentre andava a consultarsi con personale pi\u00f9 in alto di grado. Dopo molti minuti finalmente torn\u00f2 con parecchie domande sulla logistica dell\u2019evento di Ottawa: ne eravamo relatori, venivamo pagati per esserlo, le nostre spese di viaggio e albergo erano coperte. Ci pareva strano che non ci fosse chiesto nulla sulla conferenza, i\u00a0suoi temi\u00a0e la relazione con la sicurezza nazionale canadese.<\/p>\n<p>Poi, l\u2019agente interrogante indic\u00f2 che doveva ancora controllare col proprio \u2018capo\u2019 se ci sarebbe (stato) permesso entrare in Canada.\u00a0\u00a0 Col che noi avevamo perso il nostro volo di coincidenza per Ottawa e fummo trattenuti per altri 90 minuti finch\u00e9 l\u2019agente torn\u00f2 con una serie di domande un po\u2019 differenti, tuttavia piuttosto\u00a0peculiari in quanto molto astratte e generali. Mi rendevo conto di essere accusata\/o in\u00a0lungo e in largo di essere un(\u2018) antisemita? Avevamo collegamenti in qualche modo con Hamas? Avevo a che fare con la Euro-Med Human Rights Organization?<\/p>\n<p>Fornimmo risposte franche e immediate e ci aspettavamo domande conseguenti miranti a sviluppare qualche utile ragionamento sul perch\u00e9 fossimo minacce alla sicurezza, ma non ce ne fu nessuna.\u00a0Ancora una volta l\u2019agente si allontan\u00f2 per altri esasperanti 30 minuti o gi\u00f9 di l\u00ec prima di tornare a dirci che eravamo liberi di entrare in Canada ma senza darci alcun\u2019altra spiegazione.<\/p>\n<p>In conclusione, questa \u00e8 stata un\u2019esperienza sconcertante. Se c\u2019era una seria preoccupazione di sicurezza, perch\u00e9 allora mancarono d\u2019ispezionarci il bagaglio compresi dispositivi come smart-phone o laptop; o almeno farci domande tali che se risposte in certi modi fossero auto-incriminatorie?\u00a0Le loro domande erano molto astratte e vaghe, non\u00a0intese a cavare informazioni sul Tribunale n\u00e9 su preoccupazioni concrete relative alla sicurezza nazionale canadese. La pi\u00f9 ragionevole interpretazione dell\u2019incidente fu che trattenerci dal partecipare al Tribunale\u00a0fosse integrale a una pi\u00f9 ampia strategia di vessazione diretta ai critici del comportamento d\u2019Israele in merito alla lotta palestinese per ottenere i diritti basilari.<\/p>\n<p>Dopo il nostro lungo interrogatorio all\u2019aeroporto, apprendemmo che il sito iniziale del Tribunale\u00a0presso l\u2019Universit\u00e0 di Ottawa non era pi\u00f9 disponibile a seguito di una decisione di cancellazione presa da funzionari amministrativi. Il senator canadese Yuen Pau Woo, egli stesso un critico dell\u2019approccio del Canada alla tragedia palestinese, reag\u00ec alla cancellazione accettando di ospitare l\u2019evento del Tribunale nell\u2019edificio del Senato.<\/p>\n<p>Forse la reazione contro-producente causata dal nostro fermo avr\u00e0 l\u2019effetto aldil\u00e0 delle intenzioni di far agire con maggior appropriatezza la CBSA in futuro. Il che vorrebbe dire trattare minacce autentiche alla sicurezza e non usare indagini di \u2018sicurezza\u2019 come pretesto per molestare studiosi e altri che abbiano opinioni d\u2019imputabilit\u00e0 alla responsabilit\u00e0 di genocidio d\u2019Israele\u00a0e quella derivata del Canada come complice.<\/p>\n<p>Il Tribunale ha completato il proprio programma di due giorni, non abbiamo testimoniato come previsto, e l\u2019evento ha focalizzato le sue energie sulle responsabilit\u00e0\u00a0specifiche del Canada anzich\u00e9 trattare le questioni soggiacenti del se il genocidio e i crimini contro l\u2019umanit\u00e0 possano essere perseguiti in mancanza di una decisione della corte internazionale di Giustizia sulle imputazioni formali.\u00a0Il nostro fermo \u00e8 avvenuto in questa atmosfera, resa pi\u00f9 confusa\u00a0dall\u2019adozione da parte [del Consiglio di Sicurezza] dell\u2019ONU dell\u2019impostazione USA per una soluzione a lungo termine\u00a0su Gaza, che noi consideriamo come prosecuzione dei crimini originari con altri mezzi.<\/p>\n<p>Tutti quanti gli sforzi intimidatorii della CBSA ci hanno insegnato che il movimento della societ\u00e0 civile globale per difendere il popolo palestinese, fermare il genocidio\u00a0e chiederne un rendiconto hanno un impatto importante sulla vita politica nazionale degli autori dei misfatti e dei governi complici. Che agiscono per silenziare le voci ostili.\u00a0Tali tensioni stanno effettivamente cominciando a mostrare che le tattiche grossolane d\u2019intimidazione non funzionano, e che noi, membri della societ\u00e0 civile con coscienza globale, stiamo guadagnando pian piano ma di sicuro influenza\u00a0sulla politica pubblica nazionale che viola il diritto e la moralit\u00e0 internazionali.<\/p>\n<p>Dovrebbe essere ovvio che ci sia una scarsa prospettiva di autodeterminazione palestinese senza continuare nella <em>sumud<\/em> palestinese\u00a0e con e iniziative di solidariet\u00e0 di attivisti da tutto il mondo. Senza l\u2019ottemperanza israeliana agli ordini giudiziari\u00a0di ritirarsi dalla Palestina Occupata e di astenersi immediatamente da qualunque ulteriore interferenza nella provvista internazionale di aiuto umanitario, il genocidio continua.<\/p>\n<p class=\"western\" lang=\"it-IT\"><i>__________________________________________<\/i><\/p>\n<p lang=\"it-IT\" style=\"padding-left: 40px;\"><em><a href=\"https:\/\/www.transcend.org\/tms\/wp-content\/uploads\/2025\/12\/Hilal-Elver.jpg\" ><img loading=\"lazy\" decoding=\"async\" class=\"alignleft size-thumbnail wp-image-309109\" src=\"https:\/\/www.transcend.org\/tms\/wp-content\/uploads\/2025\/12\/Hilal-Elver-150x150.jpg\" alt=\"\" width=\"150\" height=\"150\" srcset=\"https:\/\/www.transcend.org\/tms\/wp-content\/uploads\/2025\/12\/Hilal-Elver-150x150.jpg 150w, https:\/\/www.transcend.org\/tms\/wp-content\/uploads\/2025\/12\/Hilal-Elver.jpg 300w\" sizes=\"auto, (max-width: 150px) 100vw, 150px\" \/><\/a>Hilal\u00a0Elver\u00a0<\/em><em>era membro <\/em><em>del Consiglio Accademico dei Paesi Meno Sviluppati ONU<\/em><em> (2011\u20132021) <\/em><em>e Relatrice Speciale per il Di<\/em><em>ritto Alimentare dal<\/em><em>\u00a0<\/em><em>gi<\/em><em>u<\/em><em>g<\/em><em>n<\/em><em>o<\/em><em> 2014 <\/em><em>al maggio<\/em><em> 2020. <\/em><em>\u00c8<\/em><em> professoressa ricercatrice all\u2019<\/em><em>Universit<\/em><em>\u00e0 di<\/em><em> California<\/em><em> a<\/em><em> Santa Barbara <\/em><em>e <\/em><em>Membro <\/em><em>Global<\/em><em>e al Centro universitario <\/em><em>Resnick<\/em><em>\u00a0<\/em><em>per Diritto e Politica Alimentare della Eminente Scuola di Diritto <\/em><em>UCLA<\/em><em>. <\/em><em>La sua nomina a Relatrice Speciale fu criticata dai governi degli Stati Uniti e del C<\/em><em>anada. <\/em><em>Elver<\/em><em>\u00a0<\/em><em>\u00e8 autrice di tre libri fra cui: <\/em><em>The <\/em><em>Headscarf<\/em><em>\u00a0<\/em><em>Controversy<\/em>: Secularism and Freedom of Religion [<em>La controversia della sciarpa in testa<\/em>: secolarismo e libert\u00e0 di religione]<em> (2012) <\/em><em>e<\/em><em>\u00a0<\/em><em>Peaceful<\/em><em>\u00a0<\/em><em>Uses<\/em><em> of International <\/em><em>Rivers<\/em>: The Case of the Euphrates and Tigris River Basin<em>\u00a0<\/em>[<em>U<\/em><em>si pacifici dei fiumi internazionali<\/em>: il caso del bacino fluviale delTigri e dell\u2019Eufrate<em>(<\/em><em>2002). <\/em><em>\u00c8<\/em><em> sposata con <\/em><em>Richard A. Falk.<\/em><\/p>\n<p style=\"padding-left: 40px;\"><a href=\"https:\/\/www.transcend.org\/tms\/wp-content\/uploads\/2025\/11\/richard-falk-palestine-canada.webp\" ><img loading=\"lazy\" decoding=\"async\" class=\"alignleft wp-image-307815 size-thumbnail\" src=\"https:\/\/www.transcend.org\/tms\/wp-content\/uploads\/2025\/11\/richard-falk-palestine-canada-150x150.webp\" alt=\"\" width=\"150\" height=\"150\" \/><\/a><em><span lang=\"it-IT\">Richard Falk \u00e8 membro della <\/span><\/em><span style=\"color: #0000ff;\"><a href=\"https:\/\/www.transcend.org\/\" ><span lang=\"it-IT\"><i><b>Rete TRANSCEND<\/b><\/i><\/span><\/a><\/span><em><span lang=\"it-IT\">, studioso di relazioni internazionali, professore emerito di diritto internazionale alla Princeton University,autore, co-autore o redattore di 60 libri, e conferenziere e attivista in affair mondiali. Nel 2008, the <\/span><\/em><span style=\"color: #0000ff;\"><a target=\"_blank\" href=\"http:\/\/en.wikipedia.org\/wiki\/United_Nations_Human_Rights_Council\" ><span lang=\"it-IT\"><i><b>United Nations Human Rights Council<\/b><\/i><\/span><\/a><\/span><em><span lang=\"it-IT\"> (UNHRC) ha nominato Falk per sei anni <\/span><\/em><span style=\"color: #0000ff;\"><a target=\"_blank\" href=\"http:\/\/en.wikipedia.org\/wiki\/United_Nations_Special_Rapporteur\" ><span lang=\"it-IT\"><i><b>United Nations Special Rapporteur<\/b><\/i><\/span><\/a><\/span><em><span lang=\"it-IT\"> su \u201cla situazione dei diritti umani nei<\/span><\/em> <em><span lang=\"it-IT\">territori <\/span><\/em><span style=\"color: #0000ff;\"><a target=\"_blank\" href=\"http:\/\/en.wikipedia.org\/wiki\/Palestinian_territories\" ><span lang=\"it-IT\"><i><b>Palestinesi <\/b><\/i><\/span><\/a><\/span><em><span lang=\"it-IT\">occupati dal 1967\u201d. Dal 2002 vive a Santa Barbara, California, e insegna al campus locale di Studi Globali e Internazionali dell\u2019University of California, e dal 2005 presiede il consiglio d\u2019amministrazione della Nuclear Age Peace Foundation. <\/span><\/em><em>I suoi libri pi\u00f9 recenti sono:<\/em> On Nuclear Weapons, Denuclearization, Demilitarization, and Disarmament <em>(2019); ed <\/em>Public Intellectual-The Life of a Citizen Pilgrim (memoirs-autobiography) <em>(Clarity Press) Feb 2021.<\/em><\/p>\n<p><em>Original in English: <\/em><a href=\"https:\/\/www.transcend.org\/tms\/2025\/12\/detained-by-canada-a-puzzling-experience\/\"  target=\"_top\">Detained by Canada: A Puzzling Experience<\/a><em> &#8211; TRANSCEND Media Service<\/em><\/p>\n<p><em>Traduzione di Miki Lanza per il Centro Studi Sereno Regis<\/em><\/p>\n<p class=\"western\"><a target=\"_blank\" href=\"https:\/\/serenoregis.org\/2025\/12\/02\/detenuti-dal-canada-unesperienza-sconcertante\/\" >Go to Original \u2013 serenoregis.org<\/a><\/p>\n<p class=\"western\">\n<p class=\"western\" style=\"text-align: center;\"><strong><em><span style=\"color: #ff0000;\"><span lang=\"it-IT\">Unisciti alla campagna \u201cBDS \u2013 Boicottagio, Disinvestimento, Sanzioni<\/span><\/span><\/em><em><span lang=\"it-IT\">\u201d per protestare contro il barbaro assedio di Israele su Gaza, l\u2019illegale occupazione dei territori della nazione palestinese, il trattamento inumano e degradante del popolo palestinese, e i pi\u00f9 di 7.000 uomini, donne, anziani e bambini palestinesi detenuti nelle prigioni israeliane.<\/span><\/em><\/strong><\/p>\n<p class=\"western\" lang=\"it-IT\" style=\"text-align: center;\"><strong><span style=\"color: #ff0000;\">NON ACQUISTARE PRODOTTI IL CUI CODICE A BARRE INIZIA CON 729 che indica la produzione in Israele.<\/span><\/strong><\/p>\n<p class=\"western\" lang=\"it-IT\" style=\"text-align: center;\"><strong>COMPI LA TUA PARTE! FAI LA DIFFERENZA!<\/strong><\/p>\n<p class=\"western\" lang=\"it-IT\" style=\"text-align: center;\"><strong><span style=\"color: #ff0000;\">7 2 9: BOICOTTAGGIO PER LA GIUSTIZIA!<\/span><\/strong><\/p>\n","protected":false},"excerpt":{"rendered":"<p>2 Dicembre 2025\u00a0&#8211;\u00a0Detenuti dal Canada: l\u2019accusa di minacciare la sicurezza nazionale del Canada pareva cos\u00ec sproporzionatamente enorme a confronto con le nostre effettive capacit\u00e0 lungamente dimostrate.<\/p>\n","protected":false},"author":4,"featured_media":309108,"comment_status":"open","ping_status":"open","sticky":false,"template":"","format":"standard","meta":{"footnotes":""},"categories":[46],"tags":[417,1619,3412,865,88,651,2341,427,944],"class_list":["post-309107","post","type-post","status-publish","format-standard","has-post-thumbnail","hentry","category-original-languages","tag-bullying","tag-canada","tag-gaza-tribunal","tag-genocide","tag-israel","tag-justice","tag-national-security","tag-palestine","tag-richard-falk"],"_links":{"self":[{"href":"https:\/\/www.transcend.org\/tms\/wp-json\/wp\/v2\/posts\/309107","targetHints":{"allow":["GET"]}}],"collection":[{"href":"https:\/\/www.transcend.org\/tms\/wp-json\/wp\/v2\/posts"}],"about":[{"href":"https:\/\/www.transcend.org\/tms\/wp-json\/wp\/v2\/types\/post"}],"author":[{"embeddable":true,"href":"https:\/\/www.transcend.org\/tms\/wp-json\/wp\/v2\/users\/4"}],"replies":[{"embeddable":true,"href":"https:\/\/www.transcend.org\/tms\/wp-json\/wp\/v2\/comments?post=309107"}],"version-history":[{"count":1,"href":"https:\/\/www.transcend.org\/tms\/wp-json\/wp\/v2\/posts\/309107\/revisions"}],"predecessor-version":[{"id":309111,"href":"https:\/\/www.transcend.org\/tms\/wp-json\/wp\/v2\/posts\/309107\/revisions\/309111"}],"wp:featuredmedia":[{"embeddable":true,"href":"https:\/\/www.transcend.org\/tms\/wp-json\/wp\/v2\/media\/309108"}],"wp:attachment":[{"href":"https:\/\/www.transcend.org\/tms\/wp-json\/wp\/v2\/media?parent=309107"}],"wp:term":[{"taxonomy":"category","embeddable":true,"href":"https:\/\/www.transcend.org\/tms\/wp-json\/wp\/v2\/categories?post=309107"},{"taxonomy":"post_tag","embeddable":true,"href":"https:\/\/www.transcend.org\/tms\/wp-json\/wp\/v2\/tags?post=309107"}],"curies":[{"name":"wp","href":"https:\/\/api.w.org\/{rel}","templated":true}]}}