{"id":314171,"date":"2026-03-16T12:00:00","date_gmt":"2026-03-16T12:00:00","guid":{"rendered":"https:\/\/www.transcend.org\/tms\/?p=314171"},"modified":"2026-03-12T01:13:55","modified_gmt":"2026-03-12T01:13:55","slug":"spain-stands-up-toward-the-internationalization-of-no-a-la-guerra","status":"publish","type":"post","link":"https:\/\/www.transcend.org\/tms\/2026\/03\/spain-stands-up-toward-the-internationalization-of-no-a-la-guerra\/","title":{"rendered":"Spain Stands Up: Toward the Internationalization of \u2018No a la Guerra\u2019"},"content":{"rendered":"<div id=\"attachment_314173\" style=\"width: 710px\" class=\"wp-caption aligncenter\"><a href=\"https:\/\/www.transcend.org\/tms\/wp-content\/uploads\/2026\/03\/no-a-la-guerra-placard-in-madrid.avif\" ><img loading=\"lazy\" decoding=\"async\" aria-describedby=\"caption-attachment-314173\" class=\"wp-image-314173\" src=\"https:\/\/www.transcend.org\/tms\/wp-content\/uploads\/2026\/03\/no-a-la-guerra-placard-in-madrid-1024x340.avif\" alt=\"\" width=\"700\" height=\"233\" srcset=\"https:\/\/www.transcend.org\/tms\/wp-content\/uploads\/2026\/03\/no-a-la-guerra-placard-in-madrid-1024x340.avif 1024w, https:\/\/www.transcend.org\/tms\/wp-content\/uploads\/2026\/03\/no-a-la-guerra-placard-in-madrid-300x100.avif 300w, https:\/\/www.transcend.org\/tms\/wp-content\/uploads\/2026\/03\/no-a-la-guerra-placard-in-madrid-768x255.avif 768w, https:\/\/www.transcend.org\/tms\/wp-content\/uploads\/2026\/03\/no-a-la-guerra-placard-in-madrid.avif 1200w\" sizes=\"auto, (max-width: 700px) 100vw, 700px\" \/><\/a><p id=\"caption-attachment-314173\" class=\"wp-caption-text\">A \u201cNo a la Guerra\u201d placard hangs in Puerta del Sol, Madrid, Spain.\u00a0 \u00a0(Photo by Greenpeace)<\/p><\/div>\n<blockquote><p><em>President S\u00e1nchez\u2019s voice has been the bravest in Europe. His peace communication and action have the potential to disarm the authoritarian brutality of war as events in Iran and the Middle East grip the hearts and minds of the peoples of the world.<\/em><\/p><\/blockquote>\n<p><em>11 Mar 2026\u00a0<\/em>&#8211;\u00a0In a move that has sent shockwaves from <a target=\"_blank\" href=\"https:\/\/www.commondreams.org\/tag\/washington\" >Washington<\/a> to Tel Aviv, passing through Berlin and Ankara, Spanish President Pedro S\u00e1nchez has positioned <a target=\"_blank\" href=\"https:\/\/www.commondreams.org\/tag\/spain\" >Spain<\/a> as the primary European holdout against the escalating military conflict in Iran. Invoking the ghost of <a target=\"_blank\" href=\"https:\/\/www.commondreams.org\/tag\/protests\" >protests<\/a> against the 2003 <a target=\"_blank\" href=\"https:\/\/www.commondreams.org\/tag\/iraq-war\" >Iraq War<\/a>, S\u00e1nchez\u2019s government has blocked the <a target=\"_blank\" href=\"https:\/\/www.commondreams.org\/tag\/united-states\" >United States<\/a> from using Spanish military bases at Rota and Mor\u00f3n de la Frontera to bomb Iran\u2014a decision that has triggered threats of a <a target=\"_blank\" href=\"https:\/\/www.commondreams.org\/tag\/trade\" >trade<\/a> embargo from US President <a target=\"_blank\" href=\"https:\/\/www.commondreams.org\/tag\/donald-trump\" >Donald Trump<\/a>.<\/p>\n<p>S\u00e1nchez has provided a three-fold argument against the war: that it is contrary to <a target=\"_blank\" href=\"https:\/\/www.commondreams.org\/tag\/international-law\" >international law<\/a>, unethical, and catastrophic for the world. He is simultaneously presenting himself as a courageous politician whose principles transcend any fear of US retaliation and a pragmatist who wishes to avoid the negative consequences of the war, from economic disaster to Islamist terrorism.<\/p>\n<p><em>No a la Guerra <\/em>captures this narrative in a way that resonates strongly not only in the minds of Spaniards but across the world. S\u00e1nchez has satisfied an international demand to speak out against Trump and Israeli Prime Minister<\/p>\n<p><strong>The Domestic Front <\/strong><\/p>\n<p>S\u00e1nchez\u2019s predecessor, Jos\u00e9 Maria Aznar, dragged Spain into the illegal and catastrophic Iraq War against the will of its people. That remains strongly embedded in the Spanish collective consciousness. The <a target=\"_blank\" href=\"https:\/\/www.commondreams.org\/tag\/right-wing\" >right-wing<\/a> Partido Popular (PP) knows it lost the subsequent election because \u201cweapons of mass destruction\u201d did not exist, innocent people were killed en masse, there were jihadist terrorist attacks in Madrid as retaliation, and the party lied, blaming the domestic terrorist group ETA. Today\u2019s <em>No a la Guerra<\/em> is a slap to the face of the PP and the far-right party Vox, which both support the US-Israeli war.<\/p>\n<blockquote><p><strong><em>In opposing the Iranian war, the Spanish government is part of a wider movement that can unsettle the sense of helplessness that often grips Europe during Middle East conflicts.<\/em><\/strong><\/p><\/blockquote>\n<p>While 80-90% of the Spanish population opposed the invasion of Iraq, almost <a target=\"_blank\" href=\"https:\/\/elpais.com\/espana\/2026-03-06\/el-68-de-los-espanoles-rechaza-la-guerra-de-trump-y-netanyahu.html\" >70% rejects the current war<\/a>; 53% of the public supports the government\u2019s stance on military bases. Just 23% supports the war. The right-wing opposition, and Podemos on the left, accuse S\u00e1nchez of hypocrisy for sending the frigate <em>Crist\u00f3bal Col\u00f3n<\/em> to the United Kingdom\u2019s military base in Cyprus. Per Britain\u2019s claims for mobilizing forces and mat\u00e9riel, the Spanish government has responded that this is merely for protection rather than offensive purposes, in accordance with NATO\u2019s doctrine of collective defense. Of course, such doctrines may be invoked quite differently should Iran attack US forces stationed in Europe.<\/p>\n<p>Spain\u2019s government must navigate the tension of geopolitical power relations while avoiding any mismatch between its discourse and practice, per the slaughter in <a target=\"_blank\" href=\"https:\/\/www.commondreams.org\/tag\/gaza\" >Gaza<\/a>. Some on the left also maintain that it is impossible to oppose the war effectively without sanctioning Israel and leaving <a target=\"_blank\" href=\"https:\/\/www.commondreams.org\/tag\/nato\" >NATO<\/a>.<\/p>\n<p>The right labels S\u00e1nchez as posturing ahead of a potential <a target=\"_blank\" href=\"https:\/\/www.commondreams.org\/tag\/snap\" >snap<\/a> election. Yet the PP leader Alberto N\u00fa\u00f1ez Feij\u00f3o has offered babbling, erratic responses that are themselves framed almost entirely through the lens of domestic partisan politics.<\/p>\n<p>Feij\u00f3o also argues that S\u00e1nchez has abandoned Spain\u2019s allies, jeopardizing the national interest. But the PP\u2019s alignment with pro-war interests represents a regression to an outdated colonialist mindset of total servility. Much like during Aznar\u2019s era, the PP is willing to kneel to US interests, sacrificing national sovereignty to serve as a submissive junior partner in a foreign military campaign. Sanchez\u2019s performance is approved by 42% of the population; 19% support the opposition\u2019s reaction.<\/p>\n<p>The country\u2019s main business association has expressed deep concern about the possibility of the US severing trade relations with Spain and placed responsibility on the Spanish government, urging it to ameliorate the situation.<\/p>\n<p><strong>The International Chessboard<\/strong><\/p>\n<p>The European Commission, Italy, <a target=\"_blank\" href=\"https:\/\/www.commondreams.org\/tag\/france\" >France<\/a>, Portugal, <a target=\"_blank\" href=\"https:\/\/www.commondreams.org\/tag\/austria\" >Austria<\/a>, Ireland, Malta, <a target=\"_blank\" href=\"https:\/\/www.commondreams.org\/tag\/turkey\" >Turkey<\/a>, and China have expressed <a target=\"_blank\" href=\"https:\/\/www.commondreams.org\/tag\/solidarity\" >solidarity<\/a> with Spain in the face of Trump\u2019s threats. However, France and Portugal, together with Germany, the UK, <a target=\"_blank\" href=\"https:\/\/www.commondreams.org\/tag\/greece\" >Greece<\/a>, and Australia have adopted bellicose positions, and Canada is wavering. The President of the European Commission Ursula von der Leyen has justified the attack on Iran and stated that the <a target=\"_blank\" href=\"https:\/\/www.commondreams.org\/tag\/european-union\" >European Union<\/a> must be prepared to \u201c<a target=\"_blank\" href=\"https:\/\/ec.europa.eu\/commission\/presscorner\/detail\/da\/speech_26_576\" >project power<\/a>\u201d as it can no longer rely on the \u201crules-based\u201d system to protect the continent\u2019s interests, while the President of the European Council Antonio Costa and the Vice-President of the European Commission Teresa Ribera have spoken up for <a target=\"_blank\" href=\"https:\/\/www.20minutos.es\/internacional\/costa-se-desmarca-von-der-leyen-pide-que-ue-defienda-orden-internacional-frente-rusia-china-eeuu_6943967_0.html\" >international law<\/a>.<\/p>\n<p>Within <a target=\"_blank\" href=\"https:\/\/www.commondreams.org\/tag\/latin-america\" >Latin America<\/a>, <a target=\"_blank\" href=\"https:\/\/www.commondreams.org\/tag\/brazil\" >Brazil<\/a>, Colombia, Mexico, <a target=\"_blank\" href=\"https:\/\/www.commondreams.org\/tag\/venezuela\" >Venezuela<\/a>, and <a target=\"_blank\" href=\"https:\/\/www.commondreams.org\/tag\/chile\" >Chile<\/a> have advocated for adherence to international law and diplomatic resolution; conversely, Argentina has signaled explicit support for the US and Israeli governments.<\/p>\n<p>Israel accuses Spain of failing to fulfill its obligations per NATO, while Trump, as ever the class bully, threatens to punish it. While remaining submissive to Trump, German Chancellor Friedrich Merz has reminded him that he cannot unilaterally block trade with Spain because it shares most-favored nation status with all European Union members. NATO Secretary General Mark Rutte justifies the offensive against Iran at the same time as he defends Spain\u2019s contribution to the organization.<\/p>\n<p>Positions may change as the war evolves. S\u00e1nchez needs to go further and mobilize international opposition to the war. He must show it is possible and beneficial (including in electoral terms) to stand up to bullying. That will mean developing new alliances and favoring European strategic autonomy and sovereignty. Should the war go badly for US interests, S\u00e1nchez\u2019s blend of ethical resistance and enlightened self-interest could encourage other leaders to join him.<\/p>\n<p>For now, Spain is holding up a mirror to other European countries, challenging them to reflect on their diminished sovereignty. Merz looks weak by contrast when he claims that international law does not apply to Iran.<\/p>\n<p>The US National Security Strategy frames the EU as an enemy to be destroyed, while DC and techno-authoritarians promote the far right. Positive coverage of the Spanish government\u2019s stand in the international press can encourage European governments and citizens to confront Trump and Netanyahu. <a target=\"_blank\" href=\"https:\/\/www.aa.com.tr\/en\/middle-east\/polls-show-majority-of-europeans-oppose-us-israeli-strikes-on-iran\/3853988\" >Significant majorities<\/a> in Spain, Germany, Italy, and Britain oppose military intervention. It is about time democratic leaders understand the US not as an ally but an irresponsible actor seeking to weaponize Europe in its own interest. Iran\u2019s democratic opposition needs peaceful conditions, as opposed to bombs. And the violence that the regime uses to deter dissent and seek internal cohesion against the external enemy. The country\u2019s democratization must be accompanied by democratization and pacification across the globe, especially the United States.<\/p>\n<div id=\"attachment_314172\" style=\"width: 410px\" class=\"wp-caption aligncenter\"><a href=\"https:\/\/www.transcend.org\/tms\/wp-content\/uploads\/2026\/03\/no-a-la-guerra-placard-in-madrid.2.avif\" ><img loading=\"lazy\" decoding=\"async\" aria-describedby=\"caption-attachment-314172\" class=\"wp-image-314172\" src=\"https:\/\/www.transcend.org\/tms\/wp-content\/uploads\/2026\/03\/no-a-la-guerra-placard-in-madrid.2.avif\" alt=\"\" width=\"400\" height=\"300\" srcset=\"https:\/\/www.transcend.org\/tms\/wp-content\/uploads\/2026\/03\/no-a-la-guerra-placard-in-madrid.2.avif 700w, https:\/\/www.transcend.org\/tms\/wp-content\/uploads\/2026\/03\/no-a-la-guerra-placard-in-madrid.2-300x225.avif 300w\" sizes=\"auto, (max-width: 400px) 100vw, 400px\" \/><\/a><p id=\"caption-attachment-314172\" class=\"wp-caption-text\">A &#8220;No a la Guerra&#8221; placard is carried during a Women&#8217;s Day demonstration in Madrid, Spain.<br \/>(Photo by Joan Pedro-Cara\u00f1ana)<\/p><\/div>\n<p><strong>Building a New Spirit of the Times: Will the People Rise for Peace?<\/strong><\/p>\n<p>In opposing the Iranian war, the Spanish government is part of a wider movement that can unsettle the sense of helplessness that often grips Europe during Middle East conflicts. Per 2003\u2019s invasion of Iraq, grassroots popular culture is playing a key role in expressing peaceful solidarity.<\/p>\n<p>A Turkish news anchor moved audiences by thanking Spain\u2014in Spanish\u2014for being \u201c<a target=\"_blank\" href=\"https:\/\/www.youtube.com\/shorts\/tFTOMQVrwn8\" >on the right side of history<\/a>\u201d and \u201crepresenting the common consciousness of humanity,\u201d while <a target=\"_blank\" href=\"https:\/\/www.instagram.com\/p\/DVfy30hDW9P\/\" >a video<\/a> of Turkish football fans passionately singing the pasodoble Espa\u00f1a Ca\u00f1\u00ed has become viral; a surreal display of cultural support. <a target=\"_blank\" href=\"https:\/\/www.instagram.com\/reels\/DVkFFrQkeQi\/\" >Other viral videos<\/a> feature a skilled Palestinian skater holding a Spanish flag and a Japanese influencer advocating for Spanish products in response to Trump\u2019s threat.<\/p>\n<blockquote><p><strong><em>Peace has a chance should the US people rise decidedly against the war. Spain has paved the way for citizens around the world.<\/em><\/strong><\/p><\/blockquote>\n<p>Peace and <a target=\"_blank\" href=\"https:\/\/www.commondreams.org\/tag\/democracy\" >democracy<\/a> require symbolic triumphs that bring binding affects to the people and joy to the collective political body. Believing that \u201cyes, we can\u201d is a necessary step to the realization of objectives. As <a target=\"_blank\" href=\"https:\/\/www.youtube.com\/watch?v=nXVCx4RF1n4\" >Susan Sarandon<\/a> said in cinema\u2019s recent Goya Awards, \u201cSilence is very dangerous.\u201d When S\u00e1nchez broke the silence of world leaders, the possibility of resistance turning viral emerged: \u201cIn a place where you feel repression and <a target=\"_blank\" href=\"https:\/\/www.commondreams.org\/tag\/censorship\" >censorship<\/a>, to see Spain come forward with such a strong voice and moral clarity is so important to us, the United States; it makes you feel less alone and that there is hope.\u201d<\/p>\n<p><strong>Peace Needs US Citizens<\/strong><\/p>\n<p>The US and Israel seem to be losing the battle of international public opinion, but that\u2019s not enough: Authoritarian leaders such as Trump and Netanyahu act through force more than consensus in the international arena. Nevertheless, they rely on their own voters. Although 93% of Israeli Jews and 26% of Israeli Arabs <a target=\"_blank\" href=\"https:\/\/en.idi.org.il\/articles\/63617\" >support the war<\/a>, <a target=\"_blank\" href=\"https:\/\/maristpoll.marist.edu\/polls\/war-with-iran-march-2026\/\" >as of early March<\/a>, 44% of US citizens support the war and 56% oppose it. Despite Trump\u2019s electoral promise of \u201cno war,\u201d only 15% of his supporters oppose the attacks on Iran, but support for Trump and the war are <a target=\"_blank\" href=\"https:\/\/www.economist.com\/united-states\/2026\/03\/08\/why-maga-backs-donald-trumps-war-for-now\" >based on<\/a> a cult of personality and spectacular demonstrations of force and victory in short wars with few national casualties. Some notable isolationist and antisemitic conservatives have already <a target=\"_blank\" href=\"https:\/\/www.youtube.com\/shorts\/1re2GP4r5wI\" >broken with him<\/a> over Iran.<\/p>\n<p>Although the figures vary depending on the survey, support for the strikes is <a target=\"_blank\" href=\"https:\/\/www.nytimes.com\/2026\/03\/10\/us\/politics\/polls-wars-us-support.html\" >far lower<\/a> than that at the beginnings of previous wars. As ever, support for military action may wane as the economic and human costs of war increase. <a target=\"_blank\" href=\"https:\/\/foreignpolicy.com\/2026\/03\/06\/iran-war-security-risks-ir-expert-poll-disapproval\/\" >International-relations<\/a> mavens are unified in their skepticism. While current opposition remains insufficient to halt the conflict, it highlights a decline in President Trump\u2019s support that could prove decisive in the November <a target=\"_blank\" href=\"https:\/\/www.commondreams.org\/tag\/midterm-elections\" >midterm elections<\/a>. However, given the catastrophic consequences of the war, an electoral shift may come too late. Because of the illegal nature of the strikes and the bypassing of congressional approval, it may be time to pursue <a target=\"_blank\" href=\"https:\/\/www.commondreams.org\/tag\/impeachment\" >impeachment<\/a> based on executive overreach and the violation of international law, albeit with no prospect of conviction.<\/p>\n<p>The role of peace communication is to engage with Trump\u2019s supporters: listening to them, empathizing where possible, sharing information, and showing how they are negatively affected by the war.<\/p>\n<p>Peace has a chance should the US people rise decidedly against the war. Spain has paved the way for citizens around the world. But peace communication should not merely be refusal; it should mobilize diplomacy, internationalism, and interculturality. Peace communication must encourage others to agree, not push them away, and do so in the name of mutual transformation. That depends on a shared will, creativity, and care for humanity<\/p>\n<p>________________________________________________<\/p>\n<p style=\"padding-left: 40px;\"><em><a href=\"https:\/\/www.transcend.org\/tms\/wp-content\/uploads\/2026\/03\/Joan-Pedro-Caranana.webp\" ><img loading=\"lazy\" decoding=\"async\" class=\"alignleft wp-image-314175\" src=\"https:\/\/www.transcend.org\/tms\/wp-content\/uploads\/2026\/03\/Joan-Pedro-Caranana-e1773277710977.webp\" alt=\"\" width=\"100\" height=\"99\" \/><\/a> Joan Pedro-Caranana is in the Department of Journalism and New Media of the Complutense University of Madrid. He has a European doctorate in Communication, Social Change and Development, and has been active in a variety of social movements. His interest lies in the role of communication, education and culture in the transformation of societies.<\/em><\/p>\n<p style=\"padding-left: 40px;\"><em><a href=\"https:\/\/www.transcend.org\/tms\/wp-content\/uploads\/2026\/03\/Toby-Miller.webp\" ><img loading=\"lazy\" decoding=\"async\" class=\"alignleft wp-image-314174\" src=\"https:\/\/www.transcend.org\/tms\/wp-content\/uploads\/2026\/03\/Toby-Miller-e1773277798212.webp\" alt=\"\" width=\"90\" height=\"90\" \/><\/a> Toby Miller is a distinguished professor at the Instituto Tecnol\u00f3gico de Monterrey, Guadalajara campus.<\/em><\/p>\n","protected":false},"excerpt":{"rendered":"<p>11 Mar 2026\u00a0&#8211;\u00a0President S\u00e1nchez\u2019s voice has been the bravest in Europe. His peace communication and action have the potential to disarm the authoritarian brutality of war as events in Iran and the Middle East grip the hearts and minds of the peoples of the world.<\/p>\n","protected":false},"author":4,"featured_media":314173,"comment_status":"open","ping_status":"open","sticky":false,"template":"","format":"standard","meta":{"footnotes":""},"categories":[51],"tags":[2009,433,742,88,250,70],"class_list":["post-314171","post","type-post","status-publish","format-standard","has-post-thumbnail","hentry","category-europe","tag-anti-war","tag-europe","tag-iran","tag-israel","tag-spain","tag-usa"],"_links":{"self":[{"href":"https:\/\/www.transcend.org\/tms\/wp-json\/wp\/v2\/posts\/314171","targetHints":{"allow":["GET"]}}],"collection":[{"href":"https:\/\/www.transcend.org\/tms\/wp-json\/wp\/v2\/posts"}],"about":[{"href":"https:\/\/www.transcend.org\/tms\/wp-json\/wp\/v2\/types\/post"}],"author":[{"embeddable":true,"href":"https:\/\/www.transcend.org\/tms\/wp-json\/wp\/v2\/users\/4"}],"replies":[{"embeddable":true,"href":"https:\/\/www.transcend.org\/tms\/wp-json\/wp\/v2\/comments?post=314171"}],"version-history":[{"count":1,"href":"https:\/\/www.transcend.org\/tms\/wp-json\/wp\/v2\/posts\/314171\/revisions"}],"predecessor-version":[{"id":314176,"href":"https:\/\/www.transcend.org\/tms\/wp-json\/wp\/v2\/posts\/314171\/revisions\/314176"}],"wp:featuredmedia":[{"embeddable":true,"href":"https:\/\/www.transcend.org\/tms\/wp-json\/wp\/v2\/media\/314173"}],"wp:attachment":[{"href":"https:\/\/www.transcend.org\/tms\/wp-json\/wp\/v2\/media?parent=314171"}],"wp:term":[{"taxonomy":"category","embeddable":true,"href":"https:\/\/www.transcend.org\/tms\/wp-json\/wp\/v2\/categories?post=314171"},{"taxonomy":"post_tag","embeddable":true,"href":"https:\/\/www.transcend.org\/tms\/wp-json\/wp\/v2\/tags?post=314171"}],"curies":[{"name":"wp","href":"https:\/\/api.w.org\/{rel}","templated":true}]}}