{"id":36713,"date":"2013-11-25T12:00:45","date_gmt":"2013-11-25T12:00:45","guid":{"rendered":"http:\/\/www.transcend.org\/tms\/?p=36713"},"modified":"2015-05-05T22:21:09","modified_gmt":"2015-05-05T21:21:09","slug":"italiano-gabriella-e-luca-sono-con-noi-nel-progetto-di-cinema-e-arte-per-la-pace","status":"publish","type":"post","link":"https:\/\/www.transcend.org\/tms\/2013\/11\/italiano-gabriella-e-luca-sono-con-noi-nel-progetto-di-cinema-e-arte-per-la-pace\/","title":{"rendered":"(Italiano) Gabriella e Luca sono con noi nel progetto di \u201cCinema e Arte per la Pace\u201d"},"content":{"rendered":"<p><a href=\"http:\/\/www.transcend.org\/tms\/wp-content\/uploads\/2013\/04\/nanni-salio-180x167.jpg\" ><img loading=\"lazy\" decoding=\"async\" class=\"alignleft  wp-image-27918\" alt=\"nanni-salio-180x167\" src=\"http:\/\/www.transcend.org\/tms\/wp-content\/uploads\/2013\/04\/nanni-salio-180x167.jpg\" width=\"108\" height=\"100\" \/><\/a>I tre giorni di intensa partecipazione emotiva per l\u2019inaugurazione della sala multimediale Gabriella Poli e di quella dedicata a Luca Magosso nell\u2019ambito del progetto \u201cCinema e arte per la pace\u201d sono un segno positivo del profondo bisogno di una cultura della nonviolenza non generica ma specifica, capace di produrre trasformazioni positive nella nostra societ\u00e0, dal livello relazionale interpersonale a quello istituzionale.<\/p>\n<p>Con l\u2019aiuto di molte persone che hanno sinora collaborato alla raccolta fondi, tuttora in corso per coprire i costi di acquisto e ristrutturazione, e con il lavoro svolto in particolare da Umberto Forno e Enzo Gargano per quanto riguarda la conduzione dei lavori e Dario Cambiano e Marco Scarnera per la programmazione, siamo riusciti ad avviare il progetto IRENEA, col quale intendiamo potenziare la nostra capacit\u00e0 di costruire e diffondere la cultura della nonviolenza rivolgendoci a settori via via pi\u00f9 vasti della cittadinanza.<\/p>\n<p>Questo compito, di cui avvertiamo tutti quanti l\u2019urgenza, richieder\u00e0 di accrescere la nostra abilit\u00e0 di ascoltare e comunicare per coinvolgere e far partecipare attivamente le persone che man mano incontreremo, per conoscerne i bisogni, le aspettative e i sogni e aiutare a realizzarli insieme. E\u2019 un lavoro lento che richiede impegno, determinazione, pazienza e continuit\u00e0 per superare diffidenza, indifferenza, superficialit\u00e0.<\/p>\n<p>Pensiamo che cinema e arte siano strumenti che possono permetterci di agire sui livelli emozionali per attivare capacit\u00e0 creative, costruttive e concrete mediante le quali affrontare e trasformare i conflitti, dal micro al macro, senza cadere nella spirale e nella trappola della violenza.<\/p>\n<p>La costruzione di personalit\u00e0 e societ\u00e0 nonviolente \u00e8 un compito che riguarda tutti quanti, reso ancora pi\u00f9 impellente dalla grande crisi sistemica nella quale siamo invischiati su scala mondiale, frutto di una cattiva cultura politica, economica, militare.<\/p>\n<p>La nonviolenza estesa a tutti gli esseri viventi \u00e8 il messaggio che Gandhi, Capitini, Mandela Martin Luther King e i grandi profeti dell\u2019antichit\u00e0, da Buddha a Cristo, ci hanno tramandato e che pu\u00f2 permetterci di compiere il prossimo salto evolutivo per far uscire guerra, violenza, fame e miseria dalla storia.<\/p>\n<p>Un impegno che spetta a ciascuno e ciascuna di noi.<\/p>\n<p>______________________________<\/p>\n<p><i>Prof. Nanni Salio \u00e8 membro della rete TRANSCEND per la Pace, Sviluppo e Ambiente <\/i><i>e Direttore<\/i><i> <\/i><i>del Centro Studi Sereno Regis a Torino.<\/i><i><\/i><\/p>\n<p><a target=\"_blank\" href=\"http:\/\/serenoregis.org\/2013\/11\/21\/gabriella-poli-e-luca-magosso-sono-con-noi-nel-progetto-di-cinema-e-arte-per-la-pace-nanni-salio\/\" >Go to Original \u2013 serenoregis.org<\/a><\/p>\n","protected":false},"excerpt":{"rendered":"<p>I tre giorni di intensa partecipazione emotiva per l\u2019inaugurazione della sala multimediale Gabriella Poli e di quella dedicata a Luca Magosso nell\u2019ambito del progetto \u201cCinema e arte per la pace\u201d sono un segno positivo del profondo bisogno di una cultura della nonviolenza non generica ma specifica, capace di produrre trasformazioni positive nella nostra societ\u00e0, dal livello relazionale interpersonale a quello istituzionale.<\/p>\n","protected":false},"author":4,"featured_media":0,"comment_status":"open","ping_status":"open","sticky":false,"template":"","format":"standard","meta":{"footnotes":""},"categories":[46],"tags":[],"class_list":["post-36713","post","type-post","status-publish","format-standard","hentry","category-original-languages"],"_links":{"self":[{"href":"https:\/\/www.transcend.org\/tms\/wp-json\/wp\/v2\/posts\/36713","targetHints":{"allow":["GET"]}}],"collection":[{"href":"https:\/\/www.transcend.org\/tms\/wp-json\/wp\/v2\/posts"}],"about":[{"href":"https:\/\/www.transcend.org\/tms\/wp-json\/wp\/v2\/types\/post"}],"author":[{"embeddable":true,"href":"https:\/\/www.transcend.org\/tms\/wp-json\/wp\/v2\/users\/4"}],"replies":[{"embeddable":true,"href":"https:\/\/www.transcend.org\/tms\/wp-json\/wp\/v2\/comments?post=36713"}],"version-history":[{"count":0,"href":"https:\/\/www.transcend.org\/tms\/wp-json\/wp\/v2\/posts\/36713\/revisions"}],"wp:attachment":[{"href":"https:\/\/www.transcend.org\/tms\/wp-json\/wp\/v2\/media?parent=36713"}],"wp:term":[{"taxonomy":"category","embeddable":true,"href":"https:\/\/www.transcend.org\/tms\/wp-json\/wp\/v2\/categories?post=36713"},{"taxonomy":"post_tag","embeddable":true,"href":"https:\/\/www.transcend.org\/tms\/wp-json\/wp\/v2\/tags?post=36713"}],"curies":[{"name":"wp","href":"https:\/\/api.w.org\/{rel}","templated":true}]}}