{"id":38920,"date":"2014-01-27T12:00:25","date_gmt":"2014-01-27T12:00:25","guid":{"rendered":"http:\/\/www.transcend.org\/tms\/?p=38920"},"modified":"2015-05-05T22:20:03","modified_gmt":"2015-05-05T21:20:03","slug":"espanol-coordinadores-de-la-celac-proclaman-a-america-latina-como-zona-de-paz","status":"publish","type":"post","link":"https:\/\/www.transcend.org\/tms\/2014\/01\/espanol-coordinadores-de-la-celac-proclaman-a-america-latina-como-zona-de-paz\/","title":{"rendered":"(Castellano) Coordinadores de la Celac proclaman a Am\u00e9rica Latina como zona de paz"},"content":{"rendered":"<div id=\"attachment_38922\" style=\"width: 310px\" class=\"wp-caption aligncenter\"><a href=\"http:\/\/www.transcend.org\/tms\/wp-content\/uploads\/2014\/01\/celac_2014.jpg\" ><img loading=\"lazy\" decoding=\"async\" aria-describedby=\"caption-attachment-38922\" class=\"size-medium wp-image-38922\" alt=\"La decisi\u00f3n fue tomada conjuntamente por los coordinadores nacionales de la Celac. (Foto: Cuba Debate)\" src=\"http:\/\/www.transcend.org\/tms\/wp-content\/uploads\/2014\/01\/celac_2014-300x199.jpg\" width=\"300\" height=\"199\" srcset=\"https:\/\/www.transcend.org\/tms\/wp-content\/uploads\/2014\/01\/celac_2014-300x199.jpg 300w, https:\/\/www.transcend.org\/tms\/wp-content\/uploads\/2014\/01\/celac_2014.jpg 400w\" sizes=\"auto, (max-width: 300px) 100vw, 300px\" \/><\/a><p id=\"caption-attachment-38922\" class=\"wp-caption-text\">La decisi\u00f3n fue tomada conjuntamente por los coordinadores nacionales de la Celac. (Foto: Cuba Debate)<\/p><\/div>\n<p><i>El documento \u201cdeja claro que la Am\u00e9rica Latina como zona de paz respetar\u00e1 los principios y normas del derecho intrernacional, se compromete a la soluci\u00f3n pac\u00edfica de controversias, a fin de desterrar para siempre la amenaza y el uso de la fuerza en nuestra regi\u00f3n\u201d, explic\u00f3 el vicecanciller de Cuba.<\/i><\/p>\n<p>Durante la VIII Reuni\u00f3n de Coordinadores de la Comunidad de Estados Latinoamericanos y Caribe\u00f1os (Celac) se aprob\u00f3 proclamar a la regi\u00f3n de Am\u00e9rica Latina y el Caribe como una zona de paz.<\/p>\n<p>La informaci\u00f3n fue dada a conocer por el vicecanciller de Cuba, Abelardo Moreno, este s\u00e1bado [25 enero 2014].<\/p>\n<p>El funcionario explic\u00f3 que el documento aprobado en conjunto ser\u00e1 remitido al encuentro de cancilleres de la Celac, que se llevar\u00e1 a cabo este lunes en la ciudad de La Habana, capital de Cuba y sede del evento.<\/p>\n<p>Este tr\u00e1mite, que ser\u00e1 presentado ante los presidentes y jefes de Gobiernos asistentes, definir\u00e1 su aceptaci\u00f3n definitiva.<\/p>\n<p>En torno a esta decisi\u00f3n, Moreno sostuvo que \u201cconstituye un hito de esta Cumbre\u201d.<\/p>\n<p>En ese sentido, explic\u00f3 que el documento \u201cdeja claro que la Am\u00e9rica Latina como zona de paz respetar\u00e1 los principios y normas del derecho intrernacional, se compromete a la soluci\u00f3n pac\u00edfica de controversias, a fin de desterrar para siempre la amenaza y el uso de la fuerza en nuestra regi\u00f3n\u201d.<\/p>\n<p>De igual forma, indic\u00f3 que \u201cse comprometen los pa\u00edses de la regi\u00f3n a cumplir estrictamente su obligaci\u00f3n de no intervenir directa o indirectamente en los asuntos internos de cualquier Estado, y en observar la soberan\u00eda de las naciones latinoamericanas y caribe\u00f1as, la igualdad de derechos y la autodetermianci\u00f3n\u201d.<\/p>\n<p>As\u00ed como &#8220;se compromete a fomentar relaciones de amistad y cooperaci\u00f3n entre s\u00ed y con otras naciones\u201d, agreg\u00f3.<\/p>\n<p>De igual forma, constituye un compromiso oara \u201crespetar plenamente el derecho de todo Estado de nuestra regi\u00f3n a elegir su propio sistema pol\u00edtico, econ\u00f3mico, social y cultural, como una condici\u00f3n esencial para garantizar la convivencia pac\u00edfica entra las naciones\u201d.<\/p>\n<p>El funcionario tambi\u00e9n detall\u00f3 que el documento fija \u201cseguir luchando y trabajando en pro del desarme nuclear, como una contribuci\u00f3n al desarme general y completo\u201d.<\/p>\n<p><i>teleSUR-Radio del Sur-AVN-Cuba Debate-BM <\/i><\/p>\n<p><a target=\"_blank\" href=\"http:\/\/www.telesurtv.net\/articulos\/2014\/01\/25\/coordinadores-de-la-celac-proclaman-a-america-latina-como-zona-de-paz-258.html\" >Go to Original \u2013 telesurtv.net<\/a><\/p>\n","protected":false},"excerpt":{"rendered":"<p>El documento \u201cdeja claro que la Am\u00e9rica Latina como zona de paz respetar\u00e1 los principios y normas del derecho intrernacional, se compromete a la soluci\u00f3n pac\u00edfica de controversias, a fin de desterrar para siempre la amenaza y el uso de la fuerza en nuestra regi\u00f3n\u201d, explic\u00f3 el vicecanciller de Cuba.<\/p>\n","protected":false},"author":4,"featured_media":0,"comment_status":"open","ping_status":"open","sticky":false,"template":"","format":"standard","meta":{"footnotes":""},"categories":[46],"tags":[],"class_list":["post-38920","post","type-post","status-publish","format-standard","hentry","category-original-languages"],"_links":{"self":[{"href":"https:\/\/www.transcend.org\/tms\/wp-json\/wp\/v2\/posts\/38920","targetHints":{"allow":["GET"]}}],"collection":[{"href":"https:\/\/www.transcend.org\/tms\/wp-json\/wp\/v2\/posts"}],"about":[{"href":"https:\/\/www.transcend.org\/tms\/wp-json\/wp\/v2\/types\/post"}],"author":[{"embeddable":true,"href":"https:\/\/www.transcend.org\/tms\/wp-json\/wp\/v2\/users\/4"}],"replies":[{"embeddable":true,"href":"https:\/\/www.transcend.org\/tms\/wp-json\/wp\/v2\/comments?post=38920"}],"version-history":[{"count":0,"href":"https:\/\/www.transcend.org\/tms\/wp-json\/wp\/v2\/posts\/38920\/revisions"}],"wp:attachment":[{"href":"https:\/\/www.transcend.org\/tms\/wp-json\/wp\/v2\/media?parent=38920"}],"wp:term":[{"taxonomy":"category","embeddable":true,"href":"https:\/\/www.transcend.org\/tms\/wp-json\/wp\/v2\/categories?post=38920"},{"taxonomy":"post_tag","embeddable":true,"href":"https:\/\/www.transcend.org\/tms\/wp-json\/wp\/v2\/tags?post=38920"}],"curies":[{"name":"wp","href":"https:\/\/api.w.org\/{rel}","templated":true}]}}