{"id":42350,"date":"2014-05-05T12:00:22","date_gmt":"2014-05-05T11:00:22","guid":{"rendered":"https:\/\/www.transcend.org\/tms\/?p=42350"},"modified":"2015-05-05T21:35:02","modified_gmt":"2015-05-05T20:35:02","slug":"francais-enfin-des-bonnes-nouvelles-dhaiti","status":"publish","type":"post","link":"https:\/\/www.transcend.org\/tms\/2014\/05\/francais-enfin-des-bonnes-nouvelles-dhaiti\/","title":{"rendered":"(Fran\u00e7ais) Enfin des bonnes nouvelles d\u2019Ha\u00efti ?"},"content":{"rendered":"<p style=\"text-align: left;\"><em>La m\u00e9connaissance et le m\u00e9pris que Martelly et l\u2019UE affichent de concert envers les analyses et les revendications des mouvements sociaux et d\u2019organisations ha\u00eftiens repr\u00e9sentent l\u2019envers d\u2019une confiance sans borne au march\u00e9.<\/em><\/p>\n<p style=\"text-align: left;\">Le mercredi 25 f\u00e9vrier 2014, le pr\u00e9sident ha\u00eftien, Michel Martelly cl\u00f4turait sa visite europ\u00e9enne en Belgique\u00a0; l\u2019occasion pour lui de recevoir le titre d\u2019\u00ab\u00a0H\u00f4te d\u2019honneur de la province de Namur\u00a0\u00bb et de rencontrer le pr\u00e9sident du Conseil de l\u2019Union europ\u00e9enne, Herman Van Rompuy. Aux m\u00e9dias et aux hommes politiques avec qui Martelly s\u2019est entretenu, le message \u00e9tait le m\u00eame\u00a0: quatre ans apr\u00e8s le s\u00e9isme qui a ravag\u00e9 Ha\u00efti, \u00ab\u00a0<em>\u00a0le pays se redresse progressivement, se remet debout<\/em>\u00a0\u00bb. En t\u00e9moigneraient la r\u00e9duction de l\u2019inflation et l\u2019augmentation de la croissance, le renforcement des institutions (certes encore fragiles), les 1,4 million d\u2019enfants qui vont \u00e0 l\u2019\u00e9cole gr\u00e2ce au Programme de scolarisation universel gratuit et obligatoire (PSUGO), et le nombre de personnes vivant dans les camps, qui serait pass\u00e9 de 1,5 million \u00e0 147.000 aujourd\u2019hui. De son c\u00f4t\u00e9, l\u2019Union europ\u00e9enne (UE) n\u2019\u00e9tait pas en reste, f\u00e9licitant \u00ab\u00a0<em>le gouvernement<\/em> [ha\u00eftien] <em>et son Pr\u00e9sident pour avoir r\u00e9ussi \u00e0 surmonter avec l\u2019aide de l\u2019Union europ\u00e9enne et de la communaut\u00e9 internationale, les urgences humanitaires les plus pressantes<\/em>\u00a0\u00bb.<\/p>\n<p style=\"text-align: left;\">Le souci compr\u00e9hensible d\u2019arracher Ha\u00efti \u00e0 son image mis\u00e9rabiliste, de valoriser l\u2019aide europ\u00e9enne, et de donner \u2013 enfin\u00a0! \u2013 des bonnes nouvelles de ce petit pays des Cara\u00efbes doit-il tout justifier \u2013 y compris la m\u00e9connaissance ou la falsification de la r\u00e9alit\u00e9 quotidienne des Ha\u00eftiens\u00a0? Les avanc\u00e9es mises en avant sont ainsi probl\u00e9matiques. Le nombre de personnes vivant sous les tentes\u00a0? Il a certes consid\u00e9rablement diminu\u00e9. Mais les conditions de vie dans les camps se sont d\u00e9grad\u00e9es, suite au d\u00e9part de la plupart des ONG internationales, et la tr\u00e8s grande majorit\u00e9 des personnes qui en sont sorties n\u2019ont pas trouv\u00e9 de logement d\u00e9cent et sont all\u00e9es gonfler les bidonvilles de la capitale. Le programme de scolarisation universel gratuit\u00a0? Son financement est opaque, son fonctionnement entach\u00e9 de fraudes, et ses r\u00e9sultats sujets \u00e0 caution. De mani\u00e8re g\u00e9n\u00e9rale, une r\u00e9cente \u00e9tude d\u2019impacts socio-\u00e9conomiques, men\u00e9e par des institutions ha\u00eftiennes et fran\u00e7aises avec l\u2019appui de la Banque mondiale, affirmait que le peuple ha\u00eftien \u00e9tait encore plus vuln\u00e9rable \u00e0 d\u2019autres chocs et qu\u2019on \u00e9tait donc encore loin de la \u00ab\u00a0reconstruction durable\u00a0\u00bb promise\u00a0[<a target=\"_blank\" href=\"http:\/\/www.cetri.be\/spip.php?article3398&amp;lang=fr#nb1\" >1<\/a>] . On est encore plus loin de l\u2019autosatisfaction des pr\u00e9sidents d\u2019Ha\u00efti et du Conseil europ\u00e9en\u2026<\/p>\n<p style=\"text-align: left;\">Mais les d\u00e9clarations de Martelly et de Van Rompuy sont \u00e9galement r\u00e9v\u00e9latrices par ce qu\u2019elles taisent. Pas un mot en effet sur la situation des Droits humains, alors que celle-ci est tr\u00e8s pr\u00e9occupante et que les organisations ha\u00eftiennes tirent la sonnette d\u2019alarme. Ainsi, \u00e0 l\u2019occasion de la visite de Martelly en France, des organismes de droits humains internationaux et ha\u00eftiens ont adress\u00e9 une lettre au pr\u00e9sident fran\u00e7ais, Fran\u00e7ois Hollande, le mercredi 19 f\u00e9vrier 2014. Dans ce document, intitul\u00e9 \u00ab\u00a0La reconstruction d\u2019Ha\u00efti doit \u00eatre bas\u00e9e sur la d\u00e9mocratie et les droits humains\u00a0\u00bb, les signataires soulignaient \u00ab\u00a0<em>un contexte inqui\u00e9tant, d\u2019accroissement d\u2019actes de violence et d\u2019intimidation \u00e0 l\u2019encontre de militants de la soci\u00e9t\u00e9 civile qui appellent \u00e0 la protection des droits humains en Ha\u00efti<\/em>\u00a0\u00bb\u00a0[<a target=\"_blank\" href=\"http:\/\/www.cetri.be\/spip.php?article3398&amp;lang=fr#nb2\" >2<\/a>] . Or, il semble que ce contexte se soit encore aggrav\u00e9 avec le double assassinat, le 8 f\u00e9vrier 2014, en plein jour et dans le centre de la capitale, du coordonnateur de la Plate-forme des organisations ha\u00eftiennes des droits humains (POHDH) et de son \u00e9pouse. Aupr\u00e8s de la presse belge et sans que les journalistes se prennent la peine de v\u00e9rifier, le pr\u00e9sident ha\u00eftien s\u2019est vant\u00e9 que Ha\u00efti avait \u00e9t\u00e9 class\u00e9 49\u00e8me, juste derri\u00e8re les \u00c9tats-Unis, dans le classement mondial 2013 de la libert\u00e9 de la presse. En r\u00e9alit\u00e9, Ha\u00efti se trouve plac\u00e9 derri\u00e8re Samoa (les \u00c9tats-Unis sont 32\u00e8me et la Belgique 21\u00e8me) et le pr\u00e9sident omet le commentaire du rapport \u00e0 son \u00e9gard\u00a0: \u00ab\u00a0<em>\u00a0la situation reste dans l\u2019ensemble inchang\u00e9e malgr\u00e9 l\u2019attitude, parfois agressive, du pr\u00e9sident Michel Martelly, dont s\u2019estiment victimes certains journalistes<\/em>\u00a0\u00bb\u00a0[<a target=\"_blank\" href=\"http:\/\/www.cetri.be\/spip.php?article3398&amp;lang=fr#nb3\" >3<\/a>] . Enfin, rien non plus lors de la rencontre entre Martelly et de Van Rompuy, sur l\u2019\u00e9pid\u00e9mie de chol\u00e9ra, introduite involontairement par les troupes de l\u2019ONU, sans que celle-ci reconnaisse sa responsabilit\u00e9, sans que l\u2019\u00c9tat ha\u00eftien lui demande des comptes et sans que l\u2019UE n\u2019intervienne.<\/p>\n<p style=\"text-align: left;\"><strong>Une strat\u00e9gie commune<\/strong><\/p>\n<p style=\"text-align: left;\">Si le Martelly et l\u2019UE s\u2019accordent largement sur ce bilan positif, c\u2019est surtout qu\u2019ils partagent une m\u00eame vision du d\u00e9veloppement. Le slogan du pr\u00e9sident ha\u00eftien, \u00ab\u00a0Ha\u00efti ouverte aux affaires\u00a0\u00bb, est soutenu et financ\u00e9 par l\u2019UE. La strat\u00e9gie est de faire du march\u00e9 le levier principal, sinon unique, du d\u00e9veloppement. Le parc industriel de Caracol, inaugur\u00e9 en grandes pompes, le 22 octobre 2012, en constitue le projet phare. Financ\u00e9 dans le cadre de la Reconstruction, il abrite la multinationale sud-cor\u00e9enne de textiles Sae-A. L\u2019objectif est de cr\u00e9er 65.000 emplois \u00e0 terme. Qu\u2019importe qu\u2019\u00e0 ce jour, moins de 2.000 emplois de mauvaise qualit\u00e9 et mal pay\u00e9s aient \u00e9t\u00e9 cr\u00e9\u00e9s, que les droits syndicaux ne soient pas respect\u00e9s, que le projet se fasse au d\u00e9triment du potentiel agricole du pays et s\u2019inscrive \u00e0 la suite d\u2019autres tentatives ayant \u00e9chou\u00e9es&#8230; les r\u00eaves n\u00e9olib\u00e9raux sont t\u00eatus\u00a0[<a target=\"_blank\" href=\"http:\/\/www.cetri.be\/spip.php?article3398&amp;lang=fr#nb4\" >4<\/a>] .<\/p>\n<p style=\"text-align: left;\">Cette politique commune explique que le regard de l\u2019UE et du gouvernement ha\u00eftien soit fix\u00e9 sur la croissance et les indicateurs macro-\u00e9conomiques au d\u00e9triment de la situation des droits humains et sociaux. De m\u00eame, \u00ab\u00a0<em>\u00a0la consolidation des structures d\u00e9mocratiques et \u00e9tatiques<\/em>\u00a0\u00bb, \u00e9voqu\u00e9e par Van Rompuy, se r\u00e9duit \u00e0 assurer les prochaines \u00e9lections et un cadre l\u00e9gal suffisamment stable pour pouvoir continuer \u00e0 faire des affaires. Le renforcement des institutions ne passent donc pas par un d\u00e9veloppement de politiques publiques et sociales, alors m\u00eame que les d\u00e9penses publiques dans l\u2019\u00c9ducation et la Sant\u00e9 \u00e0 Ha\u00efti \u00e9taient inf\u00e9rieures aux moyennes r\u00e9gionales et que les d\u00e9penses en Sant\u00e9, contrairement \u00e0 la tendance g\u00e9n\u00e9rale dans la r\u00e9gion, avaient m\u00eame baiss\u00e9es depuis 1997. Et le FMI de remarquer ing\u00e9nument que \u00ab\u00a0<em>cependant, une grande part des soins de sant\u00e9 est assur\u00e9es par les donateurs internationaux et les ONG, principalement depuis le tremblement de terre<\/em>\u00a0\u00bb\u00a0[<a target=\"_blank\" href=\"http:\/\/www.cetri.be\/spip.php?article3398&amp;lang=fr#nb5\" >5<\/a>] . La m\u00e9connaissance et le m\u00e9pris que Martelly et l\u2019UE affichent de concert envers les analyses et revendications des mouvements sociaux, ONG et organisations ha\u00eftiens repr\u00e9sentent l\u2019envers d\u2019une confiance sans borne au march\u00e9, sens\u00e9 d\u00e9gager le pays du double \u00ab\u00a0assistentialisme\u00a0\u00bb de L\u2019\u00c9tat et de l\u2019aide internationale.<\/p>\n<p style=\"text-align: left;\"><strong>Van Rompuy attendu \u00e0 Ha\u00efti<\/strong><\/p>\n<p style=\"text-align: left;\">Au terme de sa rencontre, Van Rompuy a confirm\u00e9 l\u2019engagement de l\u2019UE aux c\u00f4t\u00e9s du gouvernement ha\u00eftien, annon\u00e7ant par ailleurs son souhait de visiter Ha\u00efti en juillet prochain. Martelly, enthousiaste, lui a dit qu\u2019il \u00e9tait attendu. Il le sera \u00e9galement par la soci\u00e9t\u00e9 civile ha\u00eftienne et ses relais en Europe, notamment la plate-forme europ\u00e9enne, Coordination Europe-Ha\u00efti. Des comptes lui seront alors s\u00fbrement demand\u00e9s sur l\u2019aide europ\u00e9enne \u2013 son manque de transparence et de coh\u00e9rence par rapport aux politiques \u00e9conomiques, autrement plus puissantes, impos\u00e9es par l\u2019UE \u2013, et sur cette privatisation de la Reconstruction, qui cherche sa l\u00e9gitimit\u00e9 au sein du march\u00e9 plut\u00f4t qu\u2019aupr\u00e8s des Ha\u00eftiens et Ha\u00eftiennes.<\/p>\n<p style=\"text-align: left;\"><strong>NOTES:<\/strong><\/p>\n<p style=\"text-align: left;\">[<a target=\"_blank\" href=\"http:\/\/www.cetri.be\/spip.php?article3398&amp;lang=fr#nh1\" >1<\/a>]\u00a0Camille Saint-Macary (IRD-DIAL), Constance Torelli (INSEE), Impacts socio-\u00e9conomiques du s\u00e9isme, <a target=\"_blank\" href=\"http:\/\/www.desastres-naturels.fr\/sites\/default\/files\/impacts_socio-eco_14_janvier_2014.pdf\" >http:\/\/www.desastres-naturels.fr\/sites\/default\/files\/impacts_socio-eco_14_janvier_2014.pdf<\/a>.<\/p>\n<p style=\"text-align: left;\">[<a target=\"_blank\" href=\"http:\/\/www.cetri.be\/spip.php?article3398&amp;lang=fr#nh2\" >2<\/a>]\u00a0FIDH &#8211; F\u00e9d\u00e9ration internationale des ligues des droits de l\u2019Homme, RNDDH &#8211; R\u00e9seau national de d\u00e9fense des droits de l\u2019Homme, CEDH &#8211; Centre \u0153cum\u00e9nique des droits humains, LDH &#8211; Ligue des droits de l\u2019Homme, \u00ab\u00a0La reconstruction d\u2019Ha\u00efti doit \u00eatre bas\u00e9e sur la d\u00e9mocratie et les droits humains\u00a0\u00bb, mercredi 19 f\u00e9vrier, <a target=\"_blank\" href=\"http:\/\/www.alterpresse.org\/spip.php?article16021#.UxRHOfl5NX5\" >http:\/\/www.alterpresse.org\/spip.php?article16021#.UxRHOfl5NX5<\/a>.<\/p>\n<p style=\"text-align: left;\">[<a target=\"_blank\" href=\"http:\/\/www.cetri.be\/spip.php?article3398&amp;lang=fr#nh3\" >3<\/a>]\u00a0Reporters sans fronti\u00e8res, Classement mondial 2013 de la libert\u00e9 de la presse, page 10, <a target=\"_blank\" href=\"http:\/\/fr.rsf.org\/IMG\/pdf\/classement_2013_fr_bd.pdf\" >http:\/\/fr.rsf.org\/IMG\/pdf\/classement_2013_fr_bd.pdf<\/a>.<\/p>\n<p style=\"text-align: left;\">[<a target=\"_blank\" href=\"http:\/\/www.cetri.be\/spip.php?article3398&amp;lang=fr#nh4\" >4<\/a>]\u00a0Au sujet du parc Caracol, lire Ha\u00efti briefing, n\u00b075, d\u00e9cembre 2013, <a target=\"_blank\" href=\"http:\/\/www.haitisupportgroup.org\/images\/HaitiBriefings\/haiti_75_french_web.pdf\" >http:\/\/www.haitisupportgroup.org\/images\/HaitiBriefings\/haiti_75_french_web.pdf<\/a>, ainsi que Concertation pour Ha\u00efti (CPH), Ha\u00efti 2013. Analyse et perspective de l\u2019aide, d\u00e9cembre 2013, <a target=\"_blank\" href=\"http:\/\/www.aqoci.qc.ca\/IMG\/pdf\/haiti_2013_analyse_et_perspectives_de_l_aide__recherche_cph.pdf\" >http:\/\/www.aqoci.qc.ca\/IMG\/pdf\/haiti_2013_analyse_et_perspectives_de_l_aide__recherche_cph.pdf<\/a>.<\/p>\n<p style=\"text-align: left;\">[<a target=\"_blank\" href=\"http:\/\/www.cetri.be\/spip.php?article3398&amp;lang=fr#nh5\" >5<\/a>]\u00a0Fonds mon\u00e9taire international, Rapport Ha\u00efti n\u00b013\/91, 21 f\u00e9vrier 2013, <a target=\"_blank\" href=\"http:\/\/www.imf.org\/external\/pubs\/ft\/scr\/2013\/cr1391.pdf\" >http:\/\/www.imf.org\/external\/pubs\/ft\/scr\/2013\/cr1391.pdf<\/a>.<\/p>\n<p style=\"text-align: left;\">_____________________________<\/p>\n<p style=\"text-align: left;\"><em>Fr\u00e9d\u00e9ric Thomas<\/em><em> est docteur en science politique, charg\u00e9 d\u2019\u00e9tude au Centre tricontinental\u2013CETRI.<\/em><\/p>\n<p style=\"text-align: left;\"><a target=\"_blank\" href=\"http:\/\/www.cetri.be\/spip.php?article3398&amp;lang=fr\" >Go to Original \u2013 cetri.be<\/a><\/p>\n","protected":false},"excerpt":{"rendered":"<p>La m\u00e9connaissance et le m\u00e9pris que Martelly et l\u2019UE affichent de concert envers les analyses et les revendications des mouvements sociaux et d\u2019organisations ha\u00eftiens repr\u00e9sentent l\u2019envers d\u2019une confiance sans borne au march\u00e9.<\/p>\n","protected":false},"author":4,"featured_media":0,"comment_status":"open","ping_status":"open","sticky":false,"template":"","format":"standard","meta":{"footnotes":""},"categories":[46],"tags":[],"class_list":["post-42350","post","type-post","status-publish","format-standard","hentry","category-original-languages"],"_links":{"self":[{"href":"https:\/\/www.transcend.org\/tms\/wp-json\/wp\/v2\/posts\/42350","targetHints":{"allow":["GET"]}}],"collection":[{"href":"https:\/\/www.transcend.org\/tms\/wp-json\/wp\/v2\/posts"}],"about":[{"href":"https:\/\/www.transcend.org\/tms\/wp-json\/wp\/v2\/types\/post"}],"author":[{"embeddable":true,"href":"https:\/\/www.transcend.org\/tms\/wp-json\/wp\/v2\/users\/4"}],"replies":[{"embeddable":true,"href":"https:\/\/www.transcend.org\/tms\/wp-json\/wp\/v2\/comments?post=42350"}],"version-history":[{"count":0,"href":"https:\/\/www.transcend.org\/tms\/wp-json\/wp\/v2\/posts\/42350\/revisions"}],"wp:attachment":[{"href":"https:\/\/www.transcend.org\/tms\/wp-json\/wp\/v2\/media?parent=42350"}],"wp:term":[{"taxonomy":"category","embeddable":true,"href":"https:\/\/www.transcend.org\/tms\/wp-json\/wp\/v2\/categories?post=42350"},{"taxonomy":"post_tag","embeddable":true,"href":"https:\/\/www.transcend.org\/tms\/wp-json\/wp\/v2\/tags?post=42350"}],"curies":[{"name":"wp","href":"https:\/\/api.w.org\/{rel}","templated":true}]}}